{"id":1081,"date":"2017-10-19T10:39:44","date_gmt":"2017-10-19T08:39:44","guid":{"rendered":"http:\/\/www.efcformation.com\/comptamag\/?p=1081"},"modified":"2024-04-08T16:24:23","modified_gmt":"2024-04-08T14:24:23","slug":"interview-valerie-a-suivi-formations-compta-gestion-droit-rh-finance-fiscalite-administration","status":"publish","type":"post","link":"https:\/\/www.efcformation.com\/reussite-efc\/reussite-efc\/interview-valerie-a-suivi-formations-compta-gestion-droit-rh-finance-fiscalite-administration\/","title":{"rendered":"[Interview] Val\u00e9rie a suivi des formations en compta, gestion, droit, RH, finance, fiscalit\u00e9, administration&#8230;"},"content":{"rendered":"<p>Heureusement que nous ne sommes pas un centre de formation de la langue fran\u00e7aise car chez nous, Val\u00e9rie rime avec polyvalie. Tout au long de sa carri\u00e8re, elle se forme sur des domaines vari\u00e9s et complexes afin de pouvoir progresser professionnellement et r\u00e9pondre aux besoins d&rsquo;\u00e9volution de son entreprise.<\/p>\n<p><strong>[EFC] Val\u00e9rie, pouvez-vous vous pr\u00e9senter et pr\u00e9senter votre parcours&nbsp;?<\/strong><\/p>\n<p>[Val\u00e9rie] J\u2019ai suivi un cursus de type BAC G2 (aujourd&rsquo;hui bac STG. NDLR). J\u2019ai fait une capacit\u00e9 de droit en m\u00eame temps que ma 1re et ensuite j\u2019ai pass\u00e9 mon bac.<br \/>\nJ\u2019ai souhait\u00e9 aller travailler durant une ann\u00e9e et la soci\u00e9t\u00e9 de grande distribution qui m\u2019employait m\u2019a pay\u00e9 les \u00e9tudes dans le cadre d\u2019un DPECF (Dipl\u00f4me Pr\u00e9paratoire aux Etudes Comptables et Financi\u00e8res. NDLR) et DECF (Dipl\u00f4me d&rsquo;\u00e9tudes comptables et financi\u00e8res. NDLR).<\/p>\n<p>Apr\u00e8s trois ans, je suis all\u00e9e travailler dans une agence immobili\u00e8re et depuis 2001, je travaille comme responsable comptable et financier dans un cabinet de propri\u00e9t\u00e9 industrielle situ\u00e9e dans la r\u00e9gion Mulhousienne o\u00f9 j\u2019ai suivi quelques formations de type BTS en comptabilit\u00e9 et gestion des organisations, assistante juridique, droit du contentieux, ressources humaines et analyse du bilan. Les derni\u00e8res formations en cours \u00e9tant l\u2019analyste financier, l\u2019analyste fiscal et gestionnaire administratif.<\/p>\n<p><strong>Vous vous formez donc en continu, c&rsquo;est un bon point. Mais pourquoi avoir suivi trois formations d&rsquo;un coup et pourquoi celles-ci ?<\/strong><\/p>\n<p>En juillet 2016, j\u2019ai \u00e9t\u00e9 inform\u00e9e par la direction que la personne s\u2019occupant de toute la partie administrative allait quitter l\u2019entreprise en avril 2017. Il nous a donc paru int\u00e9ressant de suivre la formation de gestionnaire administratif afin que je puisse assurer le poste de cette personne.<br \/>\nPour la formation d\u2019analyste financier, nous avons mis en place un suivi financier (tableaux de reporting, suivi des marges\u2026) ainsi qu\u2019une \u00e9tude financi\u00e8re dont j\u2019ai pr\u00e9par\u00e9 les matrices afin que cette derni\u00e8re soit plus compl\u00e8te. Cette formation \u00e9tant donc une mise \u00e0 jour des connaissances.<br \/>\nPour la formation analyste fiscaliste, cela est utile, car toute la comptabilit\u00e9 qu\u2019elle soit g\u00e9n\u00e9rale ou autre est g\u00e9r\u00e9e sans faire appel \u00e0 une externalisation. Notre Commissaire aux comptes ne venant qu\u2019une fois l\u2019an, cela permet donc de g\u00e9rer au mieux la partie fiscale dans la mesure o\u00f9 notre dirigeant per\u00e7oit des revenus en France, mais est fiscalement \u00e0 l\u2019\u00e9tranger.<\/p>\n<p><strong>Et donc, vous suivez tout en&nbsp; formation \u00e0 distance avec l\u2019EFC ?<\/strong><\/p>\n<p>Oui, j\u2019avais d\u00e9j\u00e0 \u00e9t\u00e9 \u00e9l\u00e8ve il y a quelques ann\u00e9es et pour \u00eatre franche les cours sont complets et bien faits permettant ainsi une assimilation rapide. Aussi, la formation \u00e0 distance est plus facile car on peut travailler \u00e0 la maison tout en gardant notre emploi. Cela permet d\u2019am\u00e9nager le temps de travail.<\/p>\n<p><strong>Plus facile, plus facile, en effet.. Vous avez plus de 18 de moyenne, quel est votre secret&nbsp;?<\/strong><\/p>\n<p>Malheureusement il n\u2019y en a aucun. Je crois simplement que certaines personnes ont des facult\u00e9s d\u2019assimilation plus rapide que d\u2019autres, ce qui, en soit, est un atout. D\u2019autre part, lorsque ces formations sont dans le cadre de fonctions professionnelles cela rend les choses plus faciles.<\/p>\n<p>En dernier lieu, faisant ces formations \u00e0 la maison, je pense qu\u2019il y a moins de stress et que l\u2019on peut \u00e9tudier en prenant le temps qu\u2019il faut pour r\u00e9diger les devoirs.<\/p>\n<blockquote>\n<h3><em>Ces formations apportent un compl\u00e9ment qui peut s\u2019av\u00e9rer tr\u00e8s utile dans le cadre d\u2019une reconversion ou dans le cadre d\u2019un nouvel emploi.<\/em><\/h3>\n<\/blockquote>\n<p><strong>Avez-vous un planning de travail en particulier&nbsp;\u00e0 partager ?&nbsp;<\/strong><\/p>\n<p>Aucun planning. Pour la petite explication faire un planning cela peut s\u2019av\u00e9rer utile, mais dans le cadre de formation et dans le cas o\u00f9 vous travaillez la journ\u00e9e, si une urgence se pr\u00e9sente dans le cadre de votre travail, le planning ne pourra \u00eatre suivi. Ce qui pour ma part est plus un stress qu\u2019autre chose. Je crois qu\u2019il est pr\u00e9f\u00e9rable de ne pas trop se mettre de pression et faire les cours et les devoirs en fonction des disponibilit\u00e9s de chacun.<\/p>\n<p><b>Du coup, est<\/b><strong>-ce plus long que pr\u00e9vu ?&nbsp;<\/strong><\/p>\n<p>Effectivement, aussi, car j\u2019assure deux postes. Je dispose donc de moins de temps pour assurer ces formations.<\/p>\n<p><strong>Et vous arrivez \u00e0 rester motiv\u00e9e ?&nbsp;<\/strong><\/p>\n<p>Les formations \u00e9tant r\u00e9gl\u00e9es par mon employeur et ce dernier s\u2019attendant \u00e0 des r\u00e9sultats, on ne peut avoir d\u2019autre choix que d\u2019\u00eatre motiv\u00e9e. De plus, ces formations apportent un compl\u00e9ment qui peut s\u2019av\u00e9rer tr\u00e8s utile dans le cadre d\u2019une reconversion ou dans le cadre d\u2019un nouvel emploi. Il vaut donc mieux \u00eatre motiv\u00e9.<\/p>\n<p><strong>Bonne r\u00e9ponse. Et la formation vous apporte ce que vous attendiez ?&nbsp;<\/strong><\/p>\n<p>Oui, je m&rsquo;en sers quotidiennement.&nbsp;Ces formations \u00e9tant dans le cadre de mon emploi, elles m\u2019ont permis de me mettre \u00e0 jour sur certains \u00e9l\u00e9ments et d\u2019avoir un compl\u00e9ment en particulier dans la partie de gestion administrative.<\/p>\n<p><strong>Merci pour votre t\u00e9moignage, un dernier&nbsp;message \u00e0 passer aux \u00e9l\u00e8ves EFC ?<\/strong><\/p>\n<p>Oui, une citation d&rsquo;Abraham Lincoln :<\/p>\n<blockquote><p>Gardez toujours \u00e0 l&rsquo;esprit que votre propre d\u00e9cision de r\u00e9ussir est plus importante que n&rsquo;importe quoi d&rsquo;autre.<\/p><\/blockquote>\n<p><strong>Plus d\u2019informations sur les <a href=\"https:\/\/www.efcformation.com\/secteurs\/gestion\">formations en Gestion<\/a> de l&rsquo;EFC.<\/strong><\/p>\n<p>Vous souhaitez partager votre exp\u00e9rience avec la communaut\u00e9 EFC ?&nbsp;<img loading=\"lazy\" class=\"size-full wp-image-929 alignnone\" src=\"https:\/\/www.efcformation.com\/comptamag\/wp-content\/uploads\/2017\/09\/FB-f-Logo__blue_29.png\" alt=\"\" width=\"29\" height=\"29\"><a href=\"https:\/\/www.facebook.com\/messages\/t\/efcformation\" target=\"_blank\" rel=\"nofollow noopener noreferrer\">Contactez-nous sur Facebook<\/a><\/p>\n","protected":false},"excerpt":{"rendered":"<p>Heureusement que nous ne sommes pas un centre de formation de la langue fran\u00e7aise car chez nous, Val\u00e9rie rime avec polyvalie. Tout au long de sa carri\u00e8re, elle se forme sur des domaines vari\u00e9s et complexes afin de pouvoir progresser professionnellement et r\u00e9pondre aux besoins d&rsquo;\u00e9volution de son entreprise. [EFC] Val\u00e9rie, pouvez-vous vous pr\u00e9senter et [&hellip;]<\/p>\n","protected":false},"author":1,"featured_media":2611,"comment_status":"open","ping_status":"open","sticky":false,"template":"","format":"standard","meta":[],"categories":[25,20],"tags":[],"yoast_head":"<!-- This site is optimized with the Yoast SEO plugin v19.5.1 - https:\/\/yoast.com\/wordpress\/plugins\/seo\/ -->\n<title>[Interview] Val\u00e9rie a suivi des formations en compta, gestion, droit, RH, finance, fiscalit\u00e9, administration... - Reussite EFC Fomation - Le Blog EFC Formation<\/title>\n<meta name=\"description\" content=\"Boostez votre carri\u00e8re avec nos formations en compta, gestion, droit et RH. Formations certifi\u00e9es et adapt\u00e9es \u00e0 vos besoins professionnels. Renseignez-vous d\u00e8s maintenant!\" \/>\n<meta name=\"robots\" content=\"index, follow, max-snippet:-1, max-image-preview:large, max-video-preview:-1\" \/>\n<link rel=\"canonical\" href=\"https:\/\/www.efcformation.com\/reussite-efc\/reussite-efc\/interview-valerie-a-suivi-formations-compta-gestion-droit-rh-finance-fiscalite-administration\/\" \/>\n<meta property=\"og:locale\" content=\"fr_FR\" \/>\n<meta property=\"og:type\" content=\"article\" \/>\n<meta property=\"og:title\" content=\"[Interview] Val\u00e9rie a suivi des formations en compta, gestion, droit, RH, finance, fiscalit\u00e9, administration... - Reussite EFC Fomation - Le Blog EFC Formation\" \/>\n<meta property=\"og:description\" content=\"Boostez votre carri\u00e8re avec nos formations en compta, gestion, droit et RH. Formations certifi\u00e9es et adapt\u00e9es \u00e0 vos besoins professionnels. Renseignez-vous d\u00e8s maintenant!\" \/>\n<meta property=\"og:url\" content=\"https:\/\/www.efcformation.com\/reussite-efc\/reussite-efc\/interview-valerie-a-suivi-formations-compta-gestion-droit-rh-finance-fiscalite-administration\/\" \/>\n<meta property=\"og:site_name\" content=\"Reussite EFC Fomation - Le Blog EFC Formation\" \/>\n<meta property=\"article:published_time\" content=\"2017-10-19T08:39:44+00:00\" \/>\n<meta property=\"article:modified_time\" content=\"2024-04-08T14:24:23+00:00\" \/>\n<meta property=\"og:image\" content=\"https:\/\/www.efcformation.com\/reussite-efc\/wp-content\/uploads\/2017\/10\/avis-eleves-interviews-valerie.jpg\" \/>\n\t<meta property=\"og:image:width\" content=\"1200\" \/>\n\t<meta property=\"og:image:height\" content=\"630\" \/>\n\t<meta property=\"og:image:type\" content=\"image\/jpeg\" \/>\n<meta name=\"author\" content=\"EFCformation\" \/>\n<meta name=\"twitter:card\" content=\"summary\" \/>\n<meta name=\"twitter:label1\" content=\"\u00c9crit par\" \/>\n\t<meta name=\"twitter:data1\" content=\"EFCformation\" \/>\n\t<meta name=\"twitter:label2\" content=\"Dur\u00e9e de lecture estim\u00e9e\" \/>\n\t<meta name=\"twitter:data2\" content=\"5 minutes\" \/>\n<script type=\"application\/ld+json\" class=\"yoast-schema-graph\">{\"@context\":\"https:\/\/schema.org\",\"@graph\":[{\"@type\":\"WebPage\",\"@id\":\"https:\/\/www.efcformation.com\/reussite-efc\/reussite-efc\/interview-valerie-a-suivi-formations-compta-gestion-droit-rh-finance-fiscalite-administration\/\",\"url\":\"https:\/\/www.efcformation.com\/reussite-efc\/reussite-efc\/interview-valerie-a-suivi-formations-compta-gestion-droit-rh-finance-fiscalite-administration\/\",\"name\":\"[Interview] Val\u00e9rie a suivi des formations en compta, gestion, droit, RH, finance, fiscalit\u00e9, administration... - Reussite EFC Fomation - Le Blog EFC Formation\",\"isPartOf\":{\"@id\":\"https:\/\/www.efcformation.com\/reussite-efc\/#website\"},\"datePublished\":\"2017-10-19T08:39:44+00:00\",\"dateModified\":\"2024-04-08T14:24:23+00:00\",\"author\":{\"@id\":\"https:\/\/www.efcformation.com\/reussite-efc\/#\/schema\/person\/6263903b0179d0334456f7512d9d1430\"},\"description\":\"Boostez votre carri\u00e8re avec nos formations en compta, gestion, droit et RH. Formations certifi\u00e9es et adapt\u00e9es \u00e0 vos besoins professionnels. Renseignez-vous d\u00e8s maintenant!\",\"breadcrumb\":{\"@id\":\"https:\/\/www.efcformation.com\/reussite-efc\/reussite-efc\/interview-valerie-a-suivi-formations-compta-gestion-droit-rh-finance-fiscalite-administration\/#breadcrumb\"},\"inLanguage\":\"fr-FR\",\"potentialAction\":[{\"@type\":\"ReadAction\",\"target\":[\"https:\/\/www.efcformation.com\/reussite-efc\/reussite-efc\/interview-valerie-a-suivi-formations-compta-gestion-droit-rh-finance-fiscalite-administration\/\"]}]},{\"@type\":\"BreadcrumbList\",\"@id\":\"https:\/\/www.efcformation.com\/reussite-efc\/reussite-efc\/interview-valerie-a-suivi-formations-compta-gestion-droit-rh-finance-fiscalite-administration\/#breadcrumb\",\"itemListElement\":[{\"@type\":\"ListItem\",\"position\":1,\"name\":\"Accueil\",\"item\":\"https:\/\/www.efcformation.com\/reussite-efc\/\"},{\"@type\":\"ListItem\",\"position\":2,\"name\":\"[Interview] Val\u00e9rie a suivi des formations en compta, gestion, droit, RH, finance, fiscalit\u00e9, administration&#8230;\"}]},{\"@type\":\"WebSite\",\"@id\":\"https:\/\/www.efcformation.com\/reussite-efc\/#website\",\"url\":\"https:\/\/www.efcformation.com\/reussite-efc\/\",\"name\":\"Reussite EFC Fomation - Le Blog EFC Formation\",\"description\":\"\",\"potentialAction\":[{\"@type\":\"SearchAction\",\"target\":{\"@type\":\"EntryPoint\",\"urlTemplate\":\"https:\/\/www.efcformation.com\/reussite-efc\/?s={search_term_string}\"},\"query-input\":\"required name=search_term_string\"}],\"inLanguage\":\"fr-FR\"},{\"@type\":\"Person\",\"@id\":\"https:\/\/www.efcformation.com\/reussite-efc\/#\/schema\/person\/6263903b0179d0334456f7512d9d1430\",\"name\":\"EFCformation\",\"image\":{\"@type\":\"ImageObject\",\"inLanguage\":\"fr-FR\",\"@id\":\"https:\/\/www.efcformation.com\/reussite-efc\/#\/schema\/person\/image\/\",\"url\":\"https:\/\/secure.gravatar.com\/avatar\/98b00a1c17dce21016b9ccce376ec821?s=96&d=mm&r=g\",\"contentUrl\":\"https:\/\/secure.gravatar.com\/avatar\/98b00a1c17dce21016b9ccce376ec821?s=96&d=mm&r=g\",\"caption\":\"EFCformation\"},\"url\":\"https:\/\/www.efcformation.com\/reussite-efc\/author\/paindesjacobins\/\"}]}<\/script>\n<!-- \/ Yoast SEO plugin. -->","yoast_head_json":{"title":"[Interview] Val\u00e9rie a suivi des formations en compta, gestion, droit, RH, finance, fiscalit\u00e9, administration... - Reussite EFC Fomation - Le Blog EFC Formation","description":"Boostez votre carri\u00e8re avec nos formations en compta, gestion, droit et RH. Formations certifi\u00e9es et adapt\u00e9es \u00e0 vos besoins professionnels. Renseignez-vous d\u00e8s maintenant!","robots":{"index":"index","follow":"follow","max-snippet":"max-snippet:-1","max-image-preview":"max-image-preview:large","max-video-preview":"max-video-preview:-1"},"canonical":"https:\/\/www.efcformation.com\/reussite-efc\/reussite-efc\/interview-valerie-a-suivi-formations-compta-gestion-droit-rh-finance-fiscalite-administration\/","og_locale":"fr_FR","og_type":"article","og_title":"[Interview] Val\u00e9rie a suivi des formations en compta, gestion, droit, RH, finance, fiscalit\u00e9, administration... - Reussite EFC Fomation - Le Blog EFC Formation","og_description":"Boostez votre carri\u00e8re avec nos formations en compta, gestion, droit et RH. Formations certifi\u00e9es et adapt\u00e9es \u00e0 vos besoins professionnels. Renseignez-vous d\u00e8s maintenant!","og_url":"https:\/\/www.efcformation.com\/reussite-efc\/reussite-efc\/interview-valerie-a-suivi-formations-compta-gestion-droit-rh-finance-fiscalite-administration\/","og_site_name":"Reussite EFC Fomation - Le Blog EFC Formation","article_published_time":"2017-10-19T08:39:44+00:00","article_modified_time":"2024-04-08T14:24:23+00:00","og_image":[{"width":1200,"height":630,"url":"https:\/\/www.efcformation.com\/reussite-efc\/wp-content\/uploads\/2017\/10\/avis-eleves-interviews-valerie.jpg","type":"image\/jpeg"}],"author":"EFCformation","twitter_card":"summary","twitter_misc":{"\u00c9crit par":"EFCformation","Dur\u00e9e de lecture estim\u00e9e":"5 minutes"},"schema":{"@context":"https:\/\/schema.org","@graph":[{"@type":"WebPage","@id":"https:\/\/www.efcformation.com\/reussite-efc\/reussite-efc\/interview-valerie-a-suivi-formations-compta-gestion-droit-rh-finance-fiscalite-administration\/","url":"https:\/\/www.efcformation.com\/reussite-efc\/reussite-efc\/interview-valerie-a-suivi-formations-compta-gestion-droit-rh-finance-fiscalite-administration\/","name":"[Interview] Val\u00e9rie a suivi des formations en compta, gestion, droit, RH, finance, fiscalit\u00e9, administration... - Reussite EFC Fomation - Le Blog EFC Formation","isPartOf":{"@id":"https:\/\/www.efcformation.com\/reussite-efc\/#website"},"datePublished":"2017-10-19T08:39:44+00:00","dateModified":"2024-04-08T14:24:23+00:00","author":{"@id":"https:\/\/www.efcformation.com\/reussite-efc\/#\/schema\/person\/6263903b0179d0334456f7512d9d1430"},"description":"Boostez votre carri\u00e8re avec nos formations en compta, gestion, droit et RH. Formations certifi\u00e9es et adapt\u00e9es \u00e0 vos besoins professionnels. Renseignez-vous d\u00e8s maintenant!","breadcrumb":{"@id":"https:\/\/www.efcformation.com\/reussite-efc\/reussite-efc\/interview-valerie-a-suivi-formations-compta-gestion-droit-rh-finance-fiscalite-administration\/#breadcrumb"},"inLanguage":"fr-FR","potentialAction":[{"@type":"ReadAction","target":["https:\/\/www.efcformation.com\/reussite-efc\/reussite-efc\/interview-valerie-a-suivi-formations-compta-gestion-droit-rh-finance-fiscalite-administration\/"]}]},{"@type":"BreadcrumbList","@id":"https:\/\/www.efcformation.com\/reussite-efc\/reussite-efc\/interview-valerie-a-suivi-formations-compta-gestion-droit-rh-finance-fiscalite-administration\/#breadcrumb","itemListElement":[{"@type":"ListItem","position":1,"name":"Accueil","item":"https:\/\/www.efcformation.com\/reussite-efc\/"},{"@type":"ListItem","position":2,"name":"[Interview] Val\u00e9rie a suivi des formations en compta, gestion, droit, RH, finance, fiscalit\u00e9, administration&#8230;"}]},{"@type":"WebSite","@id":"https:\/\/www.efcformation.com\/reussite-efc\/#website","url":"https:\/\/www.efcformation.com\/reussite-efc\/","name":"Reussite EFC Fomation - Le Blog EFC Formation","description":"","potentialAction":[{"@type":"SearchAction","target":{"@type":"EntryPoint","urlTemplate":"https:\/\/www.efcformation.com\/reussite-efc\/?s={search_term_string}"},"query-input":"required name=search_term_string"}],"inLanguage":"fr-FR"},{"@type":"Person","@id":"https:\/\/www.efcformation.com\/reussite-efc\/#\/schema\/person\/6263903b0179d0334456f7512d9d1430","name":"EFCformation","image":{"@type":"ImageObject","inLanguage":"fr-FR","@id":"https:\/\/www.efcformation.com\/reussite-efc\/#\/schema\/person\/image\/","url":"https:\/\/secure.gravatar.com\/avatar\/98b00a1c17dce21016b9ccce376ec821?s=96&d=mm&r=g","contentUrl":"https:\/\/secure.gravatar.com\/avatar\/98b00a1c17dce21016b9ccce376ec821?s=96&d=mm&r=g","caption":"EFCformation"},"url":"https:\/\/www.efcformation.com\/reussite-efc\/author\/paindesjacobins\/"}]}},"_links":{"self":[{"href":"https:\/\/www.efcformation.com\/reussite-efc\/wp-json\/wp\/v2\/posts\/1081"}],"collection":[{"href":"https:\/\/www.efcformation.com\/reussite-efc\/wp-json\/wp\/v2\/posts"}],"about":[{"href":"https:\/\/www.efcformation.com\/reussite-efc\/wp-json\/wp\/v2\/types\/post"}],"author":[{"embeddable":true,"href":"https:\/\/www.efcformation.com\/reussite-efc\/wp-json\/wp\/v2\/users\/1"}],"replies":[{"embeddable":true,"href":"https:\/\/www.efcformation.com\/reussite-efc\/wp-json\/wp\/v2\/comments?post=1081"}],"version-history":[{"count":19,"href":"https:\/\/www.efcformation.com\/reussite-efc\/wp-json\/wp\/v2\/posts\/1081\/revisions"}],"predecessor-version":[{"id":4546,"href":"https:\/\/www.efcformation.com\/reussite-efc\/wp-json\/wp\/v2\/posts\/1081\/revisions\/4546"}],"wp:featuredmedia":[{"embeddable":true,"href":"https:\/\/www.efcformation.com\/reussite-efc\/wp-json\/wp\/v2\/media\/2611"}],"wp:attachment":[{"href":"https:\/\/www.efcformation.com\/reussite-efc\/wp-json\/wp\/v2\/media?parent=1081"}],"wp:term":[{"taxonomy":"category","embeddable":true,"href":"https:\/\/www.efcformation.com\/reussite-efc\/wp-json\/wp\/v2\/categories?post=1081"},{"taxonomy":"post_tag","embeddable":true,"href":"https:\/\/www.efcformation.com\/reussite-efc\/wp-json\/wp\/v2\/tags?post=1081"}],"curies":[{"name":"wp","href":"https:\/\/api.w.org\/{rel}","templated":true}]}}