{"id":1850,"date":"2019-02-26T16:38:28","date_gmt":"2019-02-26T15:38:28","guid":{"rendered":"https:\/\/www.efcformation.com\/comptamag\/?p=1850"},"modified":"2024-03-20T16:27:27","modified_gmt":"2024-03-20T15:27:27","slug":"interview-dany-formation-gestionnaire-paie-efc","status":"publish","type":"post","link":"https:\/\/www.efcformation.com\/reussite-efc\/reussite-efc\/interview-dany-formation-gestionnaire-paie-efc\/","title":{"rendered":"[INTERVIEW] Dany, formation gestionnaire de paie"},"content":{"rendered":"<p><span style=\"font-weight: 400;\">Dany nous raconte son exp\u00e9rience de formation \u00e0 distance, notamment le fait qu\u2019il ait d\u00fb arr\u00eater d\u2019\u00e9tudier pendant une longue p\u00e9riode pour des raisons personnelles et professionnelles et qu\u2019il a pr\u00e9vu de reprendre prochainement. Il raconte aussi comment il a profit\u00e9 des EFClive (cours en direct) pour rencontrer des camarades avec qui travailler. Bonne lecture !<\/span><\/p>\n<p><b>[EFC] Pouvez-vous vous pr\u00e9senter\u2009? Quel est votre parcours\u2009?<\/b><\/p>\n<p><span style=\"font-weight: 400;\">[Danny] J\u2019ai pass\u00e9 25 ans dans le transport-logistique et j\u2019ai fini \u00e0 un poste \u00e0 haute responsabilit\u00e9, dans un bureau. J\u2019en ai eu assez et j\u2019ai d\u00e9cid\u00e9 de faire une reconversion professionnelle dans l\u2019\u00e9lectricit\u00e9.<\/span><\/p>\n<p><span style=\"font-weight: 400;\">Aujourd\u2019hui, je suis g\u00e9rant auto-entrepreneur d\u2019une TPE, <em>FUTELEC<\/em>. J\u2019ai naturellement voulu faire la formation de la gestion de la paie pour en conna\u00eetre toutes les ficelles. J\u2019attends d\u2019avoir fait suffisamment de chantiers pour ensuite prendre du recul et placer des gars sur le terrain pour moi me retrouver au bureau et m\u2019occuper de la gestion des employ\u00e9s et de leur paie.<\/span><\/p>\n<p><b>Et pourquoi avoir choisi l\u2019EFC\u2009?<\/b><\/p>\n<p><span style=\"font-weight: 400;\">J\u2019ai eu un bon contact t\u00e9l\u00e9phonique au d\u00e9part, j\u2019ai vu le programme qui me convenait, le tarif me convenait aussi parce que j\u2019ai vu aussi d\u2019autres \u00e9coles et donc bon\u2026 Je pense que c\u2019est la pr\u00e9sentation que l\u2019on m\u2019a faite de l\u2019EFC qui m\u2019a convenu, et par rapport aux tarifs aussi. J\u2019avais trouv\u00e9 enfin une formation qui allait compl\u00e9ter ce que je savais d\u00e9j\u00e0, rentrer plus dans les d\u00e9tails techniques et th\u00e9oriques que ce que je savais avant.<\/span><\/p>\n<blockquote>\n<h3><b><i>Je pense que c\u2019est la pr\u00e9sentation que l\u2019on m\u2019a faite de l\u2019EFC qui m\u2019a convenu, et par rapport aux tarifs aussi.<\/i><\/b><\/h3>\n<\/blockquote>\n<p><b>La formation a convenu \u00e0 vos attentes\u2009?<\/b><\/p>\n<p><span style=\"font-weight: 400;\">Alors quand j\u2019ai vu le programme, tout \u00e0 fait\u2009! Sauf qu\u2019au d\u00e9but de la formation je suis tomb\u00e9 sur un\u2026 obstacle o\u00f9 c\u2019est l\u00e0 que je suis all\u00e9 demander conseil aux copains\/copines, que je voyais sur les EFClives, pour tout ce qui est du juridique\u2026 je me disais que \u00e7a n\u2019avait rien \u00e0 faire dans ma formation, ce n\u2019est pas mon domaine. Du coup, je me suis renseign\u00e9 aupr\u00e8s de camarades, au sujet du juridique, qui m\u2019ont dit qu\u2019il y en avait tr\u00e8s peu et je me suis dit \u201ctr\u00e8s tr\u00e8s bien, j\u2019ai pass\u00e9 le plus dur\u201d.<\/span><\/p>\n<blockquote>\n<h3><b><i>Les EFClive m&rsquo;ont aussi permis de prendre un bon contact avec d\u2019autres \u00e9l\u00e8ves.<\/i><\/b><\/h3>\n<\/blockquote>\n<p><span style=\"font-weight: 400;\">Apr\u00e8s, pour mon premier devoir j\u2019avais mis la barre relativement haute, quand je l\u2019ai rendu, j\u2019ai dit au professeur, \u201csi j\u2019ai en dessous de 14, je n\u2019accepte pas la note et je veux refaire mon devoir\u2009!\u201d et on m\u2019a r\u00e9pondu \u201cvous allez de toute fa\u00e7on devoir le refaire\u2026 vous avez eu 6.\u201d<\/span><\/p>\n<p><span style=\"font-weight: 400;\">Les cours sont tr\u00e8s bien \u00e9crits et tr\u00e8s bien faits, mais cette histoire m&rsquo;a bloqu\u00e9 pendant un certain temps. Il fallait que je me remette dedans. Aussi dans la pr\u00e9sentation Word, excel et PDF, je ne suis plus au top de ce c\u00f4t\u00e9 \u00e7a, je m\u2019occupe de beaucoup d\u2019autres choses, il faut simplement que je m\u2019y remette s\u00e9rieusement. Voil\u00e0\u2009!<\/span><\/p>\n<blockquote>\n<h3><b><i>C\u2019est ce que je recommande aux autres personnes qui font une formation, [&#8230;] Il faut savoir faire soi-m\u00eame des recherches pour aller chercher des choses qui sont potentiellement nouvelles.<\/i><\/b><\/h3>\n<\/blockquote>\n<p><b>Vous parliez des EFClive, des cours vid\u00e9os qui vous aident \u00e0 avancer\u2009? C\u2019est un outil qui vous pla\u00eet bien\u2009?<\/b><\/p>\n<p><span style=\"font-weight: 400;\">Ah tout \u00e0 fait\u2009!!! \u00c7a nous aide bien \u00e0 avancer, et \u00e0 partir du moment o\u00f9 le cours est bien expliqu\u00e9, on y arrive. Dans la majorit\u00e9 des cas, quand on tombe sur un sujet int\u00e9ressant, \u00e7a nous permet d\u2019avancer aussi. Les EFClive m&rsquo;ont aussi permis de prendre un bon contact avec d\u2019autres \u00e9l\u00e8ves.<\/span><\/p>\n<p><span style=\"font-weight: 400;\">Quand il est question d\u2019article de loi, avec les copains on avait l\u2019habitude de chercher \u00e7a sur le net, d\u2019aller voir plus de d\u00e9tails pour aller voir des choses tr\u00e8s int\u00e9ressantes sur la fiche de paie. De toute fa\u00e7on, \u00e0 ce niveau-l\u00e0, c\u2019est pas uniquement le cours qui va nous donner tout ce qu\u2019il faut, il faut faire de la recherche perso. C\u2019est ce que je recommande aux autres personnes qui font une formation, on n\u2019a pas le choix, on n\u2019est plus au coll\u00e8ge ou au lyc\u00e9e \u00e0 prendre les cours et recopier par c\u0153ur. Il faut savoir faire soi-m\u00eame des recherches pour aller chercher des choses qui sont potentiellement nouvelles.<\/span><\/p>\n<p><b>Est-ce que vous avez d\u2019autres conseils\u2009?<\/b><\/p>\n<p><span style=\"font-weight: 400;\">Bien r\u00e9fl\u00e9chir avant de choisir une formation. Quel va \u00eatre le but de cette formation pour eux\u2009? Moi le but je l\u2019avais d\u00e9j\u00e0 en t\u00eate, c\u2019\u00e9tait d\u2019affiner mes connaissances dans la fiche de paie. \u00catre capable de r\u00e9pondre aux questions des salari\u00e9s. Donc il faut \u00e9tudier le programme avant de se lancer dans une formation, il faut savoir o\u00f9 on va.<\/span><\/p>\n<p><span style=\"font-weight: 400;\">Il faut aussi savoir que le r\u00e9sultat ne va pas arriver dans un mois. Il faut prendre le temps de se former, savoir travailler en \u00e9quipe. \u00c0 savoir qu\u2019on \u00e9tait 3 ou 4 \u00e0 se suivre en gestion de la paie. On travaillait entre nous, gr\u00e2ce aux EFClive. C\u2019\u00e9tait tr\u00e8s int\u00e9ressant, tr\u00e8s humain. \u00c7a permet d\u2019avoir d\u2019autres points de vue.<\/span><\/p>\n<blockquote>\n<h3><b><i>On n\u2019est pas l\u00e0 pour \u00e9craser l\u2019autre, mais pour se motiver ensemble. Le tout, c\u2019est qu\u2019on y arrive tous, chacun son rythme\u2009!<\/i><\/b><\/h3>\n<\/blockquote>\n<p><span style=\"font-weight: 400;\">Si on se lance, c\u2019est comme dans l\u2019\u00e9lectricit\u00e9, il y en a beaucoup qui veulent rester ind\u00e9pendants alors qu\u2019on ne peut pas rester seul \u00e9ternellement, il faut \u00eatre accompagn\u00e9. J\u2019encourage vivement ceux qui sont en couple ou qui ont du monde autour d\u2019eux, \u00e0 ce qu\u2019ils se rapprochent tr\u00e8s vite de ceux qui travaillent ou poursuivent leurs \u00e9tudes. C\u2019est motivant, c\u2019est un peu une course. On n\u2019est pas l\u00e0 pour se dire t\u2019es meilleur ou je suis meilleur, mais c\u2019est pour comprendre, se dire, pourquoi t\u2019as plant\u00e9\u2009? Si tu n\u2019as pas compris, on va retravailler dessus. On n\u2019est pas l\u00e0 pour \u00e9craser l\u2019autre, mais pour se motiver ensemble.<\/span><\/p>\n<p><span style=\"font-weight: 400;\">Le tout, c\u2019est qu\u2019on y arrive tous, chacun son rythme\u2009!<\/span><\/p>\n<p><strong>Merci Dany ! Et pour en savoir plus sur la formation que suit Dany, rendez-vous sur la page du site de l&rsquo;EFC : <a href=\"https:\/\/www.efcformation.com\/formations\/titre-professionnel-gestionnaire-de-paie\">formation Gestionnaire de Paie<\/a><\/strong><\/p>\n","protected":false},"excerpt":{"rendered":"<p>Dany nous raconte son exp\u00e9rience de formation \u00e0 distance, notamment le fait qu\u2019il ait d\u00fb arr\u00eater d\u2019\u00e9tudier pendant une longue p\u00e9riode pour des raisons personnelles et professionnelles et qu\u2019il a pr\u00e9vu de reprendre prochainement. Il raconte aussi comment il a profit\u00e9 des EFClive (cours en direct) pour rencontrer des camarades avec qui travailler. Bonne lecture [&hellip;]<\/p>\n","protected":false},"author":1,"featured_media":2624,"comment_status":"open","ping_status":"open","sticky":false,"template":"","format":"standard","meta":[],"categories":[25,20],"tags":[],"yoast_head":"<!-- This site is optimized with the Yoast SEO plugin v19.5.1 - https:\/\/yoast.com\/wordpress\/plugins\/seo\/ -->\n<title>[Interview] Dany, formation Gestionnaire de Paie \u00e0 l&#039;EFC<\/title>\n<meta name=\"description\" content=\"Dany raconte comment il a profit\u00e9 des EFClive (cours en direct) pour rencontrer des camarades avec qui travailler \u00e0 distance. #R\u00e9ussiteEFC\" \/>\n<meta name=\"robots\" content=\"index, follow, max-snippet:-1, max-image-preview:large, max-video-preview:-1\" \/>\n<link rel=\"canonical\" href=\"https:\/\/www.efcformation.com\/reussite-efc\/reussite-efc\/interview-dany-formation-gestionnaire-paie-efc\/\" \/>\n<meta property=\"og:locale\" content=\"fr_FR\" \/>\n<meta property=\"og:type\" content=\"article\" \/>\n<meta property=\"og:title\" content=\"[Interview] Dany, formation Gestionnaire de Paie \u00e0 l&#039;EFC\" \/>\n<meta property=\"og:description\" content=\"Dany raconte comment il a profit\u00e9 des EFClive (cours en direct) pour rencontrer des camarades avec qui travailler \u00e0 distance. #R\u00e9ussiteEFC\" \/>\n<meta property=\"og:url\" content=\"https:\/\/www.efcformation.com\/reussite-efc\/reussite-efc\/interview-dany-formation-gestionnaire-paie-efc\/\" \/>\n<meta property=\"og:site_name\" content=\"Reussite EFC Fomation - Le Blog EFC Formation\" \/>\n<meta property=\"article:published_time\" content=\"2019-02-26T15:38:28+00:00\" \/>\n<meta property=\"article:modified_time\" content=\"2024-03-20T15:27:27+00:00\" \/>\n<meta property=\"og:image\" content=\"https:\/\/www.efcformation.com\/reussite-efc\/wp-content\/uploads\/2019\/02\/0-avis-eleves-interviews-dany.jpg\" \/>\n\t<meta property=\"og:image:width\" content=\"1200\" \/>\n\t<meta property=\"og:image:height\" content=\"630\" \/>\n\t<meta property=\"og:image:type\" content=\"image\/jpeg\" \/>\n<meta name=\"author\" content=\"EFCformation\" \/>\n<meta name=\"twitter:card\" content=\"summary\" \/>\n<meta name=\"twitter:label1\" content=\"\u00c9crit par\" \/>\n\t<meta name=\"twitter:data1\" content=\"EFCformation\" \/>\n\t<meta name=\"twitter:label2\" content=\"Dur\u00e9e de lecture estim\u00e9e\" \/>\n\t<meta name=\"twitter:data2\" content=\"6 minutes\" \/>\n<script type=\"application\/ld+json\" class=\"yoast-schema-graph\">{\"@context\":\"https:\/\/schema.org\",\"@graph\":[{\"@type\":\"WebPage\",\"@id\":\"https:\/\/www.efcformation.com\/reussite-efc\/reussite-efc\/interview-dany-formation-gestionnaire-paie-efc\/\",\"url\":\"https:\/\/www.efcformation.com\/reussite-efc\/reussite-efc\/interview-dany-formation-gestionnaire-paie-efc\/\",\"name\":\"[Interview] Dany, formation Gestionnaire de Paie \u00e0 l'EFC\",\"isPartOf\":{\"@id\":\"https:\/\/www.efcformation.com\/reussite-efc\/#website\"},\"datePublished\":\"2019-02-26T15:38:28+00:00\",\"dateModified\":\"2024-03-20T15:27:27+00:00\",\"author\":{\"@id\":\"https:\/\/www.efcformation.com\/reussite-efc\/#\/schema\/person\/6263903b0179d0334456f7512d9d1430\"},\"description\":\"Dany raconte comment il a profit\u00e9 des EFClive (cours en direct) pour rencontrer des camarades avec qui travailler \u00e0 distance. #R\u00e9ussiteEFC\",\"breadcrumb\":{\"@id\":\"https:\/\/www.efcformation.com\/reussite-efc\/reussite-efc\/interview-dany-formation-gestionnaire-paie-efc\/#breadcrumb\"},\"inLanguage\":\"fr-FR\",\"potentialAction\":[{\"@type\":\"ReadAction\",\"target\":[\"https:\/\/www.efcformation.com\/reussite-efc\/reussite-efc\/interview-dany-formation-gestionnaire-paie-efc\/\"]}]},{\"@type\":\"BreadcrumbList\",\"@id\":\"https:\/\/www.efcformation.com\/reussite-efc\/reussite-efc\/interview-dany-formation-gestionnaire-paie-efc\/#breadcrumb\",\"itemListElement\":[{\"@type\":\"ListItem\",\"position\":1,\"name\":\"Accueil\",\"item\":\"https:\/\/www.efcformation.com\/reussite-efc\/\"},{\"@type\":\"ListItem\",\"position\":2,\"name\":\"[INTERVIEW] Dany, formation gestionnaire de paie\"}]},{\"@type\":\"WebSite\",\"@id\":\"https:\/\/www.efcformation.com\/reussite-efc\/#website\",\"url\":\"https:\/\/www.efcformation.com\/reussite-efc\/\",\"name\":\"Reussite EFC Fomation - Le Blog EFC Formation\",\"description\":\"\",\"potentialAction\":[{\"@type\":\"SearchAction\",\"target\":{\"@type\":\"EntryPoint\",\"urlTemplate\":\"https:\/\/www.efcformation.com\/reussite-efc\/?s={search_term_string}\"},\"query-input\":\"required name=search_term_string\"}],\"inLanguage\":\"fr-FR\"},{\"@type\":\"Person\",\"@id\":\"https:\/\/www.efcformation.com\/reussite-efc\/#\/schema\/person\/6263903b0179d0334456f7512d9d1430\",\"name\":\"EFCformation\",\"image\":{\"@type\":\"ImageObject\",\"inLanguage\":\"fr-FR\",\"@id\":\"https:\/\/www.efcformation.com\/reussite-efc\/#\/schema\/person\/image\/\",\"url\":\"https:\/\/secure.gravatar.com\/avatar\/98b00a1c17dce21016b9ccce376ec821?s=96&d=mm&r=g\",\"contentUrl\":\"https:\/\/secure.gravatar.com\/avatar\/98b00a1c17dce21016b9ccce376ec821?s=96&d=mm&r=g\",\"caption\":\"EFCformation\"},\"url\":\"https:\/\/www.efcformation.com\/reussite-efc\/author\/paindesjacobins\/\"}]}<\/script>\n<!-- \/ Yoast SEO plugin. -->","yoast_head_json":{"title":"[Interview] Dany, formation Gestionnaire de Paie \u00e0 l'EFC","description":"Dany raconte comment il a profit\u00e9 des EFClive (cours en direct) pour rencontrer des camarades avec qui travailler \u00e0 distance. #R\u00e9ussiteEFC","robots":{"index":"index","follow":"follow","max-snippet":"max-snippet:-1","max-image-preview":"max-image-preview:large","max-video-preview":"max-video-preview:-1"},"canonical":"https:\/\/www.efcformation.com\/reussite-efc\/reussite-efc\/interview-dany-formation-gestionnaire-paie-efc\/","og_locale":"fr_FR","og_type":"article","og_title":"[Interview] Dany, formation Gestionnaire de Paie \u00e0 l'EFC","og_description":"Dany raconte comment il a profit\u00e9 des EFClive (cours en direct) pour rencontrer des camarades avec qui travailler \u00e0 distance. #R\u00e9ussiteEFC","og_url":"https:\/\/www.efcformation.com\/reussite-efc\/reussite-efc\/interview-dany-formation-gestionnaire-paie-efc\/","og_site_name":"Reussite EFC Fomation - Le Blog EFC Formation","article_published_time":"2019-02-26T15:38:28+00:00","article_modified_time":"2024-03-20T15:27:27+00:00","og_image":[{"width":1200,"height":630,"url":"https:\/\/www.efcformation.com\/reussite-efc\/wp-content\/uploads\/2019\/02\/0-avis-eleves-interviews-dany.jpg","type":"image\/jpeg"}],"author":"EFCformation","twitter_card":"summary","twitter_misc":{"\u00c9crit par":"EFCformation","Dur\u00e9e de lecture estim\u00e9e":"6 minutes"},"schema":{"@context":"https:\/\/schema.org","@graph":[{"@type":"WebPage","@id":"https:\/\/www.efcformation.com\/reussite-efc\/reussite-efc\/interview-dany-formation-gestionnaire-paie-efc\/","url":"https:\/\/www.efcformation.com\/reussite-efc\/reussite-efc\/interview-dany-formation-gestionnaire-paie-efc\/","name":"[Interview] Dany, formation Gestionnaire de Paie \u00e0 l'EFC","isPartOf":{"@id":"https:\/\/www.efcformation.com\/reussite-efc\/#website"},"datePublished":"2019-02-26T15:38:28+00:00","dateModified":"2024-03-20T15:27:27+00:00","author":{"@id":"https:\/\/www.efcformation.com\/reussite-efc\/#\/schema\/person\/6263903b0179d0334456f7512d9d1430"},"description":"Dany raconte comment il a profit\u00e9 des EFClive (cours en direct) pour rencontrer des camarades avec qui travailler \u00e0 distance. #R\u00e9ussiteEFC","breadcrumb":{"@id":"https:\/\/www.efcformation.com\/reussite-efc\/reussite-efc\/interview-dany-formation-gestionnaire-paie-efc\/#breadcrumb"},"inLanguage":"fr-FR","potentialAction":[{"@type":"ReadAction","target":["https:\/\/www.efcformation.com\/reussite-efc\/reussite-efc\/interview-dany-formation-gestionnaire-paie-efc\/"]}]},{"@type":"BreadcrumbList","@id":"https:\/\/www.efcformation.com\/reussite-efc\/reussite-efc\/interview-dany-formation-gestionnaire-paie-efc\/#breadcrumb","itemListElement":[{"@type":"ListItem","position":1,"name":"Accueil","item":"https:\/\/www.efcformation.com\/reussite-efc\/"},{"@type":"ListItem","position":2,"name":"[INTERVIEW] Dany, formation gestionnaire de paie"}]},{"@type":"WebSite","@id":"https:\/\/www.efcformation.com\/reussite-efc\/#website","url":"https:\/\/www.efcformation.com\/reussite-efc\/","name":"Reussite EFC Fomation - Le Blog EFC Formation","description":"","potentialAction":[{"@type":"SearchAction","target":{"@type":"EntryPoint","urlTemplate":"https:\/\/www.efcformation.com\/reussite-efc\/?s={search_term_string}"},"query-input":"required name=search_term_string"}],"inLanguage":"fr-FR"},{"@type":"Person","@id":"https:\/\/www.efcformation.com\/reussite-efc\/#\/schema\/person\/6263903b0179d0334456f7512d9d1430","name":"EFCformation","image":{"@type":"ImageObject","inLanguage":"fr-FR","@id":"https:\/\/www.efcformation.com\/reussite-efc\/#\/schema\/person\/image\/","url":"https:\/\/secure.gravatar.com\/avatar\/98b00a1c17dce21016b9ccce376ec821?s=96&d=mm&r=g","contentUrl":"https:\/\/secure.gravatar.com\/avatar\/98b00a1c17dce21016b9ccce376ec821?s=96&d=mm&r=g","caption":"EFCformation"},"url":"https:\/\/www.efcformation.com\/reussite-efc\/author\/paindesjacobins\/"}]}},"_links":{"self":[{"href":"https:\/\/www.efcformation.com\/reussite-efc\/wp-json\/wp\/v2\/posts\/1850"}],"collection":[{"href":"https:\/\/www.efcformation.com\/reussite-efc\/wp-json\/wp\/v2\/posts"}],"about":[{"href":"https:\/\/www.efcformation.com\/reussite-efc\/wp-json\/wp\/v2\/types\/post"}],"author":[{"embeddable":true,"href":"https:\/\/www.efcformation.com\/reussite-efc\/wp-json\/wp\/v2\/users\/1"}],"replies":[{"embeddable":true,"href":"https:\/\/www.efcformation.com\/reussite-efc\/wp-json\/wp\/v2\/comments?post=1850"}],"version-history":[{"count":20,"href":"https:\/\/www.efcformation.com\/reussite-efc\/wp-json\/wp\/v2\/posts\/1850\/revisions"}],"predecessor-version":[{"id":2991,"href":"https:\/\/www.efcformation.com\/reussite-efc\/wp-json\/wp\/v2\/posts\/1850\/revisions\/2991"}],"wp:featuredmedia":[{"embeddable":true,"href":"https:\/\/www.efcformation.com\/reussite-efc\/wp-json\/wp\/v2\/media\/2624"}],"wp:attachment":[{"href":"https:\/\/www.efcformation.com\/reussite-efc\/wp-json\/wp\/v2\/media?parent=1850"}],"wp:term":[{"taxonomy":"category","embeddable":true,"href":"https:\/\/www.efcformation.com\/reussite-efc\/wp-json\/wp\/v2\/categories?post=1850"},{"taxonomy":"post_tag","embeddable":true,"href":"https:\/\/www.efcformation.com\/reussite-efc\/wp-json\/wp\/v2\/tags?post=1850"}],"curies":[{"name":"wp","href":"https:\/\/api.w.org\/{rel}","templated":true}]}}