{"id":2176,"date":"2017-01-08T15:50:22","date_gmt":"2017-01-08T14:50:22","guid":{"rendered":"https:\/\/www.efcformation.com\/comptamag\/?p=2176"},"modified":"2024-03-20T15:46:42","modified_gmt":"2024-03-20T14:46:42","slug":"reconversion-formation-efc","status":"publish","type":"post","link":"https:\/\/www.efcformation.com\/reussite-efc\/reussir-sa-reconversion\/reconversion-formation-efc\/","title":{"rendered":"R\u00e9ussissez votre reconversion professionnelle avec les formations \u00e0 distance de l&rsquo;EFC"},"content":{"rendered":"<p>De nombreux \u00e9l\u00e8ves s\u2019inscrivent \u00e0 l\u2019EFC dans le but de r\u00e9aliser une reconversion. D\u00e9couvrez les t\u00e9moignages d\u2019anciens \u00e9l\u00e8ves, avec des profils et des besoins tr\u00e8s diff\u00e9rents,&nbsp;ayant <strong>r\u00e9ussi leur reconversion<\/strong>.<\/p>\n<h2>Karine, Formation Assistante RH<\/h2>\n<p>\u00ab\u00a0J\u2019ai eu un poste de responsable service clients, au sein d\u2019un entrep\u00f4t logistique, pendant 18 ans. Puis j\u2019ai eu une envie irr\u00e9pressible, pour des raisons professionnelles et personnelles de changer de carri\u00e8re, \u00e0 mes 40 ans. Je me suis donc lanc\u00e9e, dans une formation d\u2019assistante RH, par correspondance, car retourner sur les \u201cbancs de l\u2019\u00e9cole\u201d ne me semblait pas tr\u00e8s coh\u00e9rent \u00e0 mon \u00e2ge.\u00a0\u00bb<\/p>\n<blockquote>\n<h3><em>C\u2019est un challenge personnel r\u00e9alis\u00e9 au-del\u00e0 de mes esp\u00e9rances.&nbsp;<\/em><\/h3>\n<\/blockquote>\n<p>\u00ab\u00a0Je me suis servi de mes comp\u00e9tences acquises lors de la formation pour trouver un poste. Pour l\u2019instant, je suis assistante d\u2019agence au sein d\u2019une enseigne d\u2019int\u00e9rim (secteur tr\u00e8s formateur dans les ressources humaines), afin de parfaire mon exp\u00e9rience, car la th\u00e9orie c\u2019est bien, mais avec l\u2019exp\u00e9rience en plus, c\u2019est mieux\u2026 Maintenant, je souhaite \u00e9toffer mon exp\u00e9rience, afin de pouvoir trouver un poste d\u2019assistante RH, et plus tard un poste de DRH.\u00a0\u00bb<\/p>\n<p>\u00ab\u00a0Je pense que l\u2019EFC dispense tous les conseils utiles lors de l\u2019inscription, et lors du d\u00e9roulement de la formation (il faut laisser faire les professionnels). Juste que l\u2019EFC est un excellent organisme de formation \u00e0 distance, et que je le recommande vraiment \u00e0 tous ceux, ou celles, qui ne veulent pas, ou ne peuvent pas, retourner \u00e0 l\u2019\u00e9cole.\u00a0\u00bb<\/p>\n<p>Vous aussi, r\u00e9ussissez votre reconversion en ressources humaines avec&nbsp;nos&nbsp;formations \u00e0 distance.<div class=\"rara_call_to_action clearfix center\"><div class=\"rara_call_to_action_content\"><h3><\/h3><\/div><a href=\"#\" target=\"_self\" class=\"rara_call_to_action_button\">Formations de reconversion en RH<\/a><\/div><\/p>\n<h2>Ingrid, Formation Juriste d\u2019entreprise<\/h2>\n<p>\u00ab\u00a0Je suis arriv\u00e9e \u00e0 l\u2019EFC dans le cadre d\u2019une reconversion. J\u2019ai eu mon dipl\u00f4me d\u2019\u00e9ducateur sp\u00e9cialis\u00e9 en 2013 et j\u2019ai exerc\u00e9 ce m\u00e9tier pendant 3 ans en protection de l\u2019enfance sur Lyon. Encore en poste, j\u2019ai eu l\u2019opportunit\u00e9 de financer ma formation de juriste d\u2019entreprise en 24 mois. Je me suis dit que ce n\u2019\u00e9tait jamais perdu et que \u00e7a m\u2019int\u00e9ressait de pouvoir cumuler mes deux dipl\u00f4mes. D\u2019ailleurs, je faisais d\u00e9j\u00e0 du droit en tant qu\u2019\u00e9ducatrice, en protection de l\u2019enfance. Alors certes c\u2019est un droit particulier, mais j\u2019allais souvent au tribunal plusieurs fois par an, je travaillais sur ordonnance de juges.\u00a0\u00bb<\/p>\n<blockquote>\n<h3><em>On apprend beaucoup dans les livres, mais ce sont les stages qui forgent.<\/em><\/h3>\n<\/blockquote>\n<p>\u00ab\u00a0J\u2019ai fait trois stages. \u00c9tant au ch\u00f4mage je n\u2019avais pas de pression financi\u00e8re donc j\u2019ai effectu\u00e9 un premier stage dans un cabinet d\u2019avocat judiciaire. Ensuite, mon deuxi\u00e8me stage \u00e9tait aussi dans un cabinet d\u2019avocat, mais cette fois en suivi juridique des soci\u00e9t\u00e9s. Et apr\u00e8s, je voulais trouver un stage en entreprise, mais \u00e0 peine mon second stage termin\u00e9, l\u2019avocate m\u2019a rappel\u00e9 parce que son expert-comptable recherchait quelqu\u2019un pour son service juridique. Le stage s\u2019est bien pass\u00e9 puisque j\u2019ai \u00e9t\u00e9 embauch\u00e9e en CDD jusqu\u2019\u00e0 fin juillet et avec 99&nbsp;% de chance que \u00e7a se transforme en CDI.\u00a0\u00bb<\/p>\n<p>D\u00e9couvrez toutes nos formations professionnelles pour vous r\u00e9orienter dans le secteur du droit.<div class=\"rara_call_to_action clearfix center\"><div class=\"rara_call_to_action_content\"><h3><\/h3><\/div><a href=\"#\" target=\"_self\" class=\"rara_call_to_action_button\">Formations de reconversion dans le Droit<\/a><\/div><\/p>\n<h2>\u00c9milie, Formation Comptable<\/h2>\n<p>\u00ab\u00a0Je m\u2019appelle \u00c9milie, j\u2019ai 36 ans. Au d\u00e9part, je souhaitais devenir professeur de math\u00e9matiques. J\u2019ai donc entam\u00e9 plusieurs ann\u00e9es d\u2019\u00e9tudes difficiles, mais le concours final m\u2019a d\u00e9go\u00fbt\u00e9e. Je me suis donc dirig\u00e9e vers le secr\u00e9tariat m\u00e9dical, compl\u00e8tement \u00e0 l\u2019oppos\u00e9 donc\u2009! Mon dernier poste \u00e9tait multit\u00e2ches, j\u2019\u00e9tais \u00e9galement aide-comptable sans avoir la moindre notion\u2009! Du coup, le travail \u00e9tait fait, mais sans vraiment comprendre ce que je faisais. Mais comme j\u2019ai travaill\u00e9 avec une super experte-comptable qui m\u2019expliquait les choses, \u00e7a m\u2019a donn\u00e9 envie de me reconvertir dans ce domaine et de revenir \u00e0 mes premiers amours&nbsp;: les math\u00e9matiques\u2009!\u00a0\u00bb<\/p>\n<blockquote>\n<h3><em>Si vous bloquez vraiment sur un sujet, appelez directement les professeurs. Vous gagnerez du temps\u2009! \u00c0 force de vouloir tout faire par moi m\u00eame, j\u2019ai perdu pas mal de temps\u2009!<\/em><\/h3>\n<\/blockquote>\n<p>\u00ab\u00a0J\u2019avais 2 possibilit\u00e9s&nbsp;: soit j\u2019attendais d\u2019\u00eatre au ch\u00f4mage pour retourner sur les bancs de l\u2019\u00e9cole, soit je commen\u00e7ais d\u00e8s maintenant ma formation en m\u00eame temps que le travail pour gagner du temps et donc avoir mon certificat plus rapidement. J\u2019ai commenc\u00e9 la formation en d\u00e9cembre et je suis au ch\u00f4mage depuis juin donc je ne regrette pas ma d\u00e9cision \u00e9tant donn\u00e9 que j\u2019ai gagn\u00e9 quasi 6 mois\u2009!\u00a0\u00bb<\/p>\n<p>\u00ab\u00a0J\u2019ai commenc\u00e9 \u00e0 postuler \u00e0 plusieurs offres d\u2019emploi. J\u2019ai eu un entretien et j\u2019ai eu le poste\u2009! Et comme je commence seulement dans 2 mois et que je suis en fin de formation, mon nouvel objectif professionnel est de finir la formation pour avoir tout le savoir n\u00e9cessaire \u00e0 mon futur poste\u2009!\u00a0\u00bb<\/p>\n<p>Comme \u00c9milie, r\u00e9orientez-vous dans le secteur de la comptabilit\u00e9 avec une formation professionnelle<div class=\"rara_call_to_action clearfix center\"><div class=\"rara_call_to_action_content\"><h3><\/h3><\/div><a href=\"#\" target=\"_self\" class=\"rara_call_to_action_button\">Formations de reconversion en Comptabilit\u00e9<\/a><\/div><\/p>\n<p>Quel que soit votre \u00e2ge, votre&nbsp;objectif professionnel ou votre emploi du temps, les<strong> formations professionnelles \u00e0 distance<\/strong> s\u2019adaptent compl\u00e8tement \u00e0 votre rythme. De plus, elles vous apportent les comp\u00e9tences n\u00e9cessaires pour occuper un poste en entreprise. D\u00e9couvrez l\u2019ensemble de <a href=\"https:\/\/www.efcformation.com\/\"><strong>notre catalogue de formation<\/strong><\/a>.<\/p>\n","protected":false},"excerpt":{"rendered":"<p>De nombreux \u00e9l\u00e8ves s\u2019inscrivent \u00e0 l\u2019EFC dans le but de r\u00e9aliser une reconversion. D\u00e9couvrez les t\u00e9moignages d\u2019anciens \u00e9l\u00e8ves, avec des profils et des besoins tr\u00e8s diff\u00e9rents,&nbsp;ayant r\u00e9ussi leur reconversion. Karine, Formation Assistante RH \u00ab\u00a0J\u2019ai eu un poste de responsable service clients, au sein d\u2019un entrep\u00f4t logistique, pendant 18 ans. Puis j\u2019ai eu une envie irr\u00e9pressible, [&hellip;]<\/p>\n","protected":false},"author":1,"featured_media":2682,"comment_status":"open","ping_status":"open","sticky":false,"template":"","format":"standard","meta":[],"categories":[24],"tags":[],"yoast_head":"<!-- This site is optimized with the Yoast SEO plugin v19.5.1 - https:\/\/yoast.com\/wordpress\/plugins\/seo\/ -->\n<title>R\u00e9ussissez votre reconversion professionnelle avec une formation EFC<\/title>\n<meta name=\"description\" content=\"D\u00e9couvrez les t\u00e9moignages d\u2019anciens \u00e9l\u00e8ves, avec des profils et des besoins tr\u00e8s diff\u00e9rents, ayant r\u00e9ussi leur reconversion.\" \/>\n<meta name=\"robots\" content=\"index, follow, max-snippet:-1, max-image-preview:large, max-video-preview:-1\" \/>\n<link rel=\"canonical\" href=\"https:\/\/www.efcformation.com\/reussite-efc\/reussir-sa-reconversion\/reconversion-formation-efc\/\" \/>\n<meta property=\"og:locale\" content=\"fr_FR\" \/>\n<meta property=\"og:type\" content=\"article\" \/>\n<meta property=\"og:title\" content=\"R\u00e9ussissez votre reconversion professionnelle avec l&#039;EFC\" \/>\n<meta property=\"og:description\" content=\"De nombreux \u00e9l\u00e8ves s\u2019inscrivent \u00e0 l\u2019EFC dans le but de r\u00e9aliser une reconversion. D\u00e9couvrez les t\u00e9moignages d\u2019anciens \u00e9l\u00e8ves, avec des profils et des besoins tr\u00e8s diff\u00e9rents, ayant r\u00e9ussi leur reconversion.\" \/>\n<meta property=\"og:url\" content=\"https:\/\/www.efcformation.com\/reussite-efc\/reussir-sa-reconversion\/reconversion-formation-efc\/\" \/>\n<meta property=\"og:site_name\" content=\"Reussite EFC Fomation - Le Blog EFC Formation\" \/>\n<meta property=\"article:published_time\" content=\"2017-01-08T14:50:22+00:00\" \/>\n<meta property=\"article:modified_time\" content=\"2024-03-20T14:46:42+00:00\" \/>\n<meta property=\"og:image\" content=\"https:\/\/www.efcformation.com\/comptamag\/wp-content\/uploads\/2019\/08\/2019-08-08-visuel-pub-temoignages.jpg\" \/>\n<meta name=\"author\" content=\"EFCformation\" \/>\n<meta name=\"twitter:card\" content=\"summary\" \/>\n<meta name=\"twitter:title\" content=\"R\u00e9ussissez votre reconversion professionnelle avec l&#039;EFC\" \/>\n<meta name=\"twitter:description\" content=\"De nombreux \u00e9l\u00e8ves s\u2019inscrivent \u00e0 l\u2019EFC dans le but de r\u00e9aliser une reconversion. D\u00e9couvrez les t\u00e9moignages d\u2019anciens \u00e9l\u00e8ves, avec des profils et des besoins tr\u00e8s diff\u00e9rents, ayant r\u00e9ussi leur reconversion.\" \/>\n<meta name=\"twitter:image\" content=\"https:\/\/www.efcformation.com\/comptamag\/wp-content\/uploads\/2019\/08\/2019-08-08-visuel-pub-temoignages.jpg\" \/>\n<meta name=\"twitter:label1\" content=\"\u00c9crit par\" \/>\n\t<meta name=\"twitter:data1\" content=\"EFCformation\" \/>\n\t<meta name=\"twitter:label2\" content=\"Dur\u00e9e de lecture estim\u00e9e\" \/>\n\t<meta name=\"twitter:data2\" content=\"5 minutes\" \/>\n<script type=\"application\/ld+json\" class=\"yoast-schema-graph\">{\"@context\":\"https:\/\/schema.org\",\"@graph\":[{\"@type\":\"WebPage\",\"@id\":\"https:\/\/www.efcformation.com\/reussite-efc\/reussir-sa-reconversion\/reconversion-formation-efc\/\",\"url\":\"https:\/\/www.efcformation.com\/reussite-efc\/reussir-sa-reconversion\/reconversion-formation-efc\/\",\"name\":\"R\u00e9ussissez votre reconversion professionnelle avec une formation EFC\",\"isPartOf\":{\"@id\":\"https:\/\/www.efcformation.com\/reussite-efc\/#website\"},\"datePublished\":\"2017-01-08T14:50:22+00:00\",\"dateModified\":\"2024-03-20T14:46:42+00:00\",\"author\":{\"@id\":\"https:\/\/www.efcformation.com\/reussite-efc\/#\/schema\/person\/6263903b0179d0334456f7512d9d1430\"},\"description\":\"D\u00e9couvrez les t\u00e9moignages d\u2019anciens \u00e9l\u00e8ves, avec des profils et des besoins tr\u00e8s diff\u00e9rents, ayant r\u00e9ussi leur reconversion.\",\"breadcrumb\":{\"@id\":\"https:\/\/www.efcformation.com\/reussite-efc\/reussir-sa-reconversion\/reconversion-formation-efc\/#breadcrumb\"},\"inLanguage\":\"fr-FR\",\"potentialAction\":[{\"@type\":\"ReadAction\",\"target\":[\"https:\/\/www.efcformation.com\/reussite-efc\/reussir-sa-reconversion\/reconversion-formation-efc\/\"]}]},{\"@type\":\"BreadcrumbList\",\"@id\":\"https:\/\/www.efcformation.com\/reussite-efc\/reussir-sa-reconversion\/reconversion-formation-efc\/#breadcrumb\",\"itemListElement\":[{\"@type\":\"ListItem\",\"position\":1,\"name\":\"Accueil\",\"item\":\"https:\/\/www.efcformation.com\/reussite-efc\/\"},{\"@type\":\"ListItem\",\"position\":2,\"name\":\"R\u00e9ussissez votre reconversion professionnelle avec les formations \u00e0 distance de l&rsquo;EFC\"}]},{\"@type\":\"WebSite\",\"@id\":\"https:\/\/www.efcformation.com\/reussite-efc\/#website\",\"url\":\"https:\/\/www.efcformation.com\/reussite-efc\/\",\"name\":\"Reussite EFC Fomation - Le Blog EFC Formation\",\"description\":\"\",\"potentialAction\":[{\"@type\":\"SearchAction\",\"target\":{\"@type\":\"EntryPoint\",\"urlTemplate\":\"https:\/\/www.efcformation.com\/reussite-efc\/?s={search_term_string}\"},\"query-input\":\"required name=search_term_string\"}],\"inLanguage\":\"fr-FR\"},{\"@type\":\"Person\",\"@id\":\"https:\/\/www.efcformation.com\/reussite-efc\/#\/schema\/person\/6263903b0179d0334456f7512d9d1430\",\"name\":\"EFCformation\",\"image\":{\"@type\":\"ImageObject\",\"inLanguage\":\"fr-FR\",\"@id\":\"https:\/\/www.efcformation.com\/reussite-efc\/#\/schema\/person\/image\/\",\"url\":\"https:\/\/secure.gravatar.com\/avatar\/98b00a1c17dce21016b9ccce376ec821?s=96&d=mm&r=g\",\"contentUrl\":\"https:\/\/secure.gravatar.com\/avatar\/98b00a1c17dce21016b9ccce376ec821?s=96&d=mm&r=g\",\"caption\":\"EFCformation\"},\"url\":\"https:\/\/www.efcformation.com\/reussite-efc\/author\/paindesjacobins\/\"}]}<\/script>\n<!-- \/ Yoast SEO plugin. -->","yoast_head_json":{"title":"R\u00e9ussissez votre reconversion professionnelle avec une formation EFC","description":"D\u00e9couvrez les t\u00e9moignages d\u2019anciens \u00e9l\u00e8ves, avec des profils et des besoins tr\u00e8s diff\u00e9rents, ayant r\u00e9ussi leur reconversion.","robots":{"index":"index","follow":"follow","max-snippet":"max-snippet:-1","max-image-preview":"max-image-preview:large","max-video-preview":"max-video-preview:-1"},"canonical":"https:\/\/www.efcformation.com\/reussite-efc\/reussir-sa-reconversion\/reconversion-formation-efc\/","og_locale":"fr_FR","og_type":"article","og_title":"R\u00e9ussissez votre reconversion professionnelle avec l'EFC","og_description":"De nombreux \u00e9l\u00e8ves s\u2019inscrivent \u00e0 l\u2019EFC dans le but de r\u00e9aliser une reconversion. D\u00e9couvrez les t\u00e9moignages d\u2019anciens \u00e9l\u00e8ves, avec des profils et des besoins tr\u00e8s diff\u00e9rents, ayant r\u00e9ussi leur reconversion.","og_url":"https:\/\/www.efcformation.com\/reussite-efc\/reussir-sa-reconversion\/reconversion-formation-efc\/","og_site_name":"Reussite EFC Fomation - Le Blog EFC Formation","article_published_time":"2017-01-08T14:50:22+00:00","article_modified_time":"2024-03-20T14:46:42+00:00","og_image":[{"url":"https:\/\/www.efcformation.com\/comptamag\/wp-content\/uploads\/2019\/08\/2019-08-08-visuel-pub-temoignages.jpg"}],"author":"EFCformation","twitter_card":"summary","twitter_title":"R\u00e9ussissez votre reconversion professionnelle avec l'EFC","twitter_description":"De nombreux \u00e9l\u00e8ves s\u2019inscrivent \u00e0 l\u2019EFC dans le but de r\u00e9aliser une reconversion. D\u00e9couvrez les t\u00e9moignages d\u2019anciens \u00e9l\u00e8ves, avec des profils et des besoins tr\u00e8s diff\u00e9rents, ayant r\u00e9ussi leur reconversion.","twitter_image":"https:\/\/www.efcformation.com\/comptamag\/wp-content\/uploads\/2019\/08\/2019-08-08-visuel-pub-temoignages.jpg","twitter_misc":{"\u00c9crit par":"EFCformation","Dur\u00e9e de lecture estim\u00e9e":"5 minutes"},"schema":{"@context":"https:\/\/schema.org","@graph":[{"@type":"WebPage","@id":"https:\/\/www.efcformation.com\/reussite-efc\/reussir-sa-reconversion\/reconversion-formation-efc\/","url":"https:\/\/www.efcformation.com\/reussite-efc\/reussir-sa-reconversion\/reconversion-formation-efc\/","name":"R\u00e9ussissez votre reconversion professionnelle avec une formation EFC","isPartOf":{"@id":"https:\/\/www.efcformation.com\/reussite-efc\/#website"},"datePublished":"2017-01-08T14:50:22+00:00","dateModified":"2024-03-20T14:46:42+00:00","author":{"@id":"https:\/\/www.efcformation.com\/reussite-efc\/#\/schema\/person\/6263903b0179d0334456f7512d9d1430"},"description":"D\u00e9couvrez les t\u00e9moignages d\u2019anciens \u00e9l\u00e8ves, avec des profils et des besoins tr\u00e8s diff\u00e9rents, ayant r\u00e9ussi leur reconversion.","breadcrumb":{"@id":"https:\/\/www.efcformation.com\/reussite-efc\/reussir-sa-reconversion\/reconversion-formation-efc\/#breadcrumb"},"inLanguage":"fr-FR","potentialAction":[{"@type":"ReadAction","target":["https:\/\/www.efcformation.com\/reussite-efc\/reussir-sa-reconversion\/reconversion-formation-efc\/"]}]},{"@type":"BreadcrumbList","@id":"https:\/\/www.efcformation.com\/reussite-efc\/reussir-sa-reconversion\/reconversion-formation-efc\/#breadcrumb","itemListElement":[{"@type":"ListItem","position":1,"name":"Accueil","item":"https:\/\/www.efcformation.com\/reussite-efc\/"},{"@type":"ListItem","position":2,"name":"R\u00e9ussissez votre reconversion professionnelle avec les formations \u00e0 distance de l&rsquo;EFC"}]},{"@type":"WebSite","@id":"https:\/\/www.efcformation.com\/reussite-efc\/#website","url":"https:\/\/www.efcformation.com\/reussite-efc\/","name":"Reussite EFC Fomation - Le Blog EFC Formation","description":"","potentialAction":[{"@type":"SearchAction","target":{"@type":"EntryPoint","urlTemplate":"https:\/\/www.efcformation.com\/reussite-efc\/?s={search_term_string}"},"query-input":"required name=search_term_string"}],"inLanguage":"fr-FR"},{"@type":"Person","@id":"https:\/\/www.efcformation.com\/reussite-efc\/#\/schema\/person\/6263903b0179d0334456f7512d9d1430","name":"EFCformation","image":{"@type":"ImageObject","inLanguage":"fr-FR","@id":"https:\/\/www.efcformation.com\/reussite-efc\/#\/schema\/person\/image\/","url":"https:\/\/secure.gravatar.com\/avatar\/98b00a1c17dce21016b9ccce376ec821?s=96&d=mm&r=g","contentUrl":"https:\/\/secure.gravatar.com\/avatar\/98b00a1c17dce21016b9ccce376ec821?s=96&d=mm&r=g","caption":"EFCformation"},"url":"https:\/\/www.efcformation.com\/reussite-efc\/author\/paindesjacobins\/"}]}},"_links":{"self":[{"href":"https:\/\/www.efcformation.com\/reussite-efc\/wp-json\/wp\/v2\/posts\/2176"}],"collection":[{"href":"https:\/\/www.efcformation.com\/reussite-efc\/wp-json\/wp\/v2\/posts"}],"about":[{"href":"https:\/\/www.efcformation.com\/reussite-efc\/wp-json\/wp\/v2\/types\/post"}],"author":[{"embeddable":true,"href":"https:\/\/www.efcformation.com\/reussite-efc\/wp-json\/wp\/v2\/users\/1"}],"replies":[{"embeddable":true,"href":"https:\/\/www.efcformation.com\/reussite-efc\/wp-json\/wp\/v2\/comments?post=2176"}],"version-history":[{"count":22,"href":"https:\/\/www.efcformation.com\/reussite-efc\/wp-json\/wp\/v2\/posts\/2176\/revisions"}],"predecessor-version":[{"id":4527,"href":"https:\/\/www.efcformation.com\/reussite-efc\/wp-json\/wp\/v2\/posts\/2176\/revisions\/4527"}],"wp:featuredmedia":[{"embeddable":true,"href":"https:\/\/www.efcformation.com\/reussite-efc\/wp-json\/wp\/v2\/media\/2682"}],"wp:attachment":[{"href":"https:\/\/www.efcformation.com\/reussite-efc\/wp-json\/wp\/v2\/media?parent=2176"}],"wp:term":[{"taxonomy":"category","embeddable":true,"href":"https:\/\/www.efcformation.com\/reussite-efc\/wp-json\/wp\/v2\/categories?post=2176"},{"taxonomy":"post_tag","embeddable":true,"href":"https:\/\/www.efcformation.com\/reussite-efc\/wp-json\/wp\/v2\/tags?post=2176"}],"curies":[{"name":"wp","href":"https:\/\/api.w.org\/{rel}","templated":true}]}}