{"id":233,"date":"2017-02-28T11:16:09","date_gmt":"2017-02-28T10:16:09","guid":{"rendered":"http:\/\/www.efcformation.com\/comptamag\/?p=233"},"modified":"2017-02-28T11:16:09","modified_gmt":"2017-02-28T10:16:09","slug":"simplifier-vie-des-entreprises","status":"publish","type":"post","link":"https:\/\/www.efcformation.com\/reussite-efc\/social\/simplifier-vie-des-entreprises\/","title":{"rendered":"Des mesures pour simplifier la vie des entreprises"},"content":{"rendered":"<p><em><strong>Les charges administratives qui p\u00e8sent sur les entreprises vont se voir all\u00e9ger avec les changements qui vont intervenir dans les prochains mois au niveau des cotisations sociales. Cons\u00e9quence de tout cela\u00a0: 4 \u00e0 6 milliards d\u2019\u00e9conomie \u00e0 la cl\u00e9\u00a0!\u00a0Charg\u00e9 de proposer au Gouvernement les orientations strat\u00e9giques de la politique de simplification \u00e0 l\u2019\u00e9gard des entreprises, le Conseil de la Simplification vient de faire valider par le Pr\u00e9sident de la R\u00e9publique, 50 nouvelles mesures qui seront mises en place \u00e0 partir de maintenant ainsi que dans les mois \u00e0 venir. Comptamag vous en d\u00e9voile ici quelques unes\u00a0:<\/strong><\/em><\/p>\n<h2><strong>Simplification de la fiche de paie<\/strong><\/h2>\n<p>En vue de rendre les fiches de paie plus lisibles pour les salari\u00e9s, tous les all\u00e8gements actuellement en vigueur, et certainement ceux qui seront prochainement mis en place, devront \u00eatre pr\u00e9sent\u00e9s sur une unique ligne. Le but est de rapporter le nombre de lignes des bulletins de salaire \u00e0 5 ou 6, contre 30 aujourd&rsquo;hui.<\/p>\n<h2><strong>Disparition de certaines obligations<\/strong><\/h2>\n<p>Certaines d\u00e9clarations obligatoires vont dispara\u00eetre. Ainsi, les d\u00e9clarations d&rsquo;honoraires (DAS 2) ou les relev\u00e9s de frais g\u00e9n\u00e9raux seront supprim\u00e9es afin de permettre aux entreprises de gagner du temps.<\/p>\n<p>Par ailleurs, certaines professions se verront supprimer leurs obligations, comme c\u2019est le cas, par exemple, du boulanger qui doit d\u00e9clarer ses cong\u00e9s d\u2019\u00e9t\u00e9 \u00e0 la Pr\u00e9fecture\u2026<\/p>\n<h2><strong>G\u00e9n\u00e9ralisation de la notion de \u00ab\u00a0jour\u00a0\u00bb<\/strong><\/h2>\n<p>Des simplifications du Code du travail sont aussi en pour parler avec notamment des pr\u00e9cisions sur la notion de \u00ab\u00a0jour\u00a0\u00bb. En effet,\u00a0entre jour ouvr\u00e9, ouvrable ou calendaire&#8230;cela est souvent synonyme d\u2019incompr\u00e9hension tant pour les entreprises que pour les salari\u00e9s. D\u2019ici le 31 d\u00e9cembre 2014, une seule notion de \u00ab\u00a0jour\u00a0\u00bb devrait \u00eatre retenue afin de diminuer les risques d\u2019erreurs et de conflits.<\/p>\n<h2><strong>Maintien du Cr\u00e9dit d&rsquo;Imp\u00f4t pour la Comp\u00e9titivit\u00e9 et l\u2019Emploi (CICE)<\/strong><\/h2>\n<p>Les entreprises qui emploient des salari\u00e9s et qui sont soumises \u00e0 un r\u00e9gime r\u00e9el d\u2019imposition, quels que soient leur forme et le r\u00e9gime d\u2019imposition de leur r\u00e9sultat (imp\u00f4t sur le revenu ou imp\u00f4t sur les soci\u00e9t\u00e9s) peuvent b\u00e9n\u00e9ficier du CICE. Rappelons que le CICE, <em>Cr\u00e9dit d\u2019Imp\u00f4t pour la Comp\u00e9titivit\u00e9 et l\u2019Emploi<\/em>,\u00a0est une baisse de cotisations sociales, sous la forme d\u2019une r\u00e9duction de l\u2019imp\u00f4t. Cet avantage fiscal sera donc maintenu.<\/p>\n<h2><strong>Baisse des <\/strong><strong>cotisations d\u2019allocations familiales<\/strong><\/h2>\n<p>La cotisation d\u2019allocations familiales repr\u00e9sente pour les salaires une cotisation patronale de 5,25 % depuis le 1<sup>er<\/sup> janvier 2014. \u00c0 partir du 1<sup>er<\/sup> janvier 2016, ce taux serait abaiss\u00e9 de 1,8 %. Cette baisse toucherait dans un 1<sup>er <\/sup>temps les salaires dans la limite de 1,6 fois le SMIC, puis dans un 2<sup>nd<\/sup> temps les r\u00e9mun\u00e9rations brutes dans la limite de 3,5 fois le SMIC.<\/p>\n","protected":false},"excerpt":{"rendered":"<p>Les charges administratives qui p\u00e8sent sur les entreprises vont se voir all\u00e9ger avec les changements qui vont intervenir dans les prochains mois au niveau des cotisations sociales. Cons\u00e9quence de tout cela\u00a0: 4 \u00e0 6 milliards d\u2019\u00e9conomie \u00e0 la cl\u00e9\u00a0!\u00a0Charg\u00e9 de proposer au Gouvernement les orientations strat\u00e9giques de la politique de simplification \u00e0 l\u2019\u00e9gard des entreprises, [&hellip;]<\/p>\n","protected":false},"author":1,"featured_media":234,"comment_status":"open","ping_status":"open","sticky":false,"template":"","format":"standard","meta":[],"categories":[14],"tags":[],"yoast_head":"<!-- This site is optimized with the Yoast SEO plugin v19.5.1 - https:\/\/yoast.com\/wordpress\/plugins\/seo\/ -->\n<title>Des Mesures pour simplifier la Vie des Entreprises<\/title>\n<meta name=\"description\" content=\"Les charges administratives qui p\u00e8sent sur les entreprises vont se voir all\u00e9ger avec les changements qui vont intervenir d&#039;ici peu au niveau...\" \/>\n<meta name=\"robots\" content=\"index, follow, max-snippet:-1, max-image-preview:large, max-video-preview:-1\" \/>\n<link rel=\"canonical\" href=\"https:\/\/www.efcformation.com\/reussite-efc\/social\/simplifier-vie-des-entreprises\/\" \/>\n<meta property=\"og:locale\" content=\"fr_FR\" \/>\n<meta property=\"og:type\" content=\"article\" \/>\n<meta property=\"og:title\" content=\"Des Mesures pour simplifier la Vie des Entreprises\" \/>\n<meta property=\"og:description\" content=\"Les charges administratives qui p\u00e8sent sur les entreprises vont se voir all\u00e9ger avec les changements qui vont intervenir d&#039;ici peu au niveau...\" \/>\n<meta property=\"og:url\" content=\"https:\/\/www.efcformation.com\/reussite-efc\/social\/simplifier-vie-des-entreprises\/\" \/>\n<meta property=\"og:site_name\" content=\"Reussite EFC Fomation - Le Blog EFC Formation\" \/>\n<meta property=\"article:published_time\" content=\"2017-02-28T10:16:09+00:00\" \/>\n<meta property=\"og:image\" content=\"http:\/\/www.efcformation.com\/comptamag\/wp-content\/uploads\/2017\/02\/121-facebook-bandeau.jpg\" \/>\n<meta name=\"author\" content=\"EFCformation\" \/>\n<meta name=\"twitter:card\" content=\"summary\" \/>\n<meta name=\"twitter:label1\" content=\"\u00c9crit par\" \/>\n\t<meta name=\"twitter:data1\" content=\"EFCformation\" \/>\n\t<meta name=\"twitter:label2\" content=\"Dur\u00e9e de lecture estim\u00e9e\" \/>\n\t<meta name=\"twitter:data2\" content=\"2 minutes\" \/>\n<script type=\"application\/ld+json\" class=\"yoast-schema-graph\">{\"@context\":\"https:\/\/schema.org\",\"@graph\":[{\"@type\":\"WebPage\",\"@id\":\"https:\/\/www.efcformation.com\/reussite-efc\/social\/simplifier-vie-des-entreprises\/\",\"url\":\"https:\/\/www.efcformation.com\/reussite-efc\/social\/simplifier-vie-des-entreprises\/\",\"name\":\"Des Mesures pour simplifier la Vie des Entreprises\",\"isPartOf\":{\"@id\":\"https:\/\/www.efcformation.com\/reussite-efc\/#website\"},\"datePublished\":\"2017-02-28T10:16:09+00:00\",\"dateModified\":\"2017-02-28T10:16:09+00:00\",\"author\":{\"@id\":\"https:\/\/www.efcformation.com\/reussite-efc\/#\/schema\/person\/6263903b0179d0334456f7512d9d1430\"},\"description\":\"Les charges administratives qui p\u00e8sent sur les entreprises vont se voir all\u00e9ger avec les changements qui vont intervenir d'ici peu au niveau...\",\"breadcrumb\":{\"@id\":\"https:\/\/www.efcformation.com\/reussite-efc\/social\/simplifier-vie-des-entreprises\/#breadcrumb\"},\"inLanguage\":\"fr-FR\",\"potentialAction\":[{\"@type\":\"ReadAction\",\"target\":[\"https:\/\/www.efcformation.com\/reussite-efc\/social\/simplifier-vie-des-entreprises\/\"]}]},{\"@type\":\"BreadcrumbList\",\"@id\":\"https:\/\/www.efcformation.com\/reussite-efc\/social\/simplifier-vie-des-entreprises\/#breadcrumb\",\"itemListElement\":[{\"@type\":\"ListItem\",\"position\":1,\"name\":\"Accueil\",\"item\":\"https:\/\/www.efcformation.com\/reussite-efc\/\"},{\"@type\":\"ListItem\",\"position\":2,\"name\":\"Des mesures pour simplifier la vie des entreprises\"}]},{\"@type\":\"WebSite\",\"@id\":\"https:\/\/www.efcformation.com\/reussite-efc\/#website\",\"url\":\"https:\/\/www.efcformation.com\/reussite-efc\/\",\"name\":\"Reussite EFC Fomation - Le Blog EFC Formation\",\"description\":\"\",\"potentialAction\":[{\"@type\":\"SearchAction\",\"target\":{\"@type\":\"EntryPoint\",\"urlTemplate\":\"https:\/\/www.efcformation.com\/reussite-efc\/?s={search_term_string}\"},\"query-input\":\"required name=search_term_string\"}],\"inLanguage\":\"fr-FR\"},{\"@type\":\"Person\",\"@id\":\"https:\/\/www.efcformation.com\/reussite-efc\/#\/schema\/person\/6263903b0179d0334456f7512d9d1430\",\"name\":\"EFCformation\",\"image\":{\"@type\":\"ImageObject\",\"inLanguage\":\"fr-FR\",\"@id\":\"https:\/\/www.efcformation.com\/reussite-efc\/#\/schema\/person\/image\/\",\"url\":\"https:\/\/secure.gravatar.com\/avatar\/98b00a1c17dce21016b9ccce376ec821?s=96&d=mm&r=g\",\"contentUrl\":\"https:\/\/secure.gravatar.com\/avatar\/98b00a1c17dce21016b9ccce376ec821?s=96&d=mm&r=g\",\"caption\":\"EFCformation\"},\"url\":\"https:\/\/www.efcformation.com\/reussite-efc\/author\/paindesjacobins\/\"}]}<\/script>\n<!-- \/ Yoast SEO plugin. -->","yoast_head_json":{"title":"Des Mesures pour simplifier la Vie des Entreprises","description":"Les charges administratives qui p\u00e8sent sur les entreprises vont se voir all\u00e9ger avec les changements qui vont intervenir d'ici peu au niveau...","robots":{"index":"index","follow":"follow","max-snippet":"max-snippet:-1","max-image-preview":"max-image-preview:large","max-video-preview":"max-video-preview:-1"},"canonical":"https:\/\/www.efcformation.com\/reussite-efc\/social\/simplifier-vie-des-entreprises\/","og_locale":"fr_FR","og_type":"article","og_title":"Des Mesures pour simplifier la Vie des Entreprises","og_description":"Les charges administratives qui p\u00e8sent sur les entreprises vont se voir all\u00e9ger avec les changements qui vont intervenir d'ici peu au niveau...","og_url":"https:\/\/www.efcformation.com\/reussite-efc\/social\/simplifier-vie-des-entreprises\/","og_site_name":"Reussite EFC Fomation - Le Blog EFC Formation","article_published_time":"2017-02-28T10:16:09+00:00","og_image":[{"url":"http:\/\/www.efcformation.com\/comptamag\/wp-content\/uploads\/2017\/02\/121-facebook-bandeau.jpg"}],"author":"EFCformation","twitter_card":"summary","twitter_misc":{"\u00c9crit par":"EFCformation","Dur\u00e9e de lecture estim\u00e9e":"2 minutes"},"schema":{"@context":"https:\/\/schema.org","@graph":[{"@type":"WebPage","@id":"https:\/\/www.efcformation.com\/reussite-efc\/social\/simplifier-vie-des-entreprises\/","url":"https:\/\/www.efcformation.com\/reussite-efc\/social\/simplifier-vie-des-entreprises\/","name":"Des Mesures pour simplifier la Vie des Entreprises","isPartOf":{"@id":"https:\/\/www.efcformation.com\/reussite-efc\/#website"},"datePublished":"2017-02-28T10:16:09+00:00","dateModified":"2017-02-28T10:16:09+00:00","author":{"@id":"https:\/\/www.efcformation.com\/reussite-efc\/#\/schema\/person\/6263903b0179d0334456f7512d9d1430"},"description":"Les charges administratives qui p\u00e8sent sur les entreprises vont se voir all\u00e9ger avec les changements qui vont intervenir d'ici peu au niveau...","breadcrumb":{"@id":"https:\/\/www.efcformation.com\/reussite-efc\/social\/simplifier-vie-des-entreprises\/#breadcrumb"},"inLanguage":"fr-FR","potentialAction":[{"@type":"ReadAction","target":["https:\/\/www.efcformation.com\/reussite-efc\/social\/simplifier-vie-des-entreprises\/"]}]},{"@type":"BreadcrumbList","@id":"https:\/\/www.efcformation.com\/reussite-efc\/social\/simplifier-vie-des-entreprises\/#breadcrumb","itemListElement":[{"@type":"ListItem","position":1,"name":"Accueil","item":"https:\/\/www.efcformation.com\/reussite-efc\/"},{"@type":"ListItem","position":2,"name":"Des mesures pour simplifier la vie des entreprises"}]},{"@type":"WebSite","@id":"https:\/\/www.efcformation.com\/reussite-efc\/#website","url":"https:\/\/www.efcformation.com\/reussite-efc\/","name":"Reussite EFC Fomation - Le Blog EFC Formation","description":"","potentialAction":[{"@type":"SearchAction","target":{"@type":"EntryPoint","urlTemplate":"https:\/\/www.efcformation.com\/reussite-efc\/?s={search_term_string}"},"query-input":"required name=search_term_string"}],"inLanguage":"fr-FR"},{"@type":"Person","@id":"https:\/\/www.efcformation.com\/reussite-efc\/#\/schema\/person\/6263903b0179d0334456f7512d9d1430","name":"EFCformation","image":{"@type":"ImageObject","inLanguage":"fr-FR","@id":"https:\/\/www.efcformation.com\/reussite-efc\/#\/schema\/person\/image\/","url":"https:\/\/secure.gravatar.com\/avatar\/98b00a1c17dce21016b9ccce376ec821?s=96&d=mm&r=g","contentUrl":"https:\/\/secure.gravatar.com\/avatar\/98b00a1c17dce21016b9ccce376ec821?s=96&d=mm&r=g","caption":"EFCformation"},"url":"https:\/\/www.efcformation.com\/reussite-efc\/author\/paindesjacobins\/"}]}},"_links":{"self":[{"href":"https:\/\/www.efcformation.com\/reussite-efc\/wp-json\/wp\/v2\/posts\/233"}],"collection":[{"href":"https:\/\/www.efcformation.com\/reussite-efc\/wp-json\/wp\/v2\/posts"}],"about":[{"href":"https:\/\/www.efcformation.com\/reussite-efc\/wp-json\/wp\/v2\/types\/post"}],"author":[{"embeddable":true,"href":"https:\/\/www.efcformation.com\/reussite-efc\/wp-json\/wp\/v2\/users\/1"}],"replies":[{"embeddable":true,"href":"https:\/\/www.efcformation.com\/reussite-efc\/wp-json\/wp\/v2\/comments?post=233"}],"version-history":[{"count":1,"href":"https:\/\/www.efcformation.com\/reussite-efc\/wp-json\/wp\/v2\/posts\/233\/revisions"}],"predecessor-version":[{"id":235,"href":"https:\/\/www.efcformation.com\/reussite-efc\/wp-json\/wp\/v2\/posts\/233\/revisions\/235"}],"wp:featuredmedia":[{"embeddable":true,"href":"https:\/\/www.efcformation.com\/reussite-efc\/wp-json\/wp\/v2\/media\/234"}],"wp:attachment":[{"href":"https:\/\/www.efcformation.com\/reussite-efc\/wp-json\/wp\/v2\/media?parent=233"}],"wp:term":[{"taxonomy":"category","embeddable":true,"href":"https:\/\/www.efcformation.com\/reussite-efc\/wp-json\/wp\/v2\/categories?post=233"},{"taxonomy":"post_tag","embeddable":true,"href":"https:\/\/www.efcformation.com\/reussite-efc\/wp-json\/wp\/v2\/tags?post=233"}],"curies":[{"name":"wp","href":"https:\/\/api.w.org\/{rel}","templated":true}]}}