{"id":2337,"date":"2020-04-08T13:54:58","date_gmt":"2020-04-08T11:54:58","guid":{"rendered":"https:\/\/www.efcformation.com\/comptamag\/?p=2337"},"modified":"2024-03-13T10:26:24","modified_gmt":"2024-03-13T09:26:24","slug":"concilier-formation-enfants-confinement","status":"publish","type":"post","link":"https:\/\/www.efcformation.com\/reussite-efc\/efcnews\/concilier-formation-enfants-confinement\/","title":{"rendered":"Confinement : Quelques conseils pour concilier formation \u00e0 distance et enfants"},"content":{"rendered":"<p><span style=\"font-weight: 400;\">Nous pourrions faire un article g\u00e9n\u00e9raliste sur comment s\u2019organiser pour bien g\u00e9rer son apprentissage, se doter d\u2019une routine, etc. Nous avions d&rsquo;ailleurs d\u00e9j\u00e0 publi\u00e9 des <strong><a href=\"https:\/\/www.efcformation.com\/reussite-efc\/efcnews\/formation-a-distance-parent\/\">retours d&rsquo;\u00e9l\u00e8ves qui conciliaient formation \u00e0 distance et vie de famille<\/a><\/strong>. Mais la r\u00e9alit\u00e9, c\u2019est que nous vivons une p\u00e9riode exceptionnelle, et qu\u2019il nous faut nous adapter \u00e0 chaque situation, et que chacun d\u2019entre-nous vit une situation diff\u00e9rente :<\/span><\/p>\n<ul>\n<li style=\"font-weight: 400;\"><span style=\"font-weight: 400;\">les couples qui parviennent \u00e0 alterner les r\u00f4les pour laisser l\u2019autre respirer et avancer,<\/span><\/li>\n<li style=\"font-weight: 400;\"><span style=\"font-weight: 400;\">les parents divorc\u00e9s, qui doivent g\u00e9rer seuls leur(s) enfants,&nbsp;<\/span><\/li>\n<li style=\"font-weight: 400;\"><span style=\"font-weight: 400;\">ceux qui ont des enfants en bas \u00e2ge,&nbsp;<\/span><\/li>\n<li style=\"font-weight: 400;\"><span style=\"font-weight: 400;\">ceux qui doivent parall\u00e8lement se d\u00e9placer sur leur lieu de travail,<\/span><\/li>\n<li style=\"font-weight: 400;\"><span style=\"font-weight: 400;\">ceux qui cumulent une ou plusieurs de ces situations, et se sentent d\u00e9pass\u00e9s.<\/span><\/li>\n<\/ul>\n<p><span style=\"font-weight: 400;\">Alors, ce que nous vous proposons de faire ici, c\u2019est une s\u00e9lection d\u2019articles qui nous ont paru utiles et recensent \u00e9norm\u00e9ment d\u2019informations.&nbsp;<\/span><\/p>\n<p><span style=\"font-weight: 400;\">Mais des premiers \u00e9changes lus sur Facebook, nous voulons attirer votre attention sur un point essentiel. L\u2019important, c\u2019est avant tout de prendre soin de vous, pour que vos enfants puissent aller bien.<\/span><\/p>\n<p><span style=\"font-weight: 400;\">La dur\u00e9e d\u2019\u00e9tudes n\u2019est pas un probl\u00e8me : vous pouvez faire une pause de quelques jours le temps de vous organiser, ou r\u00e9duire l\u2019intensit\u00e9 de votre programme d\u2019apprentissage. Notre \u00e9cole sera l\u00e0 pour vous et pour vous aider au maximum.&nbsp;<\/span><\/p>\n<p><span style=\"font-weight: 400;\">Mais voici notre s\u00e9lection d\u2019articles, et pourquoi ils nous ont paru important \u00e0 vous partager.<\/span><\/p>\n<h2 class=\"article__title\">Nos vies confin\u00e9es&nbsp;: \u00ab&nbsp;Avec des enfants petits, le t\u00e9l\u00e9travail, c\u2019est franchement compliqu\u00e9&nbsp;\u00bb<\/h2>\n<p><span style=\"font-weight: 400;\">Ce premier article du Monde est un chat\u2019 dans lequel la psychoth\u00e9rapeute Isabelle Filliozat, r\u00e9pondait \u00e0 diff\u00e9rentes situations, et donnait des conseils adapt\u00e9s, temps \u00e0 la gestion du t\u00e9l\u00e9travail, qu\u2019aux angoisses des enfants, mais aussi la gestion des crises, quand elles surviennent. Quelques exemples :<\/span><\/p>\n<ul>\n<li style=\"font-weight: 400;\"><span style=\"font-weight: 400;\">A la maison (en t\u00e9l\u00e9travail) avec des jumelles de 2 ans et demi et une fille de 7 ans, comment s\u2019organiser pour que tout le monde s\u2019y retrouve ?<\/span><\/li>\n<li style=\"font-weight: 400;\"><span style=\"font-weight: 400;\">Comment expliquer aux enfants qu\u2019il y a un temps pour le t\u00e9l\u00e9travail des parents et qu\u2019il faut \u00eatre calme pendant ce temps (parfois long) ?<\/span><\/li>\n<li style=\"font-weight: 400;\"><span style=\"font-weight: 400;\">Deux enfants de 6 et 8 ans, chef d\u2019entreprise, un mari qui bosse beaucoup car grosse activit\u00e9 en cette p\u00e9riode de crise\u2026 je n\u2019en peux plus. Que faire ?<\/span><\/li>\n<li style=\"font-weight: 400;\"><span style=\"font-weight: 400;\">Apr\u00e8s trois premi\u00e8res semaines de confinement plut\u00f4t r\u00e9ussies avec mes deux enfants, je suis irritable depuis peu, notamment en raison de pr\u00e9occupations professionnelles. Comment parvenir \u00e0 remettre de la distance entre le travail et ma vie priv\u00e9e ?<\/span><\/li>\n<\/ul>\n<p><span style=\"font-weight: 400;\">Voici cet article du Monde, avec les solutions d\u2019Isabelle Filliozat<\/span><\/p>\n<p><a href=\"https:\/\/www.lemonde.fr\/m-perso\/article\/2020\/04\/06\/nos-vies-confinees-avec-des-enfants-petits-le-teletravail-c-est-franchement-complique_6035756_4497916.html\" target=\"_blank\" rel=\"noopener noreferrer\"><span style=\"font-weight: 400;\">https:\/\/www.lemonde.fr\/m-perso\/article\/2020\/04\/06\/nos-vies-confinees-avec-des-enfants-petits-le-teletravail-c-est-franchement-complique_6035756_4497916.html<\/span><\/a><\/p>\n<h2>T\u00e9l\u00e9travail&nbsp;: quelles solutions pour occuper vos enfants&nbsp;?<\/h2>\n<p><span style=\"font-weight: 400;\">Cet article donne plut\u00f4t des conseils et des id\u00e9es pour organiser la vie des enfants, les faire participer \u00e0 la vie familiale, et leur faire d\u00e9couvrir des podcasts de contes. Il y a de conseils tant pour les petits que les grands\u2026<\/span><\/p>\n<p><a href=\"https:\/\/www.maddyness.com\/2020\/03\/17\/coronavirus-teletravail-activites-enfant\/\" target=\"_blank\" rel=\"noopener noreferrer\"><span style=\"font-weight: 400;\">https:\/\/www.maddyness.com\/2020\/03\/17\/coronavirus-teletravail-activites-enfant\/<\/span><\/a><span style=\"font-weight: 400;\">&nbsp;<\/span><\/p>\n<h2>Enfance &amp; Covid<\/h2>\n<p><span style=\"font-weight: 400;\">Enfin, voici un site ressource d\u00e9di\u00e9 \u00e0 l\u2019enfance, sous forme de fiches pratiques \u00e0 t\u00e9l\u00e9charger. Quelques exemples :<\/span><\/p>\n<ul>\n<li style=\"font-weight: 400;\"><span style=\"font-weight: 400;\">Prendre soin de soi en tant que parent<\/span><\/li>\n<li style=\"font-weight: 400;\"><span style=\"font-weight: 400;\">Mettre en place l\u2019\u00e9cole \u00e0 la maison<\/span><\/li>\n<li style=\"font-weight: 400;\"><span style=\"font-weight: 400;\">Pr\u00e9venir le Burn-Out parental<\/span><\/li>\n<li style=\"font-weight: 400;\"><span style=\"font-weight: 400;\">La question de l&rsquo;ennui et la gestion de l&rsquo;espace ou comment avoir un coin \u00ab travail \u00bb, \u00ab \u00e9cole \u00bb \u2026<\/span><\/li>\n<li style=\"font-weight: 400;\"><span style=\"font-weight: 400;\">Quand les parents montrent l\u2019exemple<\/span><\/li>\n<\/ul>\n<p><span style=\"font-weight: 400;\">Les r\u00e9actions les plus fr\u00e9quentes face au stress en fonction de l\u2019\u00e2ge et la fa\u00e7on d\u2019y r\u00e9pondre&#8230;<\/span><\/p>\n<p><a href=\"http:\/\/www.enfance-et-covid.org\/\" target=\"_blank\" rel=\"noopener noreferrer\"><span style=\"font-weight: 400;\">http:\/\/www.enfance-et-covid.org\/<\/span><\/a><\/p>\n<p><span style=\"font-weight: 400;\">Sur un r\u00e9cent post de notre page Facebook, de nombreux \u00e9l\u00e8ves, qui vivent cette situation, ont d\u00e9j\u00e0 partag\u00e9 leurs astuces, et nous les en remercions.&nbsp;<\/span><\/p>\n<p><span style=\"font-weight: 400;\">Nous vous proposons de les publier ici, au fur et \u00e0 mesure qu\u2019ils nous donneront leur accord pour les reproduire.<\/span><\/p>\n","protected":false},"excerpt":{"rendered":"<p>Nous pourrions faire un article g\u00e9n\u00e9raliste sur comment s\u2019organiser pour bien g\u00e9rer son apprentissage, se doter d\u2019une routine, etc. Nous avions d&rsquo;ailleurs d\u00e9j\u00e0 publi\u00e9 des retours d&rsquo;\u00e9l\u00e8ves qui conciliaient formation \u00e0 distance et vie de famille. Mais la r\u00e9alit\u00e9, c\u2019est que nous vivons une p\u00e9riode exceptionnelle, et qu\u2019il nous faut nous adapter \u00e0 chaque situation, [&hellip;]<\/p>\n","protected":false},"author":1,"featured_media":2687,"comment_status":"open","ping_status":"open","sticky":false,"template":"","format":"standard","meta":[],"categories":[15],"tags":[],"yoast_head":"<!-- This site is optimized with the Yoast SEO plugin v19.5.1 - https:\/\/yoast.com\/wordpress\/plugins\/seo\/ -->\n<title>Concilier formation \u00e0 distance et enfants pendant le confinement<\/title>\n<meta name=\"description\" content=\"Nous vous proposons une s\u00e9lection d\u2019articles qui nous ont paru utiles et recensent \u00e9norm\u00e9ment d\u2019informations pour cette p\u00e9riode.\" \/>\n<meta name=\"robots\" content=\"index, follow, max-snippet:-1, max-image-preview:large, max-video-preview:-1\" \/>\n<link rel=\"canonical\" href=\"https:\/\/www.efcformation.com\/reussite-efc\/efcnews\/concilier-formation-enfants-confinement\/\" \/>\n<meta property=\"og:locale\" content=\"fr_FR\" \/>\n<meta property=\"og:type\" content=\"article\" \/>\n<meta property=\"og:title\" content=\"Confinement : Quelques conseils pour concilier formation \u00e0 distance et enfants\" \/>\n<meta property=\"og:description\" content=\"Nous vous proposons une s\u00e9lection d\u2019articles qui nous ont paru utiles et recensent \u00e9norm\u00e9ment d\u2019informations pour cette p\u00e9riode.\" \/>\n<meta property=\"og:url\" content=\"https:\/\/www.efcformation.com\/reussite-efc\/efcnews\/concilier-formation-enfants-confinement\/\" \/>\n<meta property=\"og:site_name\" content=\"Reussite EFC Fomation - Le Blog EFC Formation\" \/>\n<meta property=\"article:published_time\" content=\"2020-04-08T11:54:58+00:00\" \/>\n<meta property=\"article:modified_time\" content=\"2024-03-13T09:26:24+00:00\" \/>\n<meta property=\"og:image\" content=\"https:\/\/www.efcformation.com\/comptamag\/wp-content\/uploads\/2020\/04\/shutterstock_1675243270.jpg\" \/>\n<meta name=\"author\" content=\"EFCformation\" \/>\n<meta name=\"twitter:card\" content=\"summary\" \/>\n<meta name=\"twitter:label1\" content=\"\u00c9crit par\" \/>\n\t<meta name=\"twitter:data1\" content=\"EFCformation\" \/>\n\t<meta name=\"twitter:label2\" content=\"Dur\u00e9e de lecture estim\u00e9e\" \/>\n\t<meta name=\"twitter:data2\" content=\"3 minutes\" \/>\n<script type=\"application\/ld+json\" class=\"yoast-schema-graph\">{\"@context\":\"https:\/\/schema.org\",\"@graph\":[{\"@type\":\"WebPage\",\"@id\":\"https:\/\/www.efcformation.com\/reussite-efc\/efcnews\/concilier-formation-enfants-confinement\/\",\"url\":\"https:\/\/www.efcformation.com\/reussite-efc\/efcnews\/concilier-formation-enfants-confinement\/\",\"name\":\"Concilier formation \u00e0 distance et enfants pendant le confinement\",\"isPartOf\":{\"@id\":\"https:\/\/www.efcformation.com\/reussite-efc\/#website\"},\"datePublished\":\"2020-04-08T11:54:58+00:00\",\"dateModified\":\"2024-03-13T09:26:24+00:00\",\"author\":{\"@id\":\"https:\/\/www.efcformation.com\/reussite-efc\/#\/schema\/person\/6263903b0179d0334456f7512d9d1430\"},\"description\":\"Nous vous proposons une s\u00e9lection d\u2019articles qui nous ont paru utiles et recensent \u00e9norm\u00e9ment d\u2019informations pour cette p\u00e9riode.\",\"breadcrumb\":{\"@id\":\"https:\/\/www.efcformation.com\/reussite-efc\/efcnews\/concilier-formation-enfants-confinement\/#breadcrumb\"},\"inLanguage\":\"fr-FR\",\"potentialAction\":[{\"@type\":\"ReadAction\",\"target\":[\"https:\/\/www.efcformation.com\/reussite-efc\/efcnews\/concilier-formation-enfants-confinement\/\"]}]},{\"@type\":\"BreadcrumbList\",\"@id\":\"https:\/\/www.efcformation.com\/reussite-efc\/efcnews\/concilier-formation-enfants-confinement\/#breadcrumb\",\"itemListElement\":[{\"@type\":\"ListItem\",\"position\":1,\"name\":\"Accueil\",\"item\":\"https:\/\/www.efcformation.com\/reussite-efc\/\"},{\"@type\":\"ListItem\",\"position\":2,\"name\":\"Confinement : Quelques conseils pour concilier formation \u00e0 distance et enfants\"}]},{\"@type\":\"WebSite\",\"@id\":\"https:\/\/www.efcformation.com\/reussite-efc\/#website\",\"url\":\"https:\/\/www.efcformation.com\/reussite-efc\/\",\"name\":\"Reussite EFC Fomation - Le Blog EFC Formation\",\"description\":\"\",\"potentialAction\":[{\"@type\":\"SearchAction\",\"target\":{\"@type\":\"EntryPoint\",\"urlTemplate\":\"https:\/\/www.efcformation.com\/reussite-efc\/?s={search_term_string}\"},\"query-input\":\"required name=search_term_string\"}],\"inLanguage\":\"fr-FR\"},{\"@type\":\"Person\",\"@id\":\"https:\/\/www.efcformation.com\/reussite-efc\/#\/schema\/person\/6263903b0179d0334456f7512d9d1430\",\"name\":\"EFCformation\",\"image\":{\"@type\":\"ImageObject\",\"inLanguage\":\"fr-FR\",\"@id\":\"https:\/\/www.efcformation.com\/reussite-efc\/#\/schema\/person\/image\/\",\"url\":\"https:\/\/secure.gravatar.com\/avatar\/98b00a1c17dce21016b9ccce376ec821?s=96&d=mm&r=g\",\"contentUrl\":\"https:\/\/secure.gravatar.com\/avatar\/98b00a1c17dce21016b9ccce376ec821?s=96&d=mm&r=g\",\"caption\":\"EFCformation\"},\"url\":\"https:\/\/www.efcformation.com\/reussite-efc\/author\/paindesjacobins\/\"}]}<\/script>\n<!-- \/ Yoast SEO plugin. -->","yoast_head_json":{"title":"Concilier formation \u00e0 distance et enfants pendant le confinement","description":"Nous vous proposons une s\u00e9lection d\u2019articles qui nous ont paru utiles et recensent \u00e9norm\u00e9ment d\u2019informations pour cette p\u00e9riode.","robots":{"index":"index","follow":"follow","max-snippet":"max-snippet:-1","max-image-preview":"max-image-preview:large","max-video-preview":"max-video-preview:-1"},"canonical":"https:\/\/www.efcformation.com\/reussite-efc\/efcnews\/concilier-formation-enfants-confinement\/","og_locale":"fr_FR","og_type":"article","og_title":"Confinement : Quelques conseils pour concilier formation \u00e0 distance et enfants","og_description":"Nous vous proposons une s\u00e9lection d\u2019articles qui nous ont paru utiles et recensent \u00e9norm\u00e9ment d\u2019informations pour cette p\u00e9riode.","og_url":"https:\/\/www.efcformation.com\/reussite-efc\/efcnews\/concilier-formation-enfants-confinement\/","og_site_name":"Reussite EFC Fomation - Le Blog EFC Formation","article_published_time":"2020-04-08T11:54:58+00:00","article_modified_time":"2024-03-13T09:26:24+00:00","og_image":[{"url":"https:\/\/www.efcformation.com\/comptamag\/wp-content\/uploads\/2020\/04\/shutterstock_1675243270.jpg"}],"author":"EFCformation","twitter_card":"summary","twitter_misc":{"\u00c9crit par":"EFCformation","Dur\u00e9e de lecture estim\u00e9e":"3 minutes"},"schema":{"@context":"https:\/\/schema.org","@graph":[{"@type":"WebPage","@id":"https:\/\/www.efcformation.com\/reussite-efc\/efcnews\/concilier-formation-enfants-confinement\/","url":"https:\/\/www.efcformation.com\/reussite-efc\/efcnews\/concilier-formation-enfants-confinement\/","name":"Concilier formation \u00e0 distance et enfants pendant le confinement","isPartOf":{"@id":"https:\/\/www.efcformation.com\/reussite-efc\/#website"},"datePublished":"2020-04-08T11:54:58+00:00","dateModified":"2024-03-13T09:26:24+00:00","author":{"@id":"https:\/\/www.efcformation.com\/reussite-efc\/#\/schema\/person\/6263903b0179d0334456f7512d9d1430"},"description":"Nous vous proposons une s\u00e9lection d\u2019articles qui nous ont paru utiles et recensent \u00e9norm\u00e9ment d\u2019informations pour cette p\u00e9riode.","breadcrumb":{"@id":"https:\/\/www.efcformation.com\/reussite-efc\/efcnews\/concilier-formation-enfants-confinement\/#breadcrumb"},"inLanguage":"fr-FR","potentialAction":[{"@type":"ReadAction","target":["https:\/\/www.efcformation.com\/reussite-efc\/efcnews\/concilier-formation-enfants-confinement\/"]}]},{"@type":"BreadcrumbList","@id":"https:\/\/www.efcformation.com\/reussite-efc\/efcnews\/concilier-formation-enfants-confinement\/#breadcrumb","itemListElement":[{"@type":"ListItem","position":1,"name":"Accueil","item":"https:\/\/www.efcformation.com\/reussite-efc\/"},{"@type":"ListItem","position":2,"name":"Confinement : Quelques conseils pour concilier formation \u00e0 distance et enfants"}]},{"@type":"WebSite","@id":"https:\/\/www.efcformation.com\/reussite-efc\/#website","url":"https:\/\/www.efcformation.com\/reussite-efc\/","name":"Reussite EFC Fomation - Le Blog EFC Formation","description":"","potentialAction":[{"@type":"SearchAction","target":{"@type":"EntryPoint","urlTemplate":"https:\/\/www.efcformation.com\/reussite-efc\/?s={search_term_string}"},"query-input":"required name=search_term_string"}],"inLanguage":"fr-FR"},{"@type":"Person","@id":"https:\/\/www.efcformation.com\/reussite-efc\/#\/schema\/person\/6263903b0179d0334456f7512d9d1430","name":"EFCformation","image":{"@type":"ImageObject","inLanguage":"fr-FR","@id":"https:\/\/www.efcformation.com\/reussite-efc\/#\/schema\/person\/image\/","url":"https:\/\/secure.gravatar.com\/avatar\/98b00a1c17dce21016b9ccce376ec821?s=96&d=mm&r=g","contentUrl":"https:\/\/secure.gravatar.com\/avatar\/98b00a1c17dce21016b9ccce376ec821?s=96&d=mm&r=g","caption":"EFCformation"},"url":"https:\/\/www.efcformation.com\/reussite-efc\/author\/paindesjacobins\/"}]}},"_links":{"self":[{"href":"https:\/\/www.efcformation.com\/reussite-efc\/wp-json\/wp\/v2\/posts\/2337"}],"collection":[{"href":"https:\/\/www.efcformation.com\/reussite-efc\/wp-json\/wp\/v2\/posts"}],"about":[{"href":"https:\/\/www.efcformation.com\/reussite-efc\/wp-json\/wp\/v2\/types\/post"}],"author":[{"embeddable":true,"href":"https:\/\/www.efcformation.com\/reussite-efc\/wp-json\/wp\/v2\/users\/1"}],"replies":[{"embeddable":true,"href":"https:\/\/www.efcformation.com\/reussite-efc\/wp-json\/wp\/v2\/comments?post=2337"}],"version-history":[{"count":9,"href":"https:\/\/www.efcformation.com\/reussite-efc\/wp-json\/wp\/v2\/posts\/2337\/revisions"}],"predecessor-version":[{"id":4495,"href":"https:\/\/www.efcformation.com\/reussite-efc\/wp-json\/wp\/v2\/posts\/2337\/revisions\/4495"}],"wp:featuredmedia":[{"embeddable":true,"href":"https:\/\/www.efcformation.com\/reussite-efc\/wp-json\/wp\/v2\/media\/2687"}],"wp:attachment":[{"href":"https:\/\/www.efcformation.com\/reussite-efc\/wp-json\/wp\/v2\/media?parent=2337"}],"wp:term":[{"taxonomy":"category","embeddable":true,"href":"https:\/\/www.efcformation.com\/reussite-efc\/wp-json\/wp\/v2\/categories?post=2337"},{"taxonomy":"post_tag","embeddable":true,"href":"https:\/\/www.efcformation.com\/reussite-efc\/wp-json\/wp\/v2\/tags?post=2337"}],"curies":[{"name":"wp","href":"https:\/\/api.w.org\/{rel}","templated":true}]}}