{"id":2368,"date":"2020-11-16T14:53:56","date_gmt":"2020-11-16T13:53:56","guid":{"rendered":"https:\/\/www.efcformation.com\/comptamag\/?p=2368"},"modified":"2024-03-20T15:13:13","modified_gmt":"2024-03-20T14:13:13","slug":"interview-alexandre-aide-comptable","status":"publish","type":"post","link":"https:\/\/www.efcformation.com\/reussite-efc\/reussite-efc\/interview-alexandre-aide-comptable\/","title":{"rendered":"[Interview] Alexandre a r\u00e9ussi sa formation aide-comptable, tout en travaillant en parall\u00e8le"},"content":{"rendered":"<p><b>Bonjour Alexandre ! Merci d\u2019avoir pris ces quelques minutes pour r\u00e9pondre \u00e0 nos questions ! Pourriez-vous commencer par vous pr\u00e9senter, en quelques mots ?<\/b><\/p>\n<p><span style=\"font-weight: 400;\">Je m&rsquo;appelle Alexandre, j&rsquo;ai 33 ans, je travaille en ESAT dans les espaces verts, la tonte, l&rsquo;entretien de mat\u00e9riel, et j&rsquo;ai choisi cette formation, parce que j&rsquo;aimais bien la comptabilit\u00e9.<\/span><\/p>\n<p><b>C&rsquo;est-\u00e0-dire ? Vous en aviez d\u00e9j\u00e0 fait, de la comptabilit\u00e9 ?<\/b><\/p>\n<p><span style=\"font-weight: 400;\">Non, mais j&rsquo;aimais bien le monde des chiffres. J&rsquo;aime bien regarder les factures, comprendre. Je regarde les devis avec mon chef, je lui explique ce qu&rsquo;est le HT, par exemple. Oui, \u00e7a m&rsquo;a toujours int\u00e9ress\u00e9, de comprendre&#8230; J&rsquo;aime bien m&rsquo;enrichir de beaucoup de choses.<\/span><\/p>\n<p><span style=\"font-weight: 400;\">Apr\u00e8s, dans mon m\u00e9tier, il y a des devis \u00e0 faire, de la facturation, et je me suis dit que \u00e7a me ferait un outil en plus. Et c&rsquo;est bien, parce que franchement, \u00e7a m&rsquo;a permis de d\u00e9couvrir tout plein de choses li\u00e9es \u00e0 la comptabilit\u00e9 que je n&rsquo;aurais pas su avant : le bilan, le compte de r\u00e9sultat&#8230;<\/span><\/p>\n<p><b>Mais pourquoi une formation \u00e0 distance ?<\/b><\/p>\n<p><span style=\"font-weight: 400;\">Ce n&rsquo;\u00e9tait pas vraiment un choix. Je suis tomb\u00e9 sur votre \u00e9cole, \u00e7a m&rsquo;a plu. Apr\u00e8s, \u00e7a ne m&rsquo;a pas pos\u00e9 de probl\u00e8me, la formation \u00e0 distance : je pouvais du coup m&rsquo;organiser comme je voulais, une fois une heure, une fois une heure et demie, en fonction de mon \u00e9tat de fatigue, car je travaille dans le paysagisme, c&rsquo;est un m\u00e9tier physique.<\/span><\/p>\n<p><b>Vous faites partie d&rsquo;un ESAT : c&rsquo;est votre employeur qui a financ\u00e9 votre formation ?<\/b><\/p>\n<p><span style=\"font-weight: 400;\">Oui, j&rsquo;ai demand\u00e9 un devis \u00e0 l&rsquo;EFC. On passe par un organisme de financement. On cotise justement chaque mois, pour financer une formation.<\/span><\/p>\n<p><span style=\"font-weight: 400;\">Le temps que le chef fasse la demande, que \u00e7a se passe. d\u00e8s qu&rsquo;il a re\u00e7u l&rsquo;attestation de financement que j&rsquo;ai transmis \u00e0 l&rsquo;EFC, et voil\u00e0, c&rsquo;\u00e9tait bon, \u00e7a a pris 100% de ma formation.&nbsp;<\/span><\/p>\n<p><b>Vous saviez quelle formation vous alliez suivre, en nous contactant ?<\/b><\/p>\n<p><span style=\"font-weight: 400;\">Pas du tout. Je savais juste que je voulais une formation dans la compta.&nbsp;<\/span><\/p>\n<p><span style=\"font-weight: 400;\">J&rsquo;ai eu mme Fellahi, au t\u00e9l\u00e9phone : elle m&rsquo;a demand\u00e9 les dipl\u00f4mes que j&rsquo;avais, mes attentes, elle m&rsquo;a demand\u00e9 aussi mon CV, et fait remplir un papier pour savoir combien de temps j&rsquo;allais consacrer chaque semaine ou chaque jour, je ne sais plus.&nbsp;<\/span><\/p>\n<p><span style=\"font-weight: 400;\">Elle m&rsquo;a recommand\u00e9 ma formation suite \u00e0 tout ce que j&rsquo;avais pu lui dire.<\/span><\/p>\n<p><b>On pr\u00e9conise 9 mois, \u00e0 raison d\u2019une dizaine d\u2019heures de travail par semaine, pour cette formation d\u2019Aide-Comptable, mais vous, en combien de temps avez-vous suivi cette formation ?<\/b><\/p>\n<p><span style=\"font-weight: 400;\">Deux ans et demi, presque trois. M. Lassara m&rsquo;a dit que je pouvais la faire en quatre ans maximum.<\/span><\/p>\n<p><img loading=\"lazy\" class=\"aligncenter size-large wp-image-2369\" src=\"https:\/\/www.efcformation.com\/comptamag\/wp-content\/uploads\/2020\/11\/63179D1829C00-13E8-4738-95CF-5D1B93E342DE-2-1024x616.jpg\" alt=\"alexandre-aide-comptable\" width=\"750\" height=\"451\" srcset=\"https:\/\/www.efcformation.com\/reussite-efc\/wp-content\/uploads\/2020\/11\/63179D1829C00-13E8-4738-95CF-5D1B93E342DE-2-1024x616.jpg 1024w, https:\/\/www.efcformation.com\/reussite-efc\/wp-content\/uploads\/2020\/11\/63179D1829C00-13E8-4738-95CF-5D1B93E342DE-2-300x181.jpg 300w, https:\/\/www.efcformation.com\/reussite-efc\/wp-content\/uploads\/2020\/11\/63179D1829C00-13E8-4738-95CF-5D1B93E342DE-2-768x462.jpg 768w\" sizes=\"(max-width: 750px) 100vw, 750px\" \/><\/p>\n<p><b>Et vous avez suivi les EFCLive ?<\/b><\/p>\n<p><span style=\"font-weight: 400;\">Oui, certains \u00e9taient un peu plus compliqu\u00e9s, que je ne comprenais pas mais si tel \u00e9tait le cas, je prenais des notes, et j&rsquo;appelais le professeur s&rsquo;il faisait partie des professeurs, ou ses coll\u00e8gues s&rsquo;il n&rsquo;\u00e9tait pas disponible. Ils \u00e9taient tr\u00e8s p\u00e9dagogues, rien \u00e0 redire.&nbsp;<\/span><\/p>\n<p><span style=\"font-weight: 400;\">Ils ont toujours \u00e9t\u00e9 l\u00e0 quand j&rsquo;avais besoin d&rsquo;eux.<\/span><\/p>\n<p><b>C&rsquo;est une excellente id\u00e9e, en effet. C&rsquo;est vrai qu&rsquo;on a beaucoup d&rsquo;\u00e9l\u00e8ves qui n&rsquo;osent pas appeler, ou se d\u00e9couragent s&rsquo;ils n&rsquo;ont pas tout de suite quelqu&rsquo;un. Or, m\u00eame pendant les p\u00e9riodes de haute activit\u00e9, ou pendant le confinement, nous nous effor\u00e7ons syst\u00e9matiquement de rappeler l&rsquo;\u00e9l\u00e8ve.<\/b><\/p>\n<p><span style=\"font-weight: 400;\">En fait, s&rsquo;il y a un conseil \u00e0 donner aux autres \u00e9l\u00e8ves, c&rsquo;est \u00e7a : n&rsquo;h\u00e9sitez pas \u00e0 appeler les profs. Que ce soit Mme Romero, M. Lassara, M. De Freitas, M. Elatri, ou m\u00eame M. Templier qui a remplac\u00e9 M. Elatri, ils \u00e9taient vraiment disponibles.&nbsp;<\/span><\/p>\n<p><span style=\"font-weight: 400;\">Par contre, les classes virtuelles \u00e0 14h30, je travaille, je ne pouvais pas y aller, c&rsquo;\u00e9tait un peu dommage.<\/span><\/p>\n<p><b>Concernant vos devoirs, le principe \u00e0 l&rsquo;EFC, c&rsquo;est certes de donner une note, mais surtout de mettre des annotations, des commentaires. Ils \u00e9taient compr\u00e9hensibles ?<\/b><\/p>\n<p><span style=\"font-weight: 400;\">Oui, puis apr\u00e8s, j&rsquo;appelais si vraiment, c&rsquo;\u00e9tait trop large. Par exemple, M. De Freitas, un jour, m&rsquo;a mis \u00ab\u00a0ensemble tr\u00e8s moyen, les notions ne sont pas acquises\u00a0\u00bb comme annotation. Du coup, j&rsquo;ai appel\u00e9 pour en savoir plus.<\/span><\/p>\n<p><span style=\"font-weight: 400;\">Mais apr\u00e8s, si je butais sur un devoir, les professeurs me renvoyaient vers une le\u00e7on ou un passage de la le\u00e7on, au lieu de me donner la r\u00e9ponse. Ils me conseillaient aussi de passer par le E-Learning, pour mieux comprendre certains points.<\/span><\/p>\n<p><span style=\"font-weight: 400;\">Mais bon ! je me dis que c&rsquo;est la 1\u00e8re fois que j&rsquo;\u00e9tudie \u00e0 distance. C&rsquo;est pas la m\u00eame chose que quand on est en classe, o\u00f9 on n&rsquo;a qu&rsquo;\u00e0 lever la main. L\u00e0, j&rsquo;avais un listing avec tous les horaires des professeurs, mais s&rsquo;ils n\u2019\u00e9taient pas dispo, on prenait un RDV.&nbsp;<\/span><\/p>\n<p><span style=\"font-weight: 400;\">Apr\u00e8s, il faut avoir la volont\u00e9, la motivation, et surtout ne pas h\u00e9siter \u00e0 appeler les professeurs, vraiment les appeler. Ne pas non plus h\u00e9siter \u00e0 prendre les replays. Mais primordial, la motivation.<\/span><\/p>\n<p><b>Mais justement, comment faisiez-vous pour garder la motivation ? Vous vous \u00eates fix\u00e9 des objectifs ?<\/b><\/p>\n<p><span style=\"font-weight: 400;\">Une journ\u00e9e ou deux par semaine. Une heure par ci, une heure par l\u00e0. Des fois, si je passais une journ\u00e9e sur mes cours, ou sur un devoir, je laissais une journ\u00e9e de battement.&nbsp;<\/span><\/p>\n<p><span style=\"font-weight: 400;\">Les professeurs m&rsquo;ont conseill\u00e9 de bien relire les cours, de laisser un temps d&rsquo;assimilation, et que si je n&rsquo;arrivais pas \u00e0 faire un devoir, de prendre les le\u00e7ons \u00e0 c\u00f4t\u00e9, pour appliquer.<\/span><\/p>\n<p><b>Effectivement, quand on suit une formation, l&rsquo;essentiel n&rsquo;est pas la note, mais bien l&rsquo;acquisition des comp\u00e9tences, et surtout la compr\u00e9hension de la logique, derri\u00e8re. D&rsquo;ailleurs, la note, en soi, n\u2019est importante que sur le moment&#8230; Quand vous allez voir un recruteur, vous n&rsquo;y allez pas avec un bulletin de notes, mais avec les comp\u00e9tences acquises durant votre formation !<\/b><\/p>\n<p><span style=\"font-weight: 400;\">Oui, mais une bonne note, \u00e7a fait bien plaisir, quand m\u00eame !<\/span><\/p>\n<p><b>C\u2019est vrai ! D\u2019autres points \u00e0 partager ?<\/b><\/p>\n<p><span style=\"font-weight: 400;\">J&rsquo;ai aussi eu EBP, pour rentrer des factures, transformer des devis en facture, g\u00e9n\u00e9rer des factures d&rsquo;avoir&#8230;<\/span><\/p>\n<p><b>Vous savez que ce logiciel reste votre propri\u00e9t\u00e9 m\u00eame au-del\u00e0 de votre formation ? Il reste votre propri\u00e9t\u00e9, tant qu&rsquo;il reste install\u00e9 sur votre poste. Apr\u00e8s, si vous changez d&rsquo;ordinateur, malheureusement, vous n&rsquo;aurez pas d&rsquo;autre licence.<\/b><\/p>\n<p><b>Ca a \u00e9t\u00e9 simple, l&rsquo;installation du logiciel ? La formation au logiciel ?&nbsp;<\/b><\/p>\n<p><span style=\"font-weight: 400;\">Oui, mais pour le code d&rsquo;activation, j&rsquo;ai d\u00fb solliciter M. Lassara, qui a pris la main sur mon ordinateur, \u00e0 distance.<\/span><\/p>\n<p><b>Vous avez utilis\u00e9 l&rsquo;application MyEFC, j&rsquo;ai vu ?<\/b><\/p>\n<p><span style=\"font-weight: 400;\">Ah oui ! oui ! oui ! Je regardais mes cours, des fois, \u00e0 la pause. Des fois, aussi, je d\u00e9posais un devoir le soir chez moi, et je regardais son avancement dans la journ\u00e9e, quand il passait en correction, puis quand il \u00e9tait corrig\u00e9.<\/span><\/p>\n<p><b>Merci pour cette interview. Sachez que vos professeurs, notamment Mme Romero et M. Lassara, ont beaucoup appr\u00e9ci\u00e9 les remerciements que vous leur avez adress\u00e9s, et vous transmettent toute leur admiration quant \u00e0 votre pers\u00e9v\u00e9rance et votre r\u00e9ussite !<\/b><\/p>\n<p><span style=\"font-weight: 400;\">Merci \u00e0 eux, surtout ! Et si j\u2019ai besoin d\u2019une autre formation en comptabilit\u00e9, en tout cas, je n\u2019h\u00e9siterai pas !<\/span><\/p>\n","protected":false},"excerpt":{"rendered":"<p>Bonjour Alexandre ! Merci d\u2019avoir pris ces quelques minutes pour r\u00e9pondre \u00e0 nos questions ! Pourriez-vous commencer par vous pr\u00e9senter, en quelques mots ? Je m&rsquo;appelle Alexandre, j&rsquo;ai 33 ans, je travaille en ESAT dans les espaces verts, la tonte, l&rsquo;entretien de mat\u00e9riel, et j&rsquo;ai choisi cette formation, parce que j&rsquo;aimais bien la comptabilit\u00e9. C&rsquo;est-\u00e0-dire [&hellip;]<\/p>\n","protected":false},"author":1,"featured_media":2620,"comment_status":"open","ping_status":"open","sticky":false,"template":"","format":"standard","meta":[],"categories":[25,20],"tags":[],"yoast_head":"<!-- This site is optimized with the Yoast SEO plugin v19.5.1 - https:\/\/yoast.com\/wordpress\/plugins\/seo\/ -->\n<title>Interview : il a r\u00e9ussi sa formation aide-comptable, en travaillant en parall\u00e8le<\/title>\n<meta name=\"description\" content=\"Financ\u00e9e par un organisme, sa formation en compta lui a permis de comprendre les devis et factures qu&#039;il effectuait au quotidien comme paysagiste.\" \/>\n<meta name=\"robots\" content=\"index, follow, max-snippet:-1, max-image-preview:large, max-video-preview:-1\" \/>\n<link rel=\"canonical\" href=\"https:\/\/www.efcformation.com\/reussite-efc\/reussite-efc\/interview-alexandre-aide-comptable\/\" \/>\n<meta property=\"og:locale\" content=\"fr_FR\" \/>\n<meta property=\"og:type\" content=\"article\" \/>\n<meta property=\"og:title\" content=\"[Interview] Alexandre a r\u00e9ussi sa formation aide-comptable, tout en travaillant en parall\u00e8le\" \/>\n<meta property=\"og:description\" content=\"Financ\u00e9e par un organisme, sa formation en compta lui a permis de comprendre les devis et factures qu&#039;il effectuait au quotidien comme paysagiste.\" \/>\n<meta property=\"og:url\" content=\"https:\/\/www.efcformation.com\/reussite-efc\/reussite-efc\/interview-alexandre-aide-comptable\/\" \/>\n<meta property=\"og:site_name\" content=\"Reussite EFC Fomation - Le Blog EFC Formation\" \/>\n<meta property=\"article:published_time\" content=\"2020-11-16T13:53:56+00:00\" \/>\n<meta property=\"article:modified_time\" content=\"2024-03-20T14:13:13+00:00\" \/>\n<meta property=\"og:image\" content=\"https:\/\/www.efcformation.com\/comptamag\/wp-content\/uploads\/2020\/11\/temoinange-1200x630-003.jpg\" \/>\n<meta name=\"author\" content=\"EFCformation\" \/>\n<meta name=\"twitter:card\" content=\"summary\" \/>\n<meta name=\"twitter:title\" content=\"[Interview] Alexandre a r\u00e9ussi sa formation aide-comptable, tout en travaillant en parall\u00e8le\" \/>\n<meta name=\"twitter:description\" content=\"Financ\u00e9e par un organisme, sa formation en compta lui a permis de comprendre les devis et factures qu&#039;il effectuait au quotidien comme paysagiste.\" \/>\n<meta name=\"twitter:image\" content=\"https:\/\/www.efcformation.com\/comptamag\/wp-content\/uploads\/2020\/11\/temoinange-1200x630-003.jpg\" \/>\n<meta name=\"twitter:label1\" content=\"\u00c9crit par\" \/>\n\t<meta name=\"twitter:data1\" content=\"EFCformation\" \/>\n\t<meta name=\"twitter:label2\" content=\"Dur\u00e9e de lecture estim\u00e9e\" \/>\n\t<meta name=\"twitter:data2\" content=\"6 minutes\" \/>\n<script type=\"application\/ld+json\" class=\"yoast-schema-graph\">{\"@context\":\"https:\/\/schema.org\",\"@graph\":[{\"@type\":\"WebPage\",\"@id\":\"https:\/\/www.efcformation.com\/reussite-efc\/reussite-efc\/interview-alexandre-aide-comptable\/\",\"url\":\"https:\/\/www.efcformation.com\/reussite-efc\/reussite-efc\/interview-alexandre-aide-comptable\/\",\"name\":\"Interview : il a r\u00e9ussi sa formation aide-comptable, en travaillant en parall\u00e8le\",\"isPartOf\":{\"@id\":\"https:\/\/www.efcformation.com\/reussite-efc\/#website\"},\"datePublished\":\"2020-11-16T13:53:56+00:00\",\"dateModified\":\"2024-03-20T14:13:13+00:00\",\"author\":{\"@id\":\"https:\/\/www.efcformation.com\/reussite-efc\/#\/schema\/person\/6263903b0179d0334456f7512d9d1430\"},\"description\":\"Financ\u00e9e par un organisme, sa formation en compta lui a permis de comprendre les devis et factures qu'il effectuait au quotidien comme paysagiste.\",\"breadcrumb\":{\"@id\":\"https:\/\/www.efcformation.com\/reussite-efc\/reussite-efc\/interview-alexandre-aide-comptable\/#breadcrumb\"},\"inLanguage\":\"fr-FR\",\"potentialAction\":[{\"@type\":\"ReadAction\",\"target\":[\"https:\/\/www.efcformation.com\/reussite-efc\/reussite-efc\/interview-alexandre-aide-comptable\/\"]}]},{\"@type\":\"BreadcrumbList\",\"@id\":\"https:\/\/www.efcformation.com\/reussite-efc\/reussite-efc\/interview-alexandre-aide-comptable\/#breadcrumb\",\"itemListElement\":[{\"@type\":\"ListItem\",\"position\":1,\"name\":\"Accueil\",\"item\":\"https:\/\/www.efcformation.com\/reussite-efc\/\"},{\"@type\":\"ListItem\",\"position\":2,\"name\":\"[Interview] Alexandre a r\u00e9ussi sa formation aide-comptable, tout en travaillant en parall\u00e8le\"}]},{\"@type\":\"WebSite\",\"@id\":\"https:\/\/www.efcformation.com\/reussite-efc\/#website\",\"url\":\"https:\/\/www.efcformation.com\/reussite-efc\/\",\"name\":\"Reussite EFC Fomation - Le Blog EFC Formation\",\"description\":\"\",\"potentialAction\":[{\"@type\":\"SearchAction\",\"target\":{\"@type\":\"EntryPoint\",\"urlTemplate\":\"https:\/\/www.efcformation.com\/reussite-efc\/?s={search_term_string}\"},\"query-input\":\"required name=search_term_string\"}],\"inLanguage\":\"fr-FR\"},{\"@type\":\"Person\",\"@id\":\"https:\/\/www.efcformation.com\/reussite-efc\/#\/schema\/person\/6263903b0179d0334456f7512d9d1430\",\"name\":\"EFCformation\",\"image\":{\"@type\":\"ImageObject\",\"inLanguage\":\"fr-FR\",\"@id\":\"https:\/\/www.efcformation.com\/reussite-efc\/#\/schema\/person\/image\/\",\"url\":\"https:\/\/secure.gravatar.com\/avatar\/98b00a1c17dce21016b9ccce376ec821?s=96&d=mm&r=g\",\"contentUrl\":\"https:\/\/secure.gravatar.com\/avatar\/98b00a1c17dce21016b9ccce376ec821?s=96&d=mm&r=g\",\"caption\":\"EFCformation\"},\"url\":\"https:\/\/www.efcformation.com\/reussite-efc\/author\/paindesjacobins\/\"}]}<\/script>\n<!-- \/ Yoast SEO plugin. -->","yoast_head_json":{"title":"Interview : il a r\u00e9ussi sa formation aide-comptable, en travaillant en parall\u00e8le","description":"Financ\u00e9e par un organisme, sa formation en compta lui a permis de comprendre les devis et factures qu'il effectuait au quotidien comme paysagiste.","robots":{"index":"index","follow":"follow","max-snippet":"max-snippet:-1","max-image-preview":"max-image-preview:large","max-video-preview":"max-video-preview:-1"},"canonical":"https:\/\/www.efcformation.com\/reussite-efc\/reussite-efc\/interview-alexandre-aide-comptable\/","og_locale":"fr_FR","og_type":"article","og_title":"[Interview] Alexandre a r\u00e9ussi sa formation aide-comptable, tout en travaillant en parall\u00e8le","og_description":"Financ\u00e9e par un organisme, sa formation en compta lui a permis de comprendre les devis et factures qu'il effectuait au quotidien comme paysagiste.","og_url":"https:\/\/www.efcformation.com\/reussite-efc\/reussite-efc\/interview-alexandre-aide-comptable\/","og_site_name":"Reussite EFC Fomation - Le Blog EFC Formation","article_published_time":"2020-11-16T13:53:56+00:00","article_modified_time":"2024-03-20T14:13:13+00:00","og_image":[{"url":"https:\/\/www.efcformation.com\/comptamag\/wp-content\/uploads\/2020\/11\/temoinange-1200x630-003.jpg"}],"author":"EFCformation","twitter_card":"summary","twitter_title":"[Interview] Alexandre a r\u00e9ussi sa formation aide-comptable, tout en travaillant en parall\u00e8le","twitter_description":"Financ\u00e9e par un organisme, sa formation en compta lui a permis de comprendre les devis et factures qu'il effectuait au quotidien comme paysagiste.","twitter_image":"https:\/\/www.efcformation.com\/comptamag\/wp-content\/uploads\/2020\/11\/temoinange-1200x630-003.jpg","twitter_misc":{"\u00c9crit par":"EFCformation","Dur\u00e9e de lecture estim\u00e9e":"6 minutes"},"schema":{"@context":"https:\/\/schema.org","@graph":[{"@type":"WebPage","@id":"https:\/\/www.efcformation.com\/reussite-efc\/reussite-efc\/interview-alexandre-aide-comptable\/","url":"https:\/\/www.efcformation.com\/reussite-efc\/reussite-efc\/interview-alexandre-aide-comptable\/","name":"Interview : il a r\u00e9ussi sa formation aide-comptable, en travaillant en parall\u00e8le","isPartOf":{"@id":"https:\/\/www.efcformation.com\/reussite-efc\/#website"},"datePublished":"2020-11-16T13:53:56+00:00","dateModified":"2024-03-20T14:13:13+00:00","author":{"@id":"https:\/\/www.efcformation.com\/reussite-efc\/#\/schema\/person\/6263903b0179d0334456f7512d9d1430"},"description":"Financ\u00e9e par un organisme, sa formation en compta lui a permis de comprendre les devis et factures qu'il effectuait au quotidien comme paysagiste.","breadcrumb":{"@id":"https:\/\/www.efcformation.com\/reussite-efc\/reussite-efc\/interview-alexandre-aide-comptable\/#breadcrumb"},"inLanguage":"fr-FR","potentialAction":[{"@type":"ReadAction","target":["https:\/\/www.efcformation.com\/reussite-efc\/reussite-efc\/interview-alexandre-aide-comptable\/"]}]},{"@type":"BreadcrumbList","@id":"https:\/\/www.efcformation.com\/reussite-efc\/reussite-efc\/interview-alexandre-aide-comptable\/#breadcrumb","itemListElement":[{"@type":"ListItem","position":1,"name":"Accueil","item":"https:\/\/www.efcformation.com\/reussite-efc\/"},{"@type":"ListItem","position":2,"name":"[Interview] Alexandre a r\u00e9ussi sa formation aide-comptable, tout en travaillant en parall\u00e8le"}]},{"@type":"WebSite","@id":"https:\/\/www.efcformation.com\/reussite-efc\/#website","url":"https:\/\/www.efcformation.com\/reussite-efc\/","name":"Reussite EFC Fomation - Le Blog EFC Formation","description":"","potentialAction":[{"@type":"SearchAction","target":{"@type":"EntryPoint","urlTemplate":"https:\/\/www.efcformation.com\/reussite-efc\/?s={search_term_string}"},"query-input":"required name=search_term_string"}],"inLanguage":"fr-FR"},{"@type":"Person","@id":"https:\/\/www.efcformation.com\/reussite-efc\/#\/schema\/person\/6263903b0179d0334456f7512d9d1430","name":"EFCformation","image":{"@type":"ImageObject","inLanguage":"fr-FR","@id":"https:\/\/www.efcformation.com\/reussite-efc\/#\/schema\/person\/image\/","url":"https:\/\/secure.gravatar.com\/avatar\/98b00a1c17dce21016b9ccce376ec821?s=96&d=mm&r=g","contentUrl":"https:\/\/secure.gravatar.com\/avatar\/98b00a1c17dce21016b9ccce376ec821?s=96&d=mm&r=g","caption":"EFCformation"},"url":"https:\/\/www.efcformation.com\/reussite-efc\/author\/paindesjacobins\/"}]}},"_links":{"self":[{"href":"https:\/\/www.efcformation.com\/reussite-efc\/wp-json\/wp\/v2\/posts\/2368"}],"collection":[{"href":"https:\/\/www.efcformation.com\/reussite-efc\/wp-json\/wp\/v2\/posts"}],"about":[{"href":"https:\/\/www.efcformation.com\/reussite-efc\/wp-json\/wp\/v2\/types\/post"}],"author":[{"embeddable":true,"href":"https:\/\/www.efcformation.com\/reussite-efc\/wp-json\/wp\/v2\/users\/1"}],"replies":[{"embeddable":true,"href":"https:\/\/www.efcformation.com\/reussite-efc\/wp-json\/wp\/v2\/comments?post=2368"}],"version-history":[{"count":8,"href":"https:\/\/www.efcformation.com\/reussite-efc\/wp-json\/wp\/v2\/posts\/2368\/revisions"}],"predecessor-version":[{"id":4524,"href":"https:\/\/www.efcformation.com\/reussite-efc\/wp-json\/wp\/v2\/posts\/2368\/revisions\/4524"}],"wp:featuredmedia":[{"embeddable":true,"href":"https:\/\/www.efcformation.com\/reussite-efc\/wp-json\/wp\/v2\/media\/2620"}],"wp:attachment":[{"href":"https:\/\/www.efcformation.com\/reussite-efc\/wp-json\/wp\/v2\/media?parent=2368"}],"wp:term":[{"taxonomy":"category","embeddable":true,"href":"https:\/\/www.efcformation.com\/reussite-efc\/wp-json\/wp\/v2\/categories?post=2368"},{"taxonomy":"post_tag","embeddable":true,"href":"https:\/\/www.efcformation.com\/reussite-efc\/wp-json\/wp\/v2\/tags?post=2368"}],"curies":[{"name":"wp","href":"https:\/\/api.w.org\/{rel}","templated":true}]}}