{"id":245,"date":"2017-02-28T14:19:38","date_gmt":"2017-02-28T13:19:38","guid":{"rendered":"http:\/\/www.efcformation.com\/comptamag\/?p=245"},"modified":"2017-03-22T11:12:09","modified_gmt":"2017-03-22T10:12:09","slug":"faciliter-quotidien-sarl","status":"publish","type":"post","link":"https:\/\/www.efcformation.com\/reussite-efc\/juridique\/faciliter-quotidien-sarl\/","title":{"rendered":"De nouvelles mesures pour faciliter le quotidien des S.A.R.L"},"content":{"rendered":"<p><em><strong>Un d\u00e9cret du 18 mai 2015, applicable d\u00e8s le 1er juin, va compl\u00e9ter la r\u00e9glementation encadrant les Soci\u00e9t\u00e9s \u00e0 Responsabilit\u00e9 Limit\u00e9e (S.A.R.L.). Trois modifications sont d\u00e9sormais accessibles \u00e0 ces entreprises : plus de souplesse dans la convocation des assembl\u00e9es g\u00e9n\u00e9rales, plus de flexibilit\u00e9\u00a0pour le d\u00e9p\u00f4t\u00a0des comptes annuels et \u00a0plus d&rsquo;efficacit\u00e9 pour la cession des parts.<\/strong><\/em><\/p>\n<h2><strong>Plus de souplesse dans la convocation des assembl\u00e9es g\u00e9n\u00e9rales<\/strong><\/h2>\n<p>D\u00e9sormais, les S.A.RL. sont autoris\u00e9es \u00e0 convoquer les associ\u00e9s \u00e0 l\u2019assembl\u00e9e g\u00e9n\u00e9rale (A.G.) par voie \u00e9lectronique. Il faudra alors au pr\u00e9alable en faire la demande \u00e0 chacun de ces associ\u00e9s, qui pourront accepter ou refuser ce mode moderne de communication. Les associ\u00e9s disposent, quant \u00e0 eux, du droit de revenir quand ils le souhaitent sur leur d\u00e9cision.<\/p>\n<h2><strong>Plus de flexibilit\u00e9 pour le d\u00e9p\u00f4t des comptes annuels.<\/strong><\/h2>\n<p>Jusqu\u2019au 01er juin, seules les S.A. et les S.A.S. pouvaient solliciter un d\u00e9lai suppl\u00e9mentaire pour le d\u00e9p\u00f4t de leurs comptes annuels. Depuis cette date, cette possibilit\u00e9 est ouverte \u00e9galement aux S.A.R.L. Il leur faut alors d\u00e9poser une requ\u00eate en ce sens devant le pr\u00e9sident du tribunal de commerce comp\u00e9tent. Ce dernier pourra autoriser cette prolongation de publication par ordonnance.<\/p>\n<h2><strong>Plus d\u2019efficacit\u00e9 pour la cession des parts d\u2019une S.A.R.L.<\/strong><\/h2>\n<p>Lors de la cession de part d\u2019une S.A.R.L., un simple d\u00e9p\u00f4t des nouveaux statuts modifi\u00e9s au greffe suffit d\u00e9sormais. En outre, les nouvelles dispositions pr\u00e9voient le cas o\u00f9 le g\u00e9rant ne se soumette pas \u00e0 cette obligation. Dans ce cas pr\u00e9cis, le c\u00e9dant pourra mettre en demeure le g\u00e9rant de se plier \u00e0 cette formalit\u00e9. Si aucune r\u00e9ponse n\u2019est apport\u00e9e dans les 8 jours, le c\u00e9dant saisira alors le pr\u00e9sident du Tribunal de commerce et d\u00e9posera cet acte de cession au greffe.\u00a0\u00a0 Dans l\u2019attente du jugement du tribunal, ce d\u00e9p\u00f4t reste opposable aux tiers, \u00e9vitant ainsi les situations de blocage, d\u00fb \u00e0 la n\u00e9gligence du g\u00e9rant.<\/p>\n","protected":false},"excerpt":{"rendered":"<p>Un d\u00e9cret du 18 mai 2015, applicable d\u00e8s le 1er juin, va compl\u00e9ter la r\u00e9glementation encadrant les Soci\u00e9t\u00e9s \u00e0 Responsabilit\u00e9 Limit\u00e9e (S.A.R.L.). Trois modifications sont d\u00e9sormais accessibles \u00e0 ces entreprises : plus de souplesse dans la convocation des assembl\u00e9es g\u00e9n\u00e9rales, plus de flexibilit\u00e9\u00a0pour le d\u00e9p\u00f4t\u00a0des comptes annuels et \u00a0plus d&rsquo;efficacit\u00e9 pour la cession des parts. [&hellip;]<\/p>\n","protected":false},"author":1,"featured_media":498,"comment_status":"open","ping_status":"open","sticky":false,"template":"","format":"standard","meta":[],"categories":[18],"tags":[],"yoast_head":"<!-- This site is optimized with the Yoast SEO plugin v19.5.1 - https:\/\/yoast.com\/wordpress\/plugins\/seo\/ -->\n<title>De nouvelles Mesures pour faciliter le Quotidien des S.A.R.L<\/title>\n<meta name=\"description\" content=\"Un d\u00e9cret du 18 mai 2015, applicable d\u00e8s le 1er juin, a compl\u00e9t\u00e9 la r\u00e9glementation encadrant les Soci\u00e9t\u00e9s \u00e0 Responsabilit\u00e9 Limit\u00e9e (S.A.R.L.)...\" \/>\n<meta name=\"robots\" content=\"index, follow, max-snippet:-1, max-image-preview:large, max-video-preview:-1\" \/>\n<link rel=\"canonical\" href=\"https:\/\/www.efcformation.com\/reussite-efc\/juridique\/faciliter-quotidien-sarl\/\" \/>\n<meta property=\"og:locale\" content=\"fr_FR\" \/>\n<meta property=\"og:type\" content=\"article\" \/>\n<meta property=\"og:title\" content=\"De nouvelles Mesures pour faciliter le Quotidien des S.A.R.L\" \/>\n<meta property=\"og:description\" content=\"Un d\u00e9cret du 18 mai 2015, applicable d\u00e8s le 1er juin, a compl\u00e9t\u00e9 la r\u00e9glementation encadrant les Soci\u00e9t\u00e9s \u00e0 Responsabilit\u00e9 Limit\u00e9e (S.A.R.L.)...\" \/>\n<meta property=\"og:url\" content=\"https:\/\/www.efcformation.com\/reussite-efc\/juridique\/faciliter-quotidien-sarl\/\" \/>\n<meta property=\"og:site_name\" content=\"Reussite EFC Fomation - Le Blog EFC Formation\" \/>\n<meta property=\"article:published_time\" content=\"2017-02-28T13:19:38+00:00\" \/>\n<meta property=\"article:modified_time\" content=\"2017-03-22T10:12:09+00:00\" \/>\n<meta property=\"og:image\" content=\"http:\/\/www.efcformation.com\/comptamag\/wp-content\/uploads\/2017\/03\/129-facebook-bandeau.jpg\" \/>\n<meta name=\"author\" content=\"EFCformation\" \/>\n<meta name=\"twitter:card\" content=\"summary\" \/>\n<meta name=\"twitter:label1\" content=\"\u00c9crit par\" \/>\n\t<meta name=\"twitter:data1\" content=\"EFCformation\" \/>\n\t<meta name=\"twitter:label2\" content=\"Dur\u00e9e de lecture estim\u00e9e\" \/>\n\t<meta name=\"twitter:data2\" content=\"2 minutes\" \/>\n<script type=\"application\/ld+json\" class=\"yoast-schema-graph\">{\"@context\":\"https:\/\/schema.org\",\"@graph\":[{\"@type\":\"WebPage\",\"@id\":\"https:\/\/www.efcformation.com\/reussite-efc\/juridique\/faciliter-quotidien-sarl\/\",\"url\":\"https:\/\/www.efcformation.com\/reussite-efc\/juridique\/faciliter-quotidien-sarl\/\",\"name\":\"De nouvelles Mesures pour faciliter le Quotidien des S.A.R.L\",\"isPartOf\":{\"@id\":\"https:\/\/www.efcformation.com\/reussite-efc\/#website\"},\"datePublished\":\"2017-02-28T13:19:38+00:00\",\"dateModified\":\"2017-03-22T10:12:09+00:00\",\"author\":{\"@id\":\"https:\/\/www.efcformation.com\/reussite-efc\/#\/schema\/person\/6263903b0179d0334456f7512d9d1430\"},\"description\":\"Un d\u00e9cret du 18 mai 2015, applicable d\u00e8s le 1er juin, a compl\u00e9t\u00e9 la r\u00e9glementation encadrant les Soci\u00e9t\u00e9s \u00e0 Responsabilit\u00e9 Limit\u00e9e (S.A.R.L.)...\",\"breadcrumb\":{\"@id\":\"https:\/\/www.efcformation.com\/reussite-efc\/juridique\/faciliter-quotidien-sarl\/#breadcrumb\"},\"inLanguage\":\"fr-FR\",\"potentialAction\":[{\"@type\":\"ReadAction\",\"target\":[\"https:\/\/www.efcformation.com\/reussite-efc\/juridique\/faciliter-quotidien-sarl\/\"]}]},{\"@type\":\"BreadcrumbList\",\"@id\":\"https:\/\/www.efcformation.com\/reussite-efc\/juridique\/faciliter-quotidien-sarl\/#breadcrumb\",\"itemListElement\":[{\"@type\":\"ListItem\",\"position\":1,\"name\":\"Accueil\",\"item\":\"https:\/\/www.efcformation.com\/reussite-efc\/\"},{\"@type\":\"ListItem\",\"position\":2,\"name\":\"De nouvelles mesures pour faciliter le quotidien des S.A.R.L\"}]},{\"@type\":\"WebSite\",\"@id\":\"https:\/\/www.efcformation.com\/reussite-efc\/#website\",\"url\":\"https:\/\/www.efcformation.com\/reussite-efc\/\",\"name\":\"Reussite EFC Fomation - Le Blog EFC Formation\",\"description\":\"\",\"potentialAction\":[{\"@type\":\"SearchAction\",\"target\":{\"@type\":\"EntryPoint\",\"urlTemplate\":\"https:\/\/www.efcformation.com\/reussite-efc\/?s={search_term_string}\"},\"query-input\":\"required name=search_term_string\"}],\"inLanguage\":\"fr-FR\"},{\"@type\":\"Person\",\"@id\":\"https:\/\/www.efcformation.com\/reussite-efc\/#\/schema\/person\/6263903b0179d0334456f7512d9d1430\",\"name\":\"EFCformation\",\"image\":{\"@type\":\"ImageObject\",\"inLanguage\":\"fr-FR\",\"@id\":\"https:\/\/www.efcformation.com\/reussite-efc\/#\/schema\/person\/image\/\",\"url\":\"https:\/\/secure.gravatar.com\/avatar\/98b00a1c17dce21016b9ccce376ec821?s=96&d=mm&r=g\",\"contentUrl\":\"https:\/\/secure.gravatar.com\/avatar\/98b00a1c17dce21016b9ccce376ec821?s=96&d=mm&r=g\",\"caption\":\"EFCformation\"},\"url\":\"https:\/\/www.efcformation.com\/reussite-efc\/author\/paindesjacobins\/\"}]}<\/script>\n<!-- \/ Yoast SEO plugin. -->","yoast_head_json":{"title":"De nouvelles Mesures pour faciliter le Quotidien des S.A.R.L","description":"Un d\u00e9cret du 18 mai 2015, applicable d\u00e8s le 1er juin, a compl\u00e9t\u00e9 la r\u00e9glementation encadrant les Soci\u00e9t\u00e9s \u00e0 Responsabilit\u00e9 Limit\u00e9e (S.A.R.L.)...","robots":{"index":"index","follow":"follow","max-snippet":"max-snippet:-1","max-image-preview":"max-image-preview:large","max-video-preview":"max-video-preview:-1"},"canonical":"https:\/\/www.efcformation.com\/reussite-efc\/juridique\/faciliter-quotidien-sarl\/","og_locale":"fr_FR","og_type":"article","og_title":"De nouvelles Mesures pour faciliter le Quotidien des S.A.R.L","og_description":"Un d\u00e9cret du 18 mai 2015, applicable d\u00e8s le 1er juin, a compl\u00e9t\u00e9 la r\u00e9glementation encadrant les Soci\u00e9t\u00e9s \u00e0 Responsabilit\u00e9 Limit\u00e9e (S.A.R.L.)...","og_url":"https:\/\/www.efcformation.com\/reussite-efc\/juridique\/faciliter-quotidien-sarl\/","og_site_name":"Reussite EFC Fomation - Le Blog EFC Formation","article_published_time":"2017-02-28T13:19:38+00:00","article_modified_time":"2017-03-22T10:12:09+00:00","og_image":[{"url":"http:\/\/www.efcformation.com\/comptamag\/wp-content\/uploads\/2017\/03\/129-facebook-bandeau.jpg"}],"author":"EFCformation","twitter_card":"summary","twitter_misc":{"\u00c9crit par":"EFCformation","Dur\u00e9e de lecture estim\u00e9e":"2 minutes"},"schema":{"@context":"https:\/\/schema.org","@graph":[{"@type":"WebPage","@id":"https:\/\/www.efcformation.com\/reussite-efc\/juridique\/faciliter-quotidien-sarl\/","url":"https:\/\/www.efcformation.com\/reussite-efc\/juridique\/faciliter-quotidien-sarl\/","name":"De nouvelles Mesures pour faciliter le Quotidien des S.A.R.L","isPartOf":{"@id":"https:\/\/www.efcformation.com\/reussite-efc\/#website"},"datePublished":"2017-02-28T13:19:38+00:00","dateModified":"2017-03-22T10:12:09+00:00","author":{"@id":"https:\/\/www.efcformation.com\/reussite-efc\/#\/schema\/person\/6263903b0179d0334456f7512d9d1430"},"description":"Un d\u00e9cret du 18 mai 2015, applicable d\u00e8s le 1er juin, a compl\u00e9t\u00e9 la r\u00e9glementation encadrant les Soci\u00e9t\u00e9s \u00e0 Responsabilit\u00e9 Limit\u00e9e (S.A.R.L.)...","breadcrumb":{"@id":"https:\/\/www.efcformation.com\/reussite-efc\/juridique\/faciliter-quotidien-sarl\/#breadcrumb"},"inLanguage":"fr-FR","potentialAction":[{"@type":"ReadAction","target":["https:\/\/www.efcformation.com\/reussite-efc\/juridique\/faciliter-quotidien-sarl\/"]}]},{"@type":"BreadcrumbList","@id":"https:\/\/www.efcformation.com\/reussite-efc\/juridique\/faciliter-quotidien-sarl\/#breadcrumb","itemListElement":[{"@type":"ListItem","position":1,"name":"Accueil","item":"https:\/\/www.efcformation.com\/reussite-efc\/"},{"@type":"ListItem","position":2,"name":"De nouvelles mesures pour faciliter le quotidien des S.A.R.L"}]},{"@type":"WebSite","@id":"https:\/\/www.efcformation.com\/reussite-efc\/#website","url":"https:\/\/www.efcformation.com\/reussite-efc\/","name":"Reussite EFC Fomation - Le Blog EFC Formation","description":"","potentialAction":[{"@type":"SearchAction","target":{"@type":"EntryPoint","urlTemplate":"https:\/\/www.efcformation.com\/reussite-efc\/?s={search_term_string}"},"query-input":"required name=search_term_string"}],"inLanguage":"fr-FR"},{"@type":"Person","@id":"https:\/\/www.efcformation.com\/reussite-efc\/#\/schema\/person\/6263903b0179d0334456f7512d9d1430","name":"EFCformation","image":{"@type":"ImageObject","inLanguage":"fr-FR","@id":"https:\/\/www.efcformation.com\/reussite-efc\/#\/schema\/person\/image\/","url":"https:\/\/secure.gravatar.com\/avatar\/98b00a1c17dce21016b9ccce376ec821?s=96&d=mm&r=g","contentUrl":"https:\/\/secure.gravatar.com\/avatar\/98b00a1c17dce21016b9ccce376ec821?s=96&d=mm&r=g","caption":"EFCformation"},"url":"https:\/\/www.efcformation.com\/reussite-efc\/author\/paindesjacobins\/"}]}},"_links":{"self":[{"href":"https:\/\/www.efcformation.com\/reussite-efc\/wp-json\/wp\/v2\/posts\/245"}],"collection":[{"href":"https:\/\/www.efcformation.com\/reussite-efc\/wp-json\/wp\/v2\/posts"}],"about":[{"href":"https:\/\/www.efcformation.com\/reussite-efc\/wp-json\/wp\/v2\/types\/post"}],"author":[{"embeddable":true,"href":"https:\/\/www.efcformation.com\/reussite-efc\/wp-json\/wp\/v2\/users\/1"}],"replies":[{"embeddable":true,"href":"https:\/\/www.efcformation.com\/reussite-efc\/wp-json\/wp\/v2\/comments?post=245"}],"version-history":[{"count":3,"href":"https:\/\/www.efcformation.com\/reussite-efc\/wp-json\/wp\/v2\/posts\/245\/revisions"}],"predecessor-version":[{"id":248,"href":"https:\/\/www.efcformation.com\/reussite-efc\/wp-json\/wp\/v2\/posts\/245\/revisions\/248"}],"wp:featuredmedia":[{"embeddable":true,"href":"https:\/\/www.efcformation.com\/reussite-efc\/wp-json\/wp\/v2\/media\/498"}],"wp:attachment":[{"href":"https:\/\/www.efcformation.com\/reussite-efc\/wp-json\/wp\/v2\/media?parent=245"}],"wp:term":[{"taxonomy":"category","embeddable":true,"href":"https:\/\/www.efcformation.com\/reussite-efc\/wp-json\/wp\/v2\/categories?post=245"},{"taxonomy":"post_tag","embeddable":true,"href":"https:\/\/www.efcformation.com\/reussite-efc\/wp-json\/wp\/v2\/tags?post=245"}],"curies":[{"name":"wp","href":"https:\/\/api.w.org\/{rel}","templated":true}]}}