{"id":280,"date":"2017-02-28T15:44:48","date_gmt":"2017-02-28T14:44:48","guid":{"rendered":"http:\/\/www.efcformation.com\/comptamag\/?p=280"},"modified":"2017-02-28T15:46:21","modified_gmt":"2017-02-28T14:46:21","slug":"loi-pinel-eirl","status":"publish","type":"post","link":"https:\/\/www.efcformation.com\/reussite-efc\/juridique\/loi-pinel-eirl\/","title":{"rendered":"La loi Pinel pr\u00e9voit des changements pour l\u2019EIRL"},"content":{"rendered":"<p><strong><em>Le projet de loi de Sylvia Pinel <\/em>relatif \u00e0 l&rsquo;artisanat, au commerce et aux tr\u00e8s petites entreprises a \u00e9t\u00e9 vot\u00e9 le 18 f\u00e9vrier 2014. Le r\u00e9gime de l\u2019EIRL (<em>Entreprise Individuelle \u00e0 Responsabilit\u00e9 Limit\u00e9e)<\/em> va \u00eatre am\u00e9nag\u00e9<em>.\u00a0cette loi\u00a0a pour but de faciliter les\u00a0r\u00e9gimes juridiques, fiscaux et sociaux des entreprises individuelles.<\/em><\/strong><\/p>\n<h2><strong>Comptamag vous en dit plus sur la loi Pinel<\/strong><\/h2>\n<p>La <strong>loi Pinel <\/strong>a pour objectif de faciliter et d\u2019harmoniser les\u00a0r\u00e9gimes juridiques, fiscaux et sociaux de l&rsquo;entreprise individuelle pour n\u2019avoir, \u00e0 terme, qu\u2019un seul r\u00e9gime fiscal.<\/p>\n<p>La Ministre de l\u2019Artisanat, du Commerce et du Tourisme, <em>Sylvia Pinel<\/em>, souhaite ainsi mieux prot\u00e9ger le patrimoine des entrepreneurs.<\/p>\n<h2><strong>Les changements pr\u00e9vus par la loi Sylvia Pinel<\/strong><\/h2>\n<ul>\n<li>\n<h3><em><strong>Passage simplifi\u00e9 de l&rsquo;EI vers l&rsquo;EIRL<\/strong><\/em><\/h3>\n<\/li>\n<\/ul>\n<p>L\u2019entrepreneur individuel est souvent d\u00e9courag\u00e9 par les formalit\u00e9s qu\u2019il doit entreprendre (d\u00e9clarer un patrimoine d\u2019affectation pour prot\u00e9ger ses biens personnels\u2026) lorsqu\u2019il veut choisir le r\u00e9gime de l\u2019<strong>EIRL<\/strong>. Afin de simplifier cette transition pour constituer son bilan d\u2019ouverture d\u2019EIRL, l\u2019entrepreneur pourra reprendre le bilan de cl\u00f4ture de son ancienne activit\u00e9 d&rsquo;entrepreneur individuel, \u00e0 condition que ce bilan de cl\u00f4ture date de moins de quatre mois lors du d\u00e9p\u00f4t de la d\u00e9claration. Les \u00e9l\u00e9ments apparaissant dans son bilan de cl\u00f4ture seront alors r\u00e9cup\u00e9r\u00e9s pour la composition de son patrimoine d\u2019affectation.<\/p>\n<ul>\n<li>\n<h3><em><strong>Proc\u00e9dure de transfert automatique de la d\u00e9claration d&rsquo;affectation<\/strong><\/em><\/h3>\n<\/li>\n<\/ul>\n<p>Le projet de loi Pinel modifie l&rsquo;article\u00a0L526-7\u00a0du code de commerce en ce qui concerne la d\u00e9claration du patrimoine affect\u00e9. Jusqu&rsquo;ici, si l\u2019entrepreneur individuel changeait de domiciliation, il devait se conformer une seconde fois aux v\u00e9rifications l\u00e9gales qui sont r\u00e9gies par l\u2019article\u00a0L526-8\u00a0du m\u00eame code, un contr\u00f4le assez fastidieuse et contraignante.<\/p>\n<p>Aujourd\u2019hui, Sylvia Pinel pr\u00e9voit une proc\u00e9dure de transfert automatique de la d\u00e9claration d&rsquo;affectation en ce qui concerne le changement de domiciliation de l&rsquo;activit\u00e9. L&rsquo;ancien organisme de rattachement de l&rsquo;entrepreneur devra se charger de cette proc\u00e9dure automatis\u00e9e, qui devra \u00eatre mise en place dans les 12 mois suivant la date de publication de la loi.<\/p>\n<ul>\n<li>\n<h3><em><strong>L\u2019entrepreneur ne devra publier que son bilan<\/strong><\/em><\/h3>\n<\/li>\n<\/ul>\n<p>Avant la mise en application du projet de loi Pinel, l&rsquo;entrepreneur qui travaillait sous le r\u00e9gime de l&rsquo;EIRL devait chaque ann\u00e9e, et en respectant un d\u00e9lai de trois mois apr\u00e8s la cl\u00f4ture de l&rsquo;exercice, d\u00e9poser ses comptes annuels au registre auquel le d\u00e9p\u00f4t de la d\u00e9claration du patrimoine d&rsquo;affectation a \u00e9t\u00e9 effectu\u00e9.<\/p>\n<p>S\u2019il avait choisi le r\u00e9gime r\u00e9el, il devait s\u2019occuper d\u2019adresser son bilan, son compte de r\u00e9sultat ainsi que l&rsquo;annexe comptable.<\/p>\n<p>D\u00e9sormais, l\u2019entrepreneur devra seulement publier son bilan.<\/p>\n<h2><strong>Objectif de la loi Pinel sur l\u2019EIRL<\/strong><\/h2>\n<p>Du fait des nombreuses contraintes, les entrepreneurs ne sont pas tr\u00e8s friands du r\u00e9gime de l\u2019EIRL dont le but \u00e9tait de leur amener plus de s\u00e9curit\u00e9. En effet, en juillet 2013, moins d\u20191% des entrepreneurs exer\u00e7aient sous ce r\u00e9gime.<\/p>\n<p>Avec la mise en application du projet de loi Sylvia Pinel, les membres de la Commission Des Affaires \u00c9conomiques pensent que le nombre d\u2019EIRL sera multipli\u00e9 par 3,4 ou 5 du fait que ce r\u00e9gime sera simplifi\u00e9 et que le patrimoine des entrepreneurs en sera mieux prot\u00e9g\u00e9.<\/p>\n","protected":false},"excerpt":{"rendered":"<p>Le projet de loi de Sylvia Pinel relatif \u00e0 l&rsquo;artisanat, au commerce et aux tr\u00e8s petites entreprises a \u00e9t\u00e9 vot\u00e9 le 18 f\u00e9vrier 2014. Le r\u00e9gime de l\u2019EIRL (Entreprise Individuelle \u00e0 Responsabilit\u00e9 Limit\u00e9e) va \u00eatre am\u00e9nag\u00e9.\u00a0cette loi\u00a0a pour but de faciliter les\u00a0r\u00e9gimes juridiques, fiscaux et sociaux des entreprises individuelles. Comptamag vous en dit plus sur [&hellip;]<\/p>\n","protected":false},"author":1,"featured_media":281,"comment_status":"open","ping_status":"open","sticky":false,"template":"","format":"standard","meta":[],"categories":[18],"tags":[],"yoast_head":"<!-- This site is optimized with the Yoast SEO plugin v19.5.1 - https:\/\/yoast.com\/wordpress\/plugins\/seo\/ -->\n<title>La loi Pinel pr\u00e9voit des changements pour l\u2019EIRL - Comptamag<\/title>\n<meta name=\"description\" content=\"Le projet de loi de Sylvia Pinel relatif \u00e0 l&#039;artisanat, au commerce et aux tr\u00e8s petites entreprises a \u00e9t\u00e9 vot\u00e9 le 18 f\u00e9vrier 2014. Le r\u00e9gime de l\u2019EIRL va...\" \/>\n<meta name=\"robots\" content=\"index, follow, max-snippet:-1, max-image-preview:large, max-video-preview:-1\" \/>\n<link rel=\"canonical\" href=\"https:\/\/www.efcformation.com\/reussite-efc\/juridique\/loi-pinel-eirl\/\" \/>\n<meta property=\"og:locale\" content=\"fr_FR\" \/>\n<meta property=\"og:type\" content=\"article\" \/>\n<meta property=\"og:title\" content=\"La loi Pinel pr\u00e9voit des changements pour l\u2019EIRL\" \/>\n<meta property=\"og:description\" content=\"Le projet de loi de Sylvia Pinel relatif \u00e0 l&#039;artisanat, au commerce et aux tr\u00e8s petites entreprises a \u00e9t\u00e9 vot\u00e9 le 18 f\u00e9vrier 2014. Le r\u00e9gime de l\u2019EIRL va...\" \/>\n<meta property=\"og:url\" content=\"https:\/\/www.efcformation.com\/reussite-efc\/juridique\/loi-pinel-eirl\/\" \/>\n<meta property=\"og:site_name\" content=\"Reussite EFC Fomation - Le Blog EFC Formation\" \/>\n<meta property=\"article:published_time\" content=\"2017-02-28T14:44:48+00:00\" \/>\n<meta property=\"article:modified_time\" content=\"2017-02-28T14:46:21+00:00\" \/>\n<meta property=\"og:image\" content=\"http:\/\/www.efcformation.com\/comptamag\/wp-content\/uploads\/2017\/02\/109-facebook-bandeau.jpg\" \/>\n<meta name=\"author\" content=\"EFCformation\" \/>\n<meta name=\"twitter:card\" content=\"summary\" \/>\n<meta name=\"twitter:label1\" content=\"\u00c9crit par\" \/>\n\t<meta name=\"twitter:data1\" content=\"EFCformation\" \/>\n\t<meta name=\"twitter:label2\" content=\"Dur\u00e9e de lecture estim\u00e9e\" \/>\n\t<meta name=\"twitter:data2\" content=\"3 minutes\" \/>\n<script type=\"application\/ld+json\" class=\"yoast-schema-graph\">{\"@context\":\"https:\/\/schema.org\",\"@graph\":[{\"@type\":\"WebPage\",\"@id\":\"https:\/\/www.efcformation.com\/reussite-efc\/juridique\/loi-pinel-eirl\/\",\"url\":\"https:\/\/www.efcformation.com\/reussite-efc\/juridique\/loi-pinel-eirl\/\",\"name\":\"La loi Pinel pr\u00e9voit des changements pour l\u2019EIRL - Comptamag\",\"isPartOf\":{\"@id\":\"https:\/\/www.efcformation.com\/reussite-efc\/#website\"},\"datePublished\":\"2017-02-28T14:44:48+00:00\",\"dateModified\":\"2017-02-28T14:46:21+00:00\",\"author\":{\"@id\":\"https:\/\/www.efcformation.com\/reussite-efc\/#\/schema\/person\/6263903b0179d0334456f7512d9d1430\"},\"description\":\"Le projet de loi de Sylvia Pinel relatif \u00e0 l'artisanat, au commerce et aux tr\u00e8s petites entreprises a \u00e9t\u00e9 vot\u00e9 le 18 f\u00e9vrier 2014. Le r\u00e9gime de l\u2019EIRL va...\",\"breadcrumb\":{\"@id\":\"https:\/\/www.efcformation.com\/reussite-efc\/juridique\/loi-pinel-eirl\/#breadcrumb\"},\"inLanguage\":\"fr-FR\",\"potentialAction\":[{\"@type\":\"ReadAction\",\"target\":[\"https:\/\/www.efcformation.com\/reussite-efc\/juridique\/loi-pinel-eirl\/\"]}]},{\"@type\":\"BreadcrumbList\",\"@id\":\"https:\/\/www.efcformation.com\/reussite-efc\/juridique\/loi-pinel-eirl\/#breadcrumb\",\"itemListElement\":[{\"@type\":\"ListItem\",\"position\":1,\"name\":\"Accueil\",\"item\":\"https:\/\/www.efcformation.com\/reussite-efc\/\"},{\"@type\":\"ListItem\",\"position\":2,\"name\":\"La loi Pinel pr\u00e9voit des changements pour l\u2019EIRL\"}]},{\"@type\":\"WebSite\",\"@id\":\"https:\/\/www.efcformation.com\/reussite-efc\/#website\",\"url\":\"https:\/\/www.efcformation.com\/reussite-efc\/\",\"name\":\"Reussite EFC Fomation - Le Blog EFC Formation\",\"description\":\"\",\"potentialAction\":[{\"@type\":\"SearchAction\",\"target\":{\"@type\":\"EntryPoint\",\"urlTemplate\":\"https:\/\/www.efcformation.com\/reussite-efc\/?s={search_term_string}\"},\"query-input\":\"required name=search_term_string\"}],\"inLanguage\":\"fr-FR\"},{\"@type\":\"Person\",\"@id\":\"https:\/\/www.efcformation.com\/reussite-efc\/#\/schema\/person\/6263903b0179d0334456f7512d9d1430\",\"name\":\"EFCformation\",\"image\":{\"@type\":\"ImageObject\",\"inLanguage\":\"fr-FR\",\"@id\":\"https:\/\/www.efcformation.com\/reussite-efc\/#\/schema\/person\/image\/\",\"url\":\"https:\/\/secure.gravatar.com\/avatar\/98b00a1c17dce21016b9ccce376ec821?s=96&d=mm&r=g\",\"contentUrl\":\"https:\/\/secure.gravatar.com\/avatar\/98b00a1c17dce21016b9ccce376ec821?s=96&d=mm&r=g\",\"caption\":\"EFCformation\"},\"url\":\"https:\/\/www.efcformation.com\/reussite-efc\/author\/paindesjacobins\/\"}]}<\/script>\n<!-- \/ Yoast SEO plugin. -->","yoast_head_json":{"title":"La loi Pinel pr\u00e9voit des changements pour l\u2019EIRL - Comptamag","description":"Le projet de loi de Sylvia Pinel relatif \u00e0 l'artisanat, au commerce et aux tr\u00e8s petites entreprises a \u00e9t\u00e9 vot\u00e9 le 18 f\u00e9vrier 2014. Le r\u00e9gime de l\u2019EIRL va...","robots":{"index":"index","follow":"follow","max-snippet":"max-snippet:-1","max-image-preview":"max-image-preview:large","max-video-preview":"max-video-preview:-1"},"canonical":"https:\/\/www.efcformation.com\/reussite-efc\/juridique\/loi-pinel-eirl\/","og_locale":"fr_FR","og_type":"article","og_title":"La loi Pinel pr\u00e9voit des changements pour l\u2019EIRL","og_description":"Le projet de loi de Sylvia Pinel relatif \u00e0 l'artisanat, au commerce et aux tr\u00e8s petites entreprises a \u00e9t\u00e9 vot\u00e9 le 18 f\u00e9vrier 2014. Le r\u00e9gime de l\u2019EIRL va...","og_url":"https:\/\/www.efcformation.com\/reussite-efc\/juridique\/loi-pinel-eirl\/","og_site_name":"Reussite EFC Fomation - Le Blog EFC Formation","article_published_time":"2017-02-28T14:44:48+00:00","article_modified_time":"2017-02-28T14:46:21+00:00","og_image":[{"url":"http:\/\/www.efcformation.com\/comptamag\/wp-content\/uploads\/2017\/02\/109-facebook-bandeau.jpg"}],"author":"EFCformation","twitter_card":"summary","twitter_misc":{"\u00c9crit par":"EFCformation","Dur\u00e9e de lecture estim\u00e9e":"3 minutes"},"schema":{"@context":"https:\/\/schema.org","@graph":[{"@type":"WebPage","@id":"https:\/\/www.efcformation.com\/reussite-efc\/juridique\/loi-pinel-eirl\/","url":"https:\/\/www.efcformation.com\/reussite-efc\/juridique\/loi-pinel-eirl\/","name":"La loi Pinel pr\u00e9voit des changements pour l\u2019EIRL - Comptamag","isPartOf":{"@id":"https:\/\/www.efcformation.com\/reussite-efc\/#website"},"datePublished":"2017-02-28T14:44:48+00:00","dateModified":"2017-02-28T14:46:21+00:00","author":{"@id":"https:\/\/www.efcformation.com\/reussite-efc\/#\/schema\/person\/6263903b0179d0334456f7512d9d1430"},"description":"Le projet de loi de Sylvia Pinel relatif \u00e0 l'artisanat, au commerce et aux tr\u00e8s petites entreprises a \u00e9t\u00e9 vot\u00e9 le 18 f\u00e9vrier 2014. Le r\u00e9gime de l\u2019EIRL va...","breadcrumb":{"@id":"https:\/\/www.efcformation.com\/reussite-efc\/juridique\/loi-pinel-eirl\/#breadcrumb"},"inLanguage":"fr-FR","potentialAction":[{"@type":"ReadAction","target":["https:\/\/www.efcformation.com\/reussite-efc\/juridique\/loi-pinel-eirl\/"]}]},{"@type":"BreadcrumbList","@id":"https:\/\/www.efcformation.com\/reussite-efc\/juridique\/loi-pinel-eirl\/#breadcrumb","itemListElement":[{"@type":"ListItem","position":1,"name":"Accueil","item":"https:\/\/www.efcformation.com\/reussite-efc\/"},{"@type":"ListItem","position":2,"name":"La loi Pinel pr\u00e9voit des changements pour l\u2019EIRL"}]},{"@type":"WebSite","@id":"https:\/\/www.efcformation.com\/reussite-efc\/#website","url":"https:\/\/www.efcformation.com\/reussite-efc\/","name":"Reussite EFC Fomation - Le Blog EFC Formation","description":"","potentialAction":[{"@type":"SearchAction","target":{"@type":"EntryPoint","urlTemplate":"https:\/\/www.efcformation.com\/reussite-efc\/?s={search_term_string}"},"query-input":"required name=search_term_string"}],"inLanguage":"fr-FR"},{"@type":"Person","@id":"https:\/\/www.efcformation.com\/reussite-efc\/#\/schema\/person\/6263903b0179d0334456f7512d9d1430","name":"EFCformation","image":{"@type":"ImageObject","inLanguage":"fr-FR","@id":"https:\/\/www.efcformation.com\/reussite-efc\/#\/schema\/person\/image\/","url":"https:\/\/secure.gravatar.com\/avatar\/98b00a1c17dce21016b9ccce376ec821?s=96&d=mm&r=g","contentUrl":"https:\/\/secure.gravatar.com\/avatar\/98b00a1c17dce21016b9ccce376ec821?s=96&d=mm&r=g","caption":"EFCformation"},"url":"https:\/\/www.efcformation.com\/reussite-efc\/author\/paindesjacobins\/"}]}},"_links":{"self":[{"href":"https:\/\/www.efcformation.com\/reussite-efc\/wp-json\/wp\/v2\/posts\/280"}],"collection":[{"href":"https:\/\/www.efcformation.com\/reussite-efc\/wp-json\/wp\/v2\/posts"}],"about":[{"href":"https:\/\/www.efcformation.com\/reussite-efc\/wp-json\/wp\/v2\/types\/post"}],"author":[{"embeddable":true,"href":"https:\/\/www.efcformation.com\/reussite-efc\/wp-json\/wp\/v2\/users\/1"}],"replies":[{"embeddable":true,"href":"https:\/\/www.efcformation.com\/reussite-efc\/wp-json\/wp\/v2\/comments?post=280"}],"version-history":[{"count":3,"href":"https:\/\/www.efcformation.com\/reussite-efc\/wp-json\/wp\/v2\/posts\/280\/revisions"}],"predecessor-version":[{"id":284,"href":"https:\/\/www.efcformation.com\/reussite-efc\/wp-json\/wp\/v2\/posts\/280\/revisions\/284"}],"wp:featuredmedia":[{"embeddable":true,"href":"https:\/\/www.efcformation.com\/reussite-efc\/wp-json\/wp\/v2\/media\/281"}],"wp:attachment":[{"href":"https:\/\/www.efcformation.com\/reussite-efc\/wp-json\/wp\/v2\/media?parent=280"}],"wp:term":[{"taxonomy":"category","embeddable":true,"href":"https:\/\/www.efcformation.com\/reussite-efc\/wp-json\/wp\/v2\/categories?post=280"},{"taxonomy":"post_tag","embeddable":true,"href":"https:\/\/www.efcformation.com\/reussite-efc\/wp-json\/wp\/v2\/tags?post=280"}],"curies":[{"name":"wp","href":"https:\/\/api.w.org\/{rel}","templated":true}]}}