{"id":296,"date":"2017-02-28T16:28:37","date_gmt":"2017-02-28T15:28:37","guid":{"rendered":"http:\/\/www.efcformation.com\/comptamag\/?p=296"},"modified":"2017-02-28T16:28:37","modified_gmt":"2017-02-28T15:28:37","slug":"demission-rupture-de-contrat","status":"publish","type":"post","link":"https:\/\/www.efcformation.com\/reussite-efc\/social\/demission-rupture-de-contrat\/","title":{"rendered":"La d\u00e9mission, une rupture de contrat \u00e0 analyser avec soin."},"content":{"rendered":"<p><em><strong>La rupture du contrat de travail par le salari\u00e9 n\u00e9cessite une expression claire et sans ambigu\u00eft\u00e9 de sa volont\u00e9. Une r\u00e9action de col\u00e8re lors d&rsquo;un conflit avec un de ses coll\u00e8gues ou m\u00eame un abandon de poste ne peuvent pas ainsi \u00eatre consid\u00e9r\u00e9s comme une d\u00e9mission, m\u00eame si le salari\u00e9 a indiqu\u00e9 vouloir quitter l&rsquo;entreprise.\u00a0De m\u00eame, la r\u00e9tractation rapide suite \u00e0 l&rsquo;envoi d&rsquo;une lettre recommand\u00e9e de d\u00e9mission confirmera l&rsquo;absence de volont\u00e9 claire du salari\u00e9.\u00a0<\/strong><\/em><\/p>\n<h2>La d\u00e9mission, une d\u00e9cision du salari\u00e9 \u00e0 exprimer clairement et sans \u00e9quivoque<\/h2>\n<p>Loin d&rsquo;\u00eatre anecdotique, cette recherche de la d\u00e9cision r\u00e9fl\u00e9chie et souhait\u00e9e par le salari\u00e9 s&rsquo;impose \u00e0 l&rsquo;entreprise.\u00a0Dans le cas contraire, elle s&rsquo;expose \u00e0 voir la d\u00e9mission requalifi\u00e9e en licenciement pour cause r\u00e9elle et s\u00e9rieuse par les juges, avec le versement \u00e9ventuel d&rsquo;indemnit\u00e9s.<\/p>\n<p>Le Code du travail n&rsquo;impose pas la forme \u00e9crite pour cette rupture unilat\u00e9rale du contrat de travail, mais certaines conventions collectives fixent cette r\u00e8gle comme obligatoire. En cas de d\u00e9mission orale, l&rsquo;entreprise devra recueillir, dans la mesure du possible, des attestations dat\u00e9es et sign\u00e9es des t\u00e9moins de cette d\u00e9mission ou m\u00eame une attestation du salari\u00e9 lui-m\u00eame.<\/p>\n<h2>La d\u00e9mission, un \u00e9crit pour s&rsquo;assurer de la volont\u00e9 du salari\u00e9<\/h2>\n<p>Dans tous les cas, la d\u00e9mission \u00e9crite devra toujours \u00eatre recherch\u00e9e pour se pr\u00e9munir de tout litige ult\u00e9rieur. La volont\u00e9 claire sera attest\u00e9e, d\u00e8s lors que la lettre de d\u00e9mission est envoy\u00e9e en recommand\u00e9 avec accus\u00e9 de r\u00e9ception ou remise en main propre contre d\u00e9charge. Ce courrier devra \u00e9galement \u00eatre dat\u00e9 et sign\u00e9 par le salari\u00e9.<\/p>\n<p>Il est inutile pour ce dernier d&rsquo;exposer les raisons de sa d\u00e9mission, mais bien d&rsquo;exprimer une d\u00e9cision prise en toute connaissance de cause. \u00c0 l&rsquo;inverse, une lettre de d\u00e9mission listant des reproches faits \u00e0 l&#8217;employeur exigera une r\u00e9ponse de l&rsquo;entreprise. Chaque point devra alors \u00eatre repris et expliqu\u00e9, sous peine de voir les juges consid\u00e9rer cette rupture de contrat comme une cons\u00e9quence des comportements fautifs de l&#8217;employeur. Ce dernier pourra alors \u00eatre condamn\u00e9 au versement d&rsquo;indemnit\u00e9s.<\/p>\n<p>Enfin, si le salari\u00e9 est prot\u00e9g\u00e9 par la jurisprudence de toute d\u00e9cision prise sous le coup de la col\u00e8re, l&rsquo;entreprise l&rsquo;est \u00e9galement des \u00e9ventuelles mauvaises intentions du salari\u00e9. Un d\u00e9part pr\u00e9cipit\u00e9 ou une d\u00e9mission avec le d\u00e9bauchage de collaborateurs de l&rsquo;entreprise apparaissent ainsi comme des \u00e9l\u00e9ments constituant une d\u00e9mission abusive. L&rsquo;entreprise sera alors en droit de saisir le conseil des prud&rsquo;hommes pour demander r\u00e9paration du pr\u00e9judice caus\u00e9.<\/p>\n","protected":false},"excerpt":{"rendered":"<p>La rupture du contrat de travail par le salari\u00e9 n\u00e9cessite une expression claire et sans ambigu\u00eft\u00e9 de sa volont\u00e9. Une r\u00e9action de col\u00e8re lors d&rsquo;un conflit avec un de ses coll\u00e8gues ou m\u00eame un abandon de poste ne peuvent pas ainsi \u00eatre consid\u00e9r\u00e9s comme une d\u00e9mission, m\u00eame si le salari\u00e9 a indiqu\u00e9 vouloir quitter l&rsquo;entreprise.\u00a0De [&hellip;]<\/p>\n","protected":false},"author":1,"featured_media":297,"comment_status":"open","ping_status":"open","sticky":false,"template":"","format":"standard","meta":[],"categories":[14],"tags":[],"yoast_head":"<!-- This site is optimized with the Yoast SEO plugin v19.5.1 - https:\/\/yoast.com\/wordpress\/plugins\/seo\/ -->\n<title>La d\u00e9mission, une rupture de contrat \u00e0 analyser avec soin.<\/title>\n<meta name=\"description\" content=\"La rupture du contrat de travail par le salari\u00e9 n\u00e9cessite une expression claire et sans ambigu\u00eft\u00e9 de sa volont\u00e9.\" \/>\n<meta name=\"robots\" content=\"index, follow, max-snippet:-1, max-image-preview:large, max-video-preview:-1\" \/>\n<link rel=\"canonical\" href=\"https:\/\/www.efcformation.com\/reussite-efc\/social\/demission-rupture-de-contrat\/\" \/>\n<meta property=\"og:locale\" content=\"fr_FR\" \/>\n<meta property=\"og:type\" content=\"article\" \/>\n<meta property=\"og:title\" content=\"La d\u00e9mission, une rupture de contrat \u00e0 analyser avec soin.\" \/>\n<meta property=\"og:description\" content=\"La rupture du contrat de travail par le salari\u00e9 n\u00e9cessite une expression claire et sans ambigu\u00eft\u00e9 de sa volont\u00e9.\" \/>\n<meta property=\"og:url\" content=\"https:\/\/www.efcformation.com\/reussite-efc\/social\/demission-rupture-de-contrat\/\" \/>\n<meta property=\"og:site_name\" content=\"Reussite EFC Fomation - Le Blog EFC Formation\" \/>\n<meta property=\"article:published_time\" content=\"2017-02-28T15:28:37+00:00\" \/>\n<meta property=\"og:image\" content=\"http:\/\/www.efcformation.com\/comptamag\/wp-content\/uploads\/2017\/02\/096-facebook-bandeau.jpg\" \/>\n<meta name=\"author\" content=\"EFCformation\" \/>\n<meta name=\"twitter:card\" content=\"summary\" \/>\n<meta name=\"twitter:label1\" content=\"\u00c9crit par\" \/>\n\t<meta name=\"twitter:data1\" content=\"EFCformation\" \/>\n\t<meta name=\"twitter:label2\" content=\"Dur\u00e9e de lecture estim\u00e9e\" \/>\n\t<meta name=\"twitter:data2\" content=\"2 minutes\" \/>\n<script type=\"application\/ld+json\" class=\"yoast-schema-graph\">{\"@context\":\"https:\/\/schema.org\",\"@graph\":[{\"@type\":\"WebPage\",\"@id\":\"https:\/\/www.efcformation.com\/reussite-efc\/social\/demission-rupture-de-contrat\/\",\"url\":\"https:\/\/www.efcformation.com\/reussite-efc\/social\/demission-rupture-de-contrat\/\",\"name\":\"La d\u00e9mission, une rupture de contrat \u00e0 analyser avec soin.\",\"isPartOf\":{\"@id\":\"https:\/\/www.efcformation.com\/reussite-efc\/#website\"},\"datePublished\":\"2017-02-28T15:28:37+00:00\",\"dateModified\":\"2017-02-28T15:28:37+00:00\",\"author\":{\"@id\":\"https:\/\/www.efcformation.com\/reussite-efc\/#\/schema\/person\/6263903b0179d0334456f7512d9d1430\"},\"description\":\"La rupture du contrat de travail par le salari\u00e9 n\u00e9cessite une expression claire et sans ambigu\u00eft\u00e9 de sa volont\u00e9.\",\"breadcrumb\":{\"@id\":\"https:\/\/www.efcformation.com\/reussite-efc\/social\/demission-rupture-de-contrat\/#breadcrumb\"},\"inLanguage\":\"fr-FR\",\"potentialAction\":[{\"@type\":\"ReadAction\",\"target\":[\"https:\/\/www.efcformation.com\/reussite-efc\/social\/demission-rupture-de-contrat\/\"]}]},{\"@type\":\"BreadcrumbList\",\"@id\":\"https:\/\/www.efcformation.com\/reussite-efc\/social\/demission-rupture-de-contrat\/#breadcrumb\",\"itemListElement\":[{\"@type\":\"ListItem\",\"position\":1,\"name\":\"Accueil\",\"item\":\"https:\/\/www.efcformation.com\/reussite-efc\/\"},{\"@type\":\"ListItem\",\"position\":2,\"name\":\"La d\u00e9mission, une rupture de contrat \u00e0 analyser avec soin.\"}]},{\"@type\":\"WebSite\",\"@id\":\"https:\/\/www.efcformation.com\/reussite-efc\/#website\",\"url\":\"https:\/\/www.efcformation.com\/reussite-efc\/\",\"name\":\"Reussite EFC Fomation - Le Blog EFC Formation\",\"description\":\"\",\"potentialAction\":[{\"@type\":\"SearchAction\",\"target\":{\"@type\":\"EntryPoint\",\"urlTemplate\":\"https:\/\/www.efcformation.com\/reussite-efc\/?s={search_term_string}\"},\"query-input\":\"required name=search_term_string\"}],\"inLanguage\":\"fr-FR\"},{\"@type\":\"Person\",\"@id\":\"https:\/\/www.efcformation.com\/reussite-efc\/#\/schema\/person\/6263903b0179d0334456f7512d9d1430\",\"name\":\"EFCformation\",\"image\":{\"@type\":\"ImageObject\",\"inLanguage\":\"fr-FR\",\"@id\":\"https:\/\/www.efcformation.com\/reussite-efc\/#\/schema\/person\/image\/\",\"url\":\"https:\/\/secure.gravatar.com\/avatar\/98b00a1c17dce21016b9ccce376ec821?s=96&d=mm&r=g\",\"contentUrl\":\"https:\/\/secure.gravatar.com\/avatar\/98b00a1c17dce21016b9ccce376ec821?s=96&d=mm&r=g\",\"caption\":\"EFCformation\"},\"url\":\"https:\/\/www.efcformation.com\/reussite-efc\/author\/paindesjacobins\/\"}]}<\/script>\n<!-- \/ Yoast SEO plugin. -->","yoast_head_json":{"title":"La d\u00e9mission, une rupture de contrat \u00e0 analyser avec soin.","description":"La rupture du contrat de travail par le salari\u00e9 n\u00e9cessite une expression claire et sans ambigu\u00eft\u00e9 de sa volont\u00e9.","robots":{"index":"index","follow":"follow","max-snippet":"max-snippet:-1","max-image-preview":"max-image-preview:large","max-video-preview":"max-video-preview:-1"},"canonical":"https:\/\/www.efcformation.com\/reussite-efc\/social\/demission-rupture-de-contrat\/","og_locale":"fr_FR","og_type":"article","og_title":"La d\u00e9mission, une rupture de contrat \u00e0 analyser avec soin.","og_description":"La rupture du contrat de travail par le salari\u00e9 n\u00e9cessite une expression claire et sans ambigu\u00eft\u00e9 de sa volont\u00e9.","og_url":"https:\/\/www.efcformation.com\/reussite-efc\/social\/demission-rupture-de-contrat\/","og_site_name":"Reussite EFC Fomation - Le Blog EFC Formation","article_published_time":"2017-02-28T15:28:37+00:00","og_image":[{"url":"http:\/\/www.efcformation.com\/comptamag\/wp-content\/uploads\/2017\/02\/096-facebook-bandeau.jpg"}],"author":"EFCformation","twitter_card":"summary","twitter_misc":{"\u00c9crit par":"EFCformation","Dur\u00e9e de lecture estim\u00e9e":"2 minutes"},"schema":{"@context":"https:\/\/schema.org","@graph":[{"@type":"WebPage","@id":"https:\/\/www.efcformation.com\/reussite-efc\/social\/demission-rupture-de-contrat\/","url":"https:\/\/www.efcformation.com\/reussite-efc\/social\/demission-rupture-de-contrat\/","name":"La d\u00e9mission, une rupture de contrat \u00e0 analyser avec soin.","isPartOf":{"@id":"https:\/\/www.efcformation.com\/reussite-efc\/#website"},"datePublished":"2017-02-28T15:28:37+00:00","dateModified":"2017-02-28T15:28:37+00:00","author":{"@id":"https:\/\/www.efcformation.com\/reussite-efc\/#\/schema\/person\/6263903b0179d0334456f7512d9d1430"},"description":"La rupture du contrat de travail par le salari\u00e9 n\u00e9cessite une expression claire et sans ambigu\u00eft\u00e9 de sa volont\u00e9.","breadcrumb":{"@id":"https:\/\/www.efcformation.com\/reussite-efc\/social\/demission-rupture-de-contrat\/#breadcrumb"},"inLanguage":"fr-FR","potentialAction":[{"@type":"ReadAction","target":["https:\/\/www.efcformation.com\/reussite-efc\/social\/demission-rupture-de-contrat\/"]}]},{"@type":"BreadcrumbList","@id":"https:\/\/www.efcformation.com\/reussite-efc\/social\/demission-rupture-de-contrat\/#breadcrumb","itemListElement":[{"@type":"ListItem","position":1,"name":"Accueil","item":"https:\/\/www.efcformation.com\/reussite-efc\/"},{"@type":"ListItem","position":2,"name":"La d\u00e9mission, une rupture de contrat \u00e0 analyser avec soin."}]},{"@type":"WebSite","@id":"https:\/\/www.efcformation.com\/reussite-efc\/#website","url":"https:\/\/www.efcformation.com\/reussite-efc\/","name":"Reussite EFC Fomation - Le Blog EFC Formation","description":"","potentialAction":[{"@type":"SearchAction","target":{"@type":"EntryPoint","urlTemplate":"https:\/\/www.efcformation.com\/reussite-efc\/?s={search_term_string}"},"query-input":"required name=search_term_string"}],"inLanguage":"fr-FR"},{"@type":"Person","@id":"https:\/\/www.efcformation.com\/reussite-efc\/#\/schema\/person\/6263903b0179d0334456f7512d9d1430","name":"EFCformation","image":{"@type":"ImageObject","inLanguage":"fr-FR","@id":"https:\/\/www.efcformation.com\/reussite-efc\/#\/schema\/person\/image\/","url":"https:\/\/secure.gravatar.com\/avatar\/98b00a1c17dce21016b9ccce376ec821?s=96&d=mm&r=g","contentUrl":"https:\/\/secure.gravatar.com\/avatar\/98b00a1c17dce21016b9ccce376ec821?s=96&d=mm&r=g","caption":"EFCformation"},"url":"https:\/\/www.efcformation.com\/reussite-efc\/author\/paindesjacobins\/"}]}},"_links":{"self":[{"href":"https:\/\/www.efcformation.com\/reussite-efc\/wp-json\/wp\/v2\/posts\/296"}],"collection":[{"href":"https:\/\/www.efcformation.com\/reussite-efc\/wp-json\/wp\/v2\/posts"}],"about":[{"href":"https:\/\/www.efcformation.com\/reussite-efc\/wp-json\/wp\/v2\/types\/post"}],"author":[{"embeddable":true,"href":"https:\/\/www.efcformation.com\/reussite-efc\/wp-json\/wp\/v2\/users\/1"}],"replies":[{"embeddable":true,"href":"https:\/\/www.efcformation.com\/reussite-efc\/wp-json\/wp\/v2\/comments?post=296"}],"version-history":[{"count":1,"href":"https:\/\/www.efcformation.com\/reussite-efc\/wp-json\/wp\/v2\/posts\/296\/revisions"}],"predecessor-version":[{"id":298,"href":"https:\/\/www.efcformation.com\/reussite-efc\/wp-json\/wp\/v2\/posts\/296\/revisions\/298"}],"wp:featuredmedia":[{"embeddable":true,"href":"https:\/\/www.efcformation.com\/reussite-efc\/wp-json\/wp\/v2\/media\/297"}],"wp:attachment":[{"href":"https:\/\/www.efcformation.com\/reussite-efc\/wp-json\/wp\/v2\/media?parent=296"}],"wp:term":[{"taxonomy":"category","embeddable":true,"href":"https:\/\/www.efcformation.com\/reussite-efc\/wp-json\/wp\/v2\/categories?post=296"},{"taxonomy":"post_tag","embeddable":true,"href":"https:\/\/www.efcformation.com\/reussite-efc\/wp-json\/wp\/v2\/tags?post=296"}],"curies":[{"name":"wp","href":"https:\/\/api.w.org\/{rel}","templated":true}]}}