{"id":303,"date":"2017-02-28T16:45:56","date_gmt":"2017-02-28T15:45:56","guid":{"rendered":"http:\/\/www.efcformation.com\/comptamag\/?p=303"},"modified":"2017-02-28T16:45:56","modified_gmt":"2017-02-28T15:45:56","slug":"conge-de-presence-parentale-droit-a-prendre-en-compte","status":"publish","type":"post","link":"https:\/\/www.efcformation.com\/reussite-efc\/social\/conge-de-presence-parentale-droit-a-prendre-en-compte\/","title":{"rendered":"Le cong\u00e9 de pr\u00e9sence parentale, un droit \u00e0 prendre en compte"},"content":{"rendered":"<p><em><strong>C&rsquo;est pour permettre aux parents d&rsquo;enfants atteints d&rsquo;une maladie, d&rsquo;un handicap ou victimes d&rsquo;un accident d&rsquo;une particuli\u00e8re gravit\u00e9, que le cong\u00e9 de pr\u00e9sence parentale a \u00e9t\u00e9 cr\u00e9\u00e9. R\u00e9pondant \u00e0 la n\u00e9cessit\u00e9 de la pr\u00e9sence d&rsquo;un des parents, ce droit salarial implique aussi une connaissance du dispositif de la part de l&#8217;employeur.<\/strong><\/em><\/p>\n<h2><strong>Le cong\u00e9 de pr\u00e9sence parentale, une demande du salari\u00e9<\/strong><\/h2>\n<p>Ind\u00e9pendamment de l&rsquo;anciennet\u00e9, chaque salari\u00e9 a droit au cong\u00e9 de pr\u00e9sence parentale, \u00e0 charge pour lui de remplir toutes les conditions requises, \u00e0 savoir :<\/p>\n<ul>\n<li>L\u2019enfant doit \u00eatre \u00e0 charge effective et permanente.<\/li>\n<li>L&rsquo;\u00e9ventuel salaire mensuel brut de l&rsquo;enfant ne doit pas d\u00e9passer 893,25 \u20ac.<\/li>\n<li>Il doit \u00eatre \u00e2g\u00e9 de moins de 20 ans.<\/li>\n<li>Il ne doit pas b\u00e9n\u00e9ficier d&rsquo;une allocation logement ou d&rsquo;une prestation familiale.<\/li>\n<\/ul>\n<p>Le salari\u00e9 pourra alors demander \u00e0 b\u00e9n\u00e9ficier de ce cong\u00e9 par lettre recommand\u00e9e avec accus\u00e9 de r\u00e9ception ou par remise en main propre contre d\u00e9charge, et ce, 15 jours avant la date souhait\u00e9e de d\u00e9but du cong\u00e9. La demande sera accompagn\u00e9e d&rsquo;un certificat m\u00e9dical, attestant de la gravit\u00e9 de la maladie, de l&rsquo;accident ou du handicap, d&rsquo;une part, et de la n\u00e9cessit\u00e9 de la pr\u00e9sence d&rsquo;un parent et des soins contraignants d&rsquo;autre part.<\/p>\n<h2><strong>Un cong\u00e9 \u00e0 g\u00e9rer sur une p\u00e9riode de 3 ans<\/strong><\/h2>\n<p>Il suffira ensuite au salari\u00e9 de pr\u00e9venir son employeur 48 heures \u00e0 l&rsquo;avance en fonction des besoins impos\u00e9s par l&rsquo;\u00e9tat de l&rsquo;enfant. Le cong\u00e9 d&rsquo;une dur\u00e9e maximale de 310 jours est valable dans la limite maximale de 3 ans.<\/p>\n<p>S&rsquo;il est impossible de fractionner une journ\u00e9e (pose d&rsquo;une demi-journ\u00e9e de cong\u00e9), cette r\u00e9serve de jours pourra \u00eatre prise tout au long de la dur\u00e9e de ce cong\u00e9. Cette dur\u00e9e est revue tous les 6 mois.<\/p>\n<p>Le cong\u00e9 de pr\u00e9sence parentale entra\u00eene la suspension du contrat de travail. Ne percevant plus de r\u00e9mun\u00e9ration, le parent concern\u00e9 pourra faire une demande d&rsquo;Allocation journali\u00e8re de pr\u00e9sence parentale (AJPP). Les avantages acquis avant le d\u00e9but du cong\u00e9 demeurent, et l&#8217;employeur doit alors comptabiliser cette absence pour moiti\u00e9 dans le calcul des avantages li\u00e9s \u00e0 l&rsquo;anciennet\u00e9. Les p\u00e9riodes d&rsquo;absence seront prises en compte en totalit\u00e9 en ce qui concerne le compte personnel de formation.<\/p>\n<p>Indispensable pour les parents concern\u00e9s, le cong\u00e9 de pr\u00e9sence parentale repr\u00e9sente donc bien une contrainte mat\u00e9rielle pour l&rsquo;entreprise (absence du salari\u00e9), mais aussi de nouvelles obligations (prise en compte de cette absence\u2026).<\/p>\n","protected":false},"excerpt":{"rendered":"<p>C&rsquo;est pour permettre aux parents d&rsquo;enfants atteints d&rsquo;une maladie, d&rsquo;un handicap ou victimes d&rsquo;un accident d&rsquo;une particuli\u00e8re gravit\u00e9, que le cong\u00e9 de pr\u00e9sence parentale a \u00e9t\u00e9 cr\u00e9\u00e9. R\u00e9pondant \u00e0 la n\u00e9cessit\u00e9 de la pr\u00e9sence d&rsquo;un des parents, ce droit salarial implique aussi une connaissance du dispositif de la part de l&#8217;employeur. Le cong\u00e9 de pr\u00e9sence [&hellip;]<\/p>\n","protected":false},"author":1,"featured_media":304,"comment_status":"open","ping_status":"open","sticky":false,"template":"","format":"standard","meta":[],"categories":[14],"tags":[],"yoast_head":"<!-- This site is optimized with the Yoast SEO plugin v19.5.1 - https:\/\/yoast.com\/wordpress\/plugins\/seo\/ -->\n<title>Le cong\u00e9 de pr\u00e9sence parentale, un droit \u00e0 prendre en compte<\/title>\n<meta name=\"description\" content=\"C&#039;est pour permettre aux parents d&#039;enfants atteints d&#039;une maladie, d&#039;un handicap ou victimes d&#039;un accident d&#039;une particuli\u00e8re gravit\u00e9, que le cong\u00e9...\" \/>\n<meta name=\"robots\" content=\"index, follow, max-snippet:-1, max-image-preview:large, max-video-preview:-1\" \/>\n<link rel=\"canonical\" href=\"https:\/\/www.efcformation.com\/reussite-efc\/social\/conge-de-presence-parentale-droit-a-prendre-en-compte\/\" \/>\n<meta property=\"og:locale\" content=\"fr_FR\" \/>\n<meta property=\"og:type\" content=\"article\" \/>\n<meta property=\"og:title\" content=\"Le cong\u00e9 de pr\u00e9sence parentale, un droit \u00e0 prendre en compte\" \/>\n<meta property=\"og:description\" content=\"C&#039;est pour permettre aux parents d&#039;enfants atteints d&#039;une maladie, d&#039;un handicap ou victimes d&#039;un accident d&#039;une particuli\u00e8re gravit\u00e9, que le cong\u00e9...\" \/>\n<meta property=\"og:url\" content=\"https:\/\/www.efcformation.com\/reussite-efc\/social\/conge-de-presence-parentale-droit-a-prendre-en-compte\/\" \/>\n<meta property=\"og:site_name\" content=\"Reussite EFC Fomation - Le Blog EFC Formation\" \/>\n<meta property=\"article:published_time\" content=\"2017-02-28T15:45:56+00:00\" \/>\n<meta property=\"og:image\" content=\"http:\/\/www.efcformation.com\/comptamag\/wp-content\/uploads\/2017\/02\/095-facebook-bandeau.jpg\" \/>\n<meta name=\"author\" content=\"EFCformation\" \/>\n<meta name=\"twitter:card\" content=\"summary\" \/>\n<meta name=\"twitter:label1\" content=\"\u00c9crit par\" \/>\n\t<meta name=\"twitter:data1\" content=\"EFCformation\" \/>\n\t<meta name=\"twitter:label2\" content=\"Dur\u00e9e de lecture estim\u00e9e\" \/>\n\t<meta name=\"twitter:data2\" content=\"2 minutes\" \/>\n<script type=\"application\/ld+json\" class=\"yoast-schema-graph\">{\"@context\":\"https:\/\/schema.org\",\"@graph\":[{\"@type\":\"WebPage\",\"@id\":\"https:\/\/www.efcformation.com\/reussite-efc\/social\/conge-de-presence-parentale-droit-a-prendre-en-compte\/\",\"url\":\"https:\/\/www.efcformation.com\/reussite-efc\/social\/conge-de-presence-parentale-droit-a-prendre-en-compte\/\",\"name\":\"Le cong\u00e9 de pr\u00e9sence parentale, un droit \u00e0 prendre en compte\",\"isPartOf\":{\"@id\":\"https:\/\/www.efcformation.com\/reussite-efc\/#website\"},\"datePublished\":\"2017-02-28T15:45:56+00:00\",\"dateModified\":\"2017-02-28T15:45:56+00:00\",\"author\":{\"@id\":\"https:\/\/www.efcformation.com\/reussite-efc\/#\/schema\/person\/6263903b0179d0334456f7512d9d1430\"},\"description\":\"C'est pour permettre aux parents d'enfants atteints d'une maladie, d'un handicap ou victimes d'un accident d'une particuli\u00e8re gravit\u00e9, que le cong\u00e9...\",\"breadcrumb\":{\"@id\":\"https:\/\/www.efcformation.com\/reussite-efc\/social\/conge-de-presence-parentale-droit-a-prendre-en-compte\/#breadcrumb\"},\"inLanguage\":\"fr-FR\",\"potentialAction\":[{\"@type\":\"ReadAction\",\"target\":[\"https:\/\/www.efcformation.com\/reussite-efc\/social\/conge-de-presence-parentale-droit-a-prendre-en-compte\/\"]}]},{\"@type\":\"BreadcrumbList\",\"@id\":\"https:\/\/www.efcformation.com\/reussite-efc\/social\/conge-de-presence-parentale-droit-a-prendre-en-compte\/#breadcrumb\",\"itemListElement\":[{\"@type\":\"ListItem\",\"position\":1,\"name\":\"Accueil\",\"item\":\"https:\/\/www.efcformation.com\/reussite-efc\/\"},{\"@type\":\"ListItem\",\"position\":2,\"name\":\"Le cong\u00e9 de pr\u00e9sence parentale, un droit \u00e0 prendre en compte\"}]},{\"@type\":\"WebSite\",\"@id\":\"https:\/\/www.efcformation.com\/reussite-efc\/#website\",\"url\":\"https:\/\/www.efcformation.com\/reussite-efc\/\",\"name\":\"Reussite EFC Fomation - Le Blog EFC Formation\",\"description\":\"\",\"potentialAction\":[{\"@type\":\"SearchAction\",\"target\":{\"@type\":\"EntryPoint\",\"urlTemplate\":\"https:\/\/www.efcformation.com\/reussite-efc\/?s={search_term_string}\"},\"query-input\":\"required name=search_term_string\"}],\"inLanguage\":\"fr-FR\"},{\"@type\":\"Person\",\"@id\":\"https:\/\/www.efcformation.com\/reussite-efc\/#\/schema\/person\/6263903b0179d0334456f7512d9d1430\",\"name\":\"EFCformation\",\"image\":{\"@type\":\"ImageObject\",\"inLanguage\":\"fr-FR\",\"@id\":\"https:\/\/www.efcformation.com\/reussite-efc\/#\/schema\/person\/image\/\",\"url\":\"https:\/\/secure.gravatar.com\/avatar\/98b00a1c17dce21016b9ccce376ec821?s=96&d=mm&r=g\",\"contentUrl\":\"https:\/\/secure.gravatar.com\/avatar\/98b00a1c17dce21016b9ccce376ec821?s=96&d=mm&r=g\",\"caption\":\"EFCformation\"},\"url\":\"https:\/\/www.efcformation.com\/reussite-efc\/author\/paindesjacobins\/\"}]}<\/script>\n<!-- \/ Yoast SEO plugin. -->","yoast_head_json":{"title":"Le cong\u00e9 de pr\u00e9sence parentale, un droit \u00e0 prendre en compte","description":"C'est pour permettre aux parents d'enfants atteints d'une maladie, d'un handicap ou victimes d'un accident d'une particuli\u00e8re gravit\u00e9, que le cong\u00e9...","robots":{"index":"index","follow":"follow","max-snippet":"max-snippet:-1","max-image-preview":"max-image-preview:large","max-video-preview":"max-video-preview:-1"},"canonical":"https:\/\/www.efcformation.com\/reussite-efc\/social\/conge-de-presence-parentale-droit-a-prendre-en-compte\/","og_locale":"fr_FR","og_type":"article","og_title":"Le cong\u00e9 de pr\u00e9sence parentale, un droit \u00e0 prendre en compte","og_description":"C'est pour permettre aux parents d'enfants atteints d'une maladie, d'un handicap ou victimes d'un accident d'une particuli\u00e8re gravit\u00e9, que le cong\u00e9...","og_url":"https:\/\/www.efcformation.com\/reussite-efc\/social\/conge-de-presence-parentale-droit-a-prendre-en-compte\/","og_site_name":"Reussite EFC Fomation - Le Blog EFC Formation","article_published_time":"2017-02-28T15:45:56+00:00","og_image":[{"url":"http:\/\/www.efcformation.com\/comptamag\/wp-content\/uploads\/2017\/02\/095-facebook-bandeau.jpg"}],"author":"EFCformation","twitter_card":"summary","twitter_misc":{"\u00c9crit par":"EFCformation","Dur\u00e9e de lecture estim\u00e9e":"2 minutes"},"schema":{"@context":"https:\/\/schema.org","@graph":[{"@type":"WebPage","@id":"https:\/\/www.efcformation.com\/reussite-efc\/social\/conge-de-presence-parentale-droit-a-prendre-en-compte\/","url":"https:\/\/www.efcformation.com\/reussite-efc\/social\/conge-de-presence-parentale-droit-a-prendre-en-compte\/","name":"Le cong\u00e9 de pr\u00e9sence parentale, un droit \u00e0 prendre en compte","isPartOf":{"@id":"https:\/\/www.efcformation.com\/reussite-efc\/#website"},"datePublished":"2017-02-28T15:45:56+00:00","dateModified":"2017-02-28T15:45:56+00:00","author":{"@id":"https:\/\/www.efcformation.com\/reussite-efc\/#\/schema\/person\/6263903b0179d0334456f7512d9d1430"},"description":"C'est pour permettre aux parents d'enfants atteints d'une maladie, d'un handicap ou victimes d'un accident d'une particuli\u00e8re gravit\u00e9, que le cong\u00e9...","breadcrumb":{"@id":"https:\/\/www.efcformation.com\/reussite-efc\/social\/conge-de-presence-parentale-droit-a-prendre-en-compte\/#breadcrumb"},"inLanguage":"fr-FR","potentialAction":[{"@type":"ReadAction","target":["https:\/\/www.efcformation.com\/reussite-efc\/social\/conge-de-presence-parentale-droit-a-prendre-en-compte\/"]}]},{"@type":"BreadcrumbList","@id":"https:\/\/www.efcformation.com\/reussite-efc\/social\/conge-de-presence-parentale-droit-a-prendre-en-compte\/#breadcrumb","itemListElement":[{"@type":"ListItem","position":1,"name":"Accueil","item":"https:\/\/www.efcformation.com\/reussite-efc\/"},{"@type":"ListItem","position":2,"name":"Le cong\u00e9 de pr\u00e9sence parentale, un droit \u00e0 prendre en compte"}]},{"@type":"WebSite","@id":"https:\/\/www.efcformation.com\/reussite-efc\/#website","url":"https:\/\/www.efcformation.com\/reussite-efc\/","name":"Reussite EFC Fomation - Le Blog EFC Formation","description":"","potentialAction":[{"@type":"SearchAction","target":{"@type":"EntryPoint","urlTemplate":"https:\/\/www.efcformation.com\/reussite-efc\/?s={search_term_string}"},"query-input":"required name=search_term_string"}],"inLanguage":"fr-FR"},{"@type":"Person","@id":"https:\/\/www.efcformation.com\/reussite-efc\/#\/schema\/person\/6263903b0179d0334456f7512d9d1430","name":"EFCformation","image":{"@type":"ImageObject","inLanguage":"fr-FR","@id":"https:\/\/www.efcformation.com\/reussite-efc\/#\/schema\/person\/image\/","url":"https:\/\/secure.gravatar.com\/avatar\/98b00a1c17dce21016b9ccce376ec821?s=96&d=mm&r=g","contentUrl":"https:\/\/secure.gravatar.com\/avatar\/98b00a1c17dce21016b9ccce376ec821?s=96&d=mm&r=g","caption":"EFCformation"},"url":"https:\/\/www.efcformation.com\/reussite-efc\/author\/paindesjacobins\/"}]}},"_links":{"self":[{"href":"https:\/\/www.efcformation.com\/reussite-efc\/wp-json\/wp\/v2\/posts\/303"}],"collection":[{"href":"https:\/\/www.efcformation.com\/reussite-efc\/wp-json\/wp\/v2\/posts"}],"about":[{"href":"https:\/\/www.efcformation.com\/reussite-efc\/wp-json\/wp\/v2\/types\/post"}],"author":[{"embeddable":true,"href":"https:\/\/www.efcformation.com\/reussite-efc\/wp-json\/wp\/v2\/users\/1"}],"replies":[{"embeddable":true,"href":"https:\/\/www.efcformation.com\/reussite-efc\/wp-json\/wp\/v2\/comments?post=303"}],"version-history":[{"count":1,"href":"https:\/\/www.efcformation.com\/reussite-efc\/wp-json\/wp\/v2\/posts\/303\/revisions"}],"predecessor-version":[{"id":305,"href":"https:\/\/www.efcformation.com\/reussite-efc\/wp-json\/wp\/v2\/posts\/303\/revisions\/305"}],"wp:featuredmedia":[{"embeddable":true,"href":"https:\/\/www.efcformation.com\/reussite-efc\/wp-json\/wp\/v2\/media\/304"}],"wp:attachment":[{"href":"https:\/\/www.efcformation.com\/reussite-efc\/wp-json\/wp\/v2\/media?parent=303"}],"wp:term":[{"taxonomy":"category","embeddable":true,"href":"https:\/\/www.efcformation.com\/reussite-efc\/wp-json\/wp\/v2\/categories?post=303"},{"taxonomy":"post_tag","embeddable":true,"href":"https:\/\/www.efcformation.com\/reussite-efc\/wp-json\/wp\/v2\/tags?post=303"}],"curies":[{"name":"wp","href":"https:\/\/api.w.org\/{rel}","templated":true}]}}