{"id":3556,"date":"2023-06-06T11:00:00","date_gmt":"2023-06-06T09:00:00","guid":{"rendered":"https:\/\/www.efcformation.com\/reussite-efc\/?p=3556"},"modified":"2024-03-21T10:37:23","modified_gmt":"2024-03-21T09:37:23","slug":"gestionnaire-de-paie-2","status":"publish","type":"post","link":"https:\/\/www.efcformation.com\/reussite-efc\/ressources-humaines\/gestionnaire-de-paie-2\/","title":{"rendered":"Le march\u00e9 de l&#8217;emploi pour les gestionnaires de paie : tendances et perspectives"},"content":{"rendered":"\n<p>La gestion de paie est un \u00e9l\u00e9ment cl\u00e9 du monde professionnel, et la demande pour les gestionnaires de paie ne cesse de cro\u00eetre. Cet article a pour objectif d&rsquo;<strong>analyser les tendances et les perspectives du march\u00e9 de l&#8217;emploi pour les gestionnaires de paie<\/strong>, un m\u00e9tier en constante \u00e9volution.<\/p>\n\n\n\n<p>En effet, avec les changements l\u00e9gislatifs, r\u00e9glementaires et technologiques<strong>, les gestionnaires de paie<\/strong> font face \u00e0 des d\u00e9fis toujours plus complexes. Les entreprises, quelle que soit leur taille, ont besoin de professionnels comp\u00e9tents pour assurer la gestion administrative de leur paie et respecter les obligations l\u00e9gales en mati\u00e8re de r\u00e9mun\u00e9ration.<\/p>\n\n\n\n<p>Dans ce contexte, il est important d&rsquo;examiner les <strong>comp\u00e9tences requises pour \u00eatre un bon gestionnaire de paie<\/strong>, ainsi que les opportunit\u00e9s d&rsquo;\u00e9volution professionnelle offertes par ce m\u00e9tier. Nous explorerons \u00e9galement l&rsquo;impact de la digitalisation sur la profession et les perspectives d&#8217;emploi dans diff\u00e9rents secteurs d&rsquo;activit\u00e9.<\/p>\n\n\n\n<h2 style=\"font-size:27px\"><mark style=\"background-color:rgba(0, 0, 0, 0);color:#0f1555\" class=\"has-inline-color\"><strong>Qu&rsquo;est-ce qu&rsquo;un gestionnaire de paie et <\/strong><\/mark><strong><mark style=\"background-color:rgba(0, 0, 0, 0);color:#ff7e00\" class=\"has-inline-color\">quelles sont ses responsabilit\u00e9s ?<\/mark><\/strong><\/h2>\n\n\n\n<p>D\u00e9finissons tout d\u2019abord le r\u00f4le du <a href=\"https:\/\/www.efcformation.com\/formations\/titre-professionnel-gestionnaire-de-paie\">gestionnaire de paie<\/a> et pr\u00e9sentons ses principales responsabilit\u00e9s. Puis, nous aborderons \u00e9galement les comp\u00e9tences requises pour exercer ce m\u00e9tier et les qualit\u00e9s indispensables pour \u00eatre un bon gestionnaire de paie.<\/p>\n\n\n\n<h3 style=\"font-size:27px\"><mark style=\"background-color:rgba(0, 0, 0, 0);color:#0f1555\" class=\"has-inline-color\"><strong>D\u00e9finition du <\/strong><\/mark><strong><mark style=\"background-color:rgba(0, 0, 0, 0);color:#ff7e00\" class=\"has-inline-color\">gestionnaire de paie<\/mark><\/strong><\/h3>\n\n\n\n<p>Le gestionnaire de paie est un <strong>professionnel charg\u00e9 d&rsquo;assurer la gestion administrative des salaires au sein d&rsquo;une entreprise<\/strong>. Il est notamment responsable de l&rsquo;\u00e9tablissement des fiches de paie, des d\u00e9clarations sociales, et du respect des obligations l\u00e9gales en mati\u00e8re de r\u00e9mun\u00e9ration.<\/p>\n\n\n\n<h3 style=\"font-size:27px\"><mark style=\"background-color:rgba(0, 0, 0, 0);color:#0f1555\" class=\"has-inline-color\"><strong>Responsabilit\u00e9s et t\u00e2ches quotidiennes <\/strong><\/mark><strong><mark style=\"background-color:rgba(0, 0, 0, 0);color:#ff7e00\" class=\"has-inline-color\">du gestionnaire de paie<\/mark><\/strong><\/h3>\n\n\n\n<p>Les principales responsabilit\u00e9s du gestionnaire de paie incluent&nbsp;:<\/p>\n\n\n\n<ul><li>la collecte et la v\u00e9rification des donn\u00e9es relatives aux salari\u00e9s,<\/li><li>le calcul des \u00e9l\u00e9ments de r\u00e9mun\u00e9ration,<\/li><li>la r\u00e9alisation des d\u00e9clarations sociales et fiscales,<\/li><li>et la veille juridique et r\u00e9glementaire.<\/li><\/ul>\n\n\n\n<p>Il doit \u00e9galement r\u00e9pondre aux questions des salari\u00e9s concernant leur paie et leur situation administrative.<\/p>\n\n\n\n<figure class=\"wp-block-image size-full\"><img loading=\"lazy\" width=\"749\" height=\"297\" src=\"https:\/\/www.efcformation.com\/reussite-efc\/wp-content\/uploads\/2023\/03\/gestion-paie.jpg\" alt=\"une femme gestionnaire calculant avec sa calculatrice\" class=\"wp-image-3560\" srcset=\"https:\/\/www.efcformation.com\/reussite-efc\/wp-content\/uploads\/2023\/03\/gestion-paie.jpg 749w, https:\/\/www.efcformation.com\/reussite-efc\/wp-content\/uploads\/2023\/03\/gestion-paie-300x119.jpg 300w\" sizes=\"(max-width: 749px) 100vw, 749px\" \/><\/figure>\n\n\n\n<h3 style=\"font-size:27px\"><mark style=\"background-color:rgba(0, 0, 0, 0);color:#0f1555\" class=\"has-inline-color\"><strong>Comp\u00e9tences requises pour \u00eatre <\/strong><\/mark><strong><mark style=\"background-color:rgba(0, 0, 0, 0);color:#ff7e00\" class=\"has-inline-color\">un bon gestionnaire de paie<\/mark><\/strong><\/h3>\n\n\n\n<p>Pour \u00eatre un gestionnaire de paie comp\u00e9tent, il faut poss\u00e9der <strong>des comp\u00e9tences en comptabilit\u00e9<\/strong>, en <strong>droit du travail<\/strong>, en <strong>informatique<\/strong> et <strong>en gestion administrative<\/strong>. Il est \u00e9galement essentiel d&rsquo;\u00eatre rigoureux, organis\u00e9, et de savoir communiquer efficacement avec les salari\u00e9s et les diff\u00e9rents interlocuteurs internes et externes.<\/p>\n\n\n\n<h2 style=\"font-size:27px\"><mark style=\"background-color:rgba(0, 0, 0, 0);color:#0f1555\" class=\"has-inline-color\"><strong>\u00c9volution du march\u00e9 de l&#8217;emploi pour les <\/strong><\/mark><strong><mark style=\"background-color:rgba(0, 0, 0, 0);color:#ff7e00\" class=\"has-inline-color\">gestionnaires de paie<\/mark><\/strong><\/h2>\n\n\n\n<p>Il nous parait pertinent <strong>d\u2019examiner l&rsquo;\u00e9volution du m\u00e9tier de gestionnaire de paie<\/strong> au fil du temps, en mettant l&rsquo;accent sur les changements l\u00e9gislatifs, r\u00e9glementaires et technologiques. Analysons aussi les tendances actuelles du march\u00e9 de l&#8217;emploi pour les gestionnaires de paie et l&rsquo;impact de la digitalisation sur ce m\u00e9tier.<\/p>\n\n\n\n<h3 style=\"font-size:27px\"><mark style=\"background-color:rgba(0, 0, 0, 0);color:#0f1555\" class=\"has-inline-color\"><strong>Historique du m\u00e9tier de <\/strong><\/mark><strong><mark style=\"background-color:rgba(0, 0, 0, 0);color:#ff7e00\" class=\"has-inline-color\">gestionnaire de paie<\/mark><\/strong><\/h3>\n\n\n\n<p>Le m\u00e9tier de gestionnaire de paie existe depuis de nombreuses ann\u00e9es, et sa complexit\u00e9 a \u00e9volu\u00e9 avec les <strong>changements l\u00e9gislatifs et r\u00e9glementaires<\/strong>. La profession s&rsquo;est \u00e9galement adapt\u00e9e aux progr\u00e8s technologiques, qui ont permis d&rsquo;automatiser certaines t\u00e2ches et d&rsquo;am\u00e9liorer la gestion des donn\u00e9es.<\/p>\n\n\n\n<h3 style=\"font-size:27px\"><mark style=\"background-color:rgba(0, 0, 0, 0);color:#0f1555\" class=\"has-inline-color\"><strong>Tendances actuelles du march\u00e9 de l&#8217;emploi <\/strong><\/mark><strong><mark style=\"background-color:rgba(0, 0, 0, 0);color:#ff7e00\" class=\"has-inline-color\">pour les gestionnaires de paie<\/mark><\/strong><\/h3>\n\n\n\n<p>Le march\u00e9 de l&#8217;emploi pour les gestionnaires de paie est en pleine croissance, en raison de la complexit\u00e9 croissante des r\u00e9glementations et des besoins en mati\u00e8re de conformit\u00e9. Les entreprises sont de plus en plus \u00e0 la recherche de professionnels qualifi\u00e9s pour assurer la gestion de leur paie et respecter leurs obligations l\u00e9gales.<\/p>\n\n\n\n<div class=\"wp-block-media-text alignwide is-stacked-on-mobile is-vertically-aligned-center has-background\" style=\"background-color:#f3f0f0;grid-template-columns:20% auto\"><figure class=\"wp-block-media-text__media\"><img loading=\"lazy\" width=\"128\" height=\"128\" src=\"https:\/\/www.efcformation.com\/reussite-efc\/wp-content\/uploads\/2022\/11\/bouton-dinformation-1.png\" alt=\"Informations\" class=\"wp-image-3051 size-full\" srcset=\"https:\/\/www.efcformation.com\/reussite-efc\/wp-content\/uploads\/2022\/11\/bouton-dinformation-1.png 128w, https:\/\/www.efcformation.com\/reussite-efc\/wp-content\/uploads\/2022\/11\/bouton-dinformation-1-45x45.png 45w\" sizes=\"(max-width: 128px) 100vw, 128px\" \/><\/figure><div class=\"wp-block-media-text__content\">\n<div style=\"height:6px\" aria-hidden=\"true\" class=\"wp-block-spacer\"><\/div>\n\n\n\n<div class=\"wp-container-1 wp-block-group\"><div class=\"wp-block-group__inner-container\">\n<h6 class=\"has-medium-font-size\"><strong>Vous \u00eates int\u00e9ress\u00e9(e) par nos formations en ressources humaines ? <\/strong><\/h6>\n\n\n\n<p style=\"font-size:16px\">Compl\u00e9tez notre demande de renseignements, \u00e9changez avec un conseiller d&rsquo;\u00e9tudes et obtenez toutes les r\u00e9ponses \u00e0 vos questions ! \ud83d\udcac<\/p>\n<\/div><\/div>\n\n\n\n<div class=\"wp-container-2 is-content-justification-left wp-block-buttons\">\n<div class=\"wp-block-button\"><a class=\"wp-block-button__link has-white-color has-text-color has-background\" href=\"#formulaire-efc\" style=\"background-color:#5b0cd1\"><strong>Plus d&rsquo;informations<\/strong><\/a><\/div>\n<\/div>\n\n\n\n<div style=\"height:12px\" aria-hidden=\"true\" class=\"wp-block-spacer\"><\/div>\n<\/div><\/div>\n\n\n\n<h3 style=\"font-size:27px\"><mark style=\"background-color:rgba(0, 0, 0, 0);color:#0f1555\" class=\"has-inline-color\"><strong>Impact de la digitalisation sur le m\u00e9tier de <\/strong><\/mark><strong><mark style=\"background-color:rgba(0, 0, 0, 0);color:#ff7e00\" class=\"has-inline-color\">gestionnaire de paie<\/mark><\/strong><\/h3>\n\n\n\n<p><strong>La digitalisation<\/strong> a transform\u00e9 le m\u00e9tier de gestionnaire de paie en simplifiant certaines t\u00e2ches et en <strong>am\u00e9liorant l&rsquo;efficacit\u00e9 des processus<\/strong>.<\/p>\n\n\n\n<p>Les logiciels de paie et les outils num\u00e9riques permettent d\u00e9sormais de g\u00e9rer les donn\u00e9es plus rapidement et de mani\u00e8re plus s\u00e9curis\u00e9e. Cependant, cette \u00e9volution implique \u00e9galement de nouvelles comp\u00e9tences, notamment en mati\u00e8re d&rsquo;utilisation des outils informatiques et de cybers\u00e9curit\u00e9.<\/p>\n\n\n\n<h2 style=\"font-size:27px\"><mark style=\"background-color:rgba(0, 0, 0, 0);color:#0f1555\" class=\"has-inline-color\"><strong>Perspectives d&rsquo;avenir pour les <\/strong><\/mark><strong><mark style=\"background-color:rgba(0, 0, 0, 0);color:#ff7e00\" class=\"has-inline-color\">gestionnaires de paie<\/mark><\/strong><\/h2>\n\n\n\n<p>Int\u00e9ressons-nous enfin aux <strong>perspectives d&rsquo;avenir pour les gestionnaires de paie<\/strong>. Tout en abordant les opportunit\u00e9s d&rsquo;\u00e9volution professionnelle, les nouveaux d\u00e9fis et comp\u00e9tences requises \u00e0 l&rsquo;\u00e8re du num\u00e9rique. \u00c9voquons aussi les perspectives d&#8217;emploi dans diff\u00e9rents secteurs d&rsquo;activit\u00e9.<\/p>\n\n\n\n<h3 style=\"font-size:27px\"><mark style=\"background-color:rgba(0, 0, 0, 0);color:#0f1555\" class=\"has-inline-color\"><strong>Les opportunit\u00e9s d&rsquo;\u00e9volution professionnelle <\/strong><\/mark><strong><mark style=\"background-color:rgba(0, 0, 0, 0);color:#ff7e00\" class=\"has-inline-color\">pour les gestionnaires de paie<\/mark><\/strong><\/h3>\n\n\n\n<p>Les gestionnaires de paie ont de <strong>nombreuses possibilit\u00e9s d&rsquo;\u00e9volution professionnelle<\/strong>. Ils peuvent par exemple \u00e9voluer vers des postes de responsable paie, de contr\u00f4leur de gestion sociale ou encore de consultant en paie. La formation continue et l&rsquo;acquisition de nouvelles comp\u00e9tences sont essentielles pour saisir ces opportunit\u00e9s et progresser dans leur carri\u00e8re.<\/p>\n\n\n\n<h3 style=\"font-size:27px\"><mark style=\"background-color:rgba(0, 0, 0, 0);color:#0f1555\" class=\"has-inline-color\"><strong>Nouveaux d\u00e9fis et comp\u00e9tences requises pour les gestionnaires de paie <\/strong><\/mark><strong><mark style=\"background-color:rgba(0, 0, 0, 0);color:#ff7e00\" class=\"has-inline-color\">\u00e0 l&rsquo;\u00e8re du num\u00e9rique<\/mark><\/strong><\/h3>\n\n\n\n<figure class=\"wp-block-image size-full\"><img loading=\"lazy\" width=\"748\" height=\"300\" src=\"https:\/\/www.efcformation.com\/reussite-efc\/wp-content\/uploads\/2023\/03\/paie-gestion.jpg\" alt=\"deux femmes exer\u00e7ant le m\u00e9tier de gestionnaire de paie\" class=\"wp-image-3561\" srcset=\"https:\/\/www.efcformation.com\/reussite-efc\/wp-content\/uploads\/2023\/03\/paie-gestion.jpg 748w, https:\/\/www.efcformation.com\/reussite-efc\/wp-content\/uploads\/2023\/03\/paie-gestion-300x120.jpg 300w\" sizes=\"(max-width: 748px) 100vw, 748px\" \/><\/figure>\n\n\n\n<p>Avec la digitalisation et les \u00e9volutions r\u00e9glementaires, les gestionnaires de paie doivent faire face \u00e0 de nouveaux d\u00e9fis. Il est donc crucial de ma\u00eetriser les outils num\u00e9riques, d&rsquo;\u00eatre \u00e0 l&rsquo;aise avec les logiciels de paie et de se tenir inform\u00e9 des \u00e9volutions l\u00e9gales et r\u00e9glementaires.<\/p>\n\n\n\n<p>La capacit\u00e9 d&rsquo;adaptation et la curiosit\u00e9 sont \u00e9galement des qualit\u00e9s indispensables pour r\u00e9ussir dans ce m\u00e9tier.<\/p>\n\n\n\n<h3 style=\"font-size:27px\"><mark style=\"background-color:rgba(0, 0, 0, 0);color:#0f1555\" class=\"has-inline-color\"><strong>Les perspectives d&#8217;emploi dans <\/strong><\/mark><strong><mark style=\"background-color:rgba(0, 0, 0, 0);color:#ff7e00\" class=\"has-inline-color\">diff\u00e9rents secteurs d&rsquo;activit\u00e9<\/mark><\/strong><\/h3>\n\n\n\n<p>Le march\u00e9 de <strong>l&#8217;emploi pour les gestionnaires de paie est en croissance<\/strong> dans de nombreux secteurs d&rsquo;activit\u00e9.<\/p>\n\n\n\n<p>Les entreprises, quelle que soit leur taille, ont besoin de professionnels comp\u00e9tents pour g\u00e9rer leur paie et leurs ressources humaines. Les cabinets d&rsquo;expertise comptable, les entreprises du secteur public et les grandes organisations sont autant d&#8217;employeurs potentiels pour les gestionnaires de paie. De plus, les d\u00e9partements des ressources humaines et du personnel au sein de PME et de start-ups offrent \u00e9galement des opportunit\u00e9s d&#8217;emploi pour ces professionnels, qui sont de plus en plus recherch\u00e9s pour leur expertise et leur capacit\u00e9 \u00e0 assurer une gestion efficace des salaires et des avantages sociaux.<\/p>\n\n\n\n<p>Afin de r\u00e9pondre \u00e0 cette demande croissante, <strong>il est important de se former efficacement<\/strong> pour acc\u00e9der \u00e0 ce m\u00e9tier. La <a href=\"https:\/\/www.efcformation.com\/reussite-efc\/ressources-humaines\/formation-gestionnaire-de-paie\">formation \u00e0 distance gestionnaire de paie<\/a> est un excellent moyen d&rsquo;acqu\u00e9rir les comp\u00e9tences n\u00e9cessaires tout en b\u00e9n\u00e9ficiant d&rsquo;une flexibilit\u00e9 d&rsquo;apprentissage adapt\u00e9e \u00e0 son emploi du temps. N\u2019h\u00e9sitez donc surtout pas \u00e0 faire une demande de renseignement sur notre site pour en savoir plus sur notre formation gestionnaire de paie.<\/p>\n\n\n\n<p>En r\u00e9sum\u00e9, <strong>le march\u00e9 de l&#8217;emploi pour les gestionnaires de paie est en plein essor<\/strong>, port\u00e9 par les \u00e9volutions r\u00e9glementaires et technologiques. Pour r\u00e9ussir dans ce m\u00e9tier et optimiser son employabilit\u00e9, il est essentiel de d\u00e9velopper des comp\u00e9tences en informatique et en gestion administrative, de se tenir inform\u00e9 des changements l\u00e9gislatifs et de s&rsquo;adapter aux nouveaux d\u00e9fis du num\u00e9rique.<\/p>\n\n\n\n<p>Les perspectives d&rsquo;avenir pour les gestionnaires de paie sont prometteuses, avec de <strong>nombreuses opportunit\u00e9s d&rsquo;\u00e9volution professionnelle<\/strong> et une demande croissante dans diff\u00e9rents secteurs d&rsquo;activit\u00e9. En investissant dans la formation continue et en d\u00e9veloppant les comp\u00e9tences requises, les gestionnaires de paie pourront assurer leur succ\u00e8s dans un march\u00e9 de l&#8217;emploi en pleine croissance.<\/p>\n","protected":false},"excerpt":{"rendered":"<p>La gestion de paie est un \u00e9l\u00e9ment cl\u00e9 du monde professionnel, et la demande pour les gestionnaires de paie ne cesse de cro\u00eetre. Cet article a pour objectif d&rsquo;analyser les tendances et les perspectives du march\u00e9 de l&#8217;emploi pour les gestionnaires de paie, un m\u00e9tier en constante \u00e9volution. En effet, avec les changements l\u00e9gislatifs, r\u00e9glementaires [&hellip;]<\/p>\n","protected":false},"author":2,"featured_media":3559,"comment_status":"open","ping_status":"open","sticky":false,"template":"","format":"standard","meta":[],"categories":[29],"tags":[],"yoast_head":"<!-- This site is optimized with the Yoast SEO plugin v19.5.1 - https:\/\/yoast.com\/wordpress\/plugins\/seo\/ -->\n<title>Le march\u00e9 de l&#039;emploi pour les gestionnaires de paie : tendances et perspectives - Reussite EFC Fomation - Le Blog EFC Formation<\/title>\n<meta name=\"description\" content=\"Cet article a pour objectif d&#039;analyser les tendances et les perspectives du march\u00e9 de l&#039;emploi pour les gestionnaires de paie, un m\u00e9tier en constante \u00e9volution.\" \/>\n<meta name=\"robots\" content=\"index, follow, max-snippet:-1, max-image-preview:large, max-video-preview:-1\" \/>\n<link rel=\"canonical\" href=\"https:\/\/www.efcformation.com\/reussite-efc\/ressources-humaines\/gestionnaire-de-paie-2\/\" \/>\n<meta property=\"og:locale\" content=\"fr_FR\" \/>\n<meta property=\"og:type\" content=\"article\" \/>\n<meta property=\"og:title\" content=\"Le march\u00e9 de l&#039;emploi pour les gestionnaires de paie : tendances et perspectives - Reussite EFC Fomation - Le Blog EFC Formation\" \/>\n<meta property=\"og:description\" content=\"Cet article a pour objectif d&#039;analyser les tendances et les perspectives du march\u00e9 de l&#039;emploi pour les gestionnaires de paie, un m\u00e9tier en constante \u00e9volution.\" \/>\n<meta property=\"og:url\" content=\"https:\/\/www.efcformation.com\/reussite-efc\/ressources-humaines\/gestionnaire-de-paie-2\/\" \/>\n<meta property=\"og:site_name\" content=\"Reussite EFC Fomation - Le Blog EFC Formation\" \/>\n<meta property=\"article:published_time\" content=\"2023-06-06T09:00:00+00:00\" \/>\n<meta property=\"article:modified_time\" content=\"2024-03-21T09:37:23+00:00\" \/>\n<meta property=\"og:image\" content=\"https:\/\/www.efcformation.com\/reussite-efc\/wp-content\/uploads\/2023\/03\/gestionnaire-de-paie.jpg\" \/>\n\t<meta property=\"og:image:width\" content=\"1200\" \/>\n\t<meta property=\"og:image:height\" content=\"628\" \/>\n\t<meta property=\"og:image:type\" content=\"image\/jpeg\" \/>\n<meta name=\"author\" content=\"Cedric\" \/>\n<meta name=\"twitter:card\" content=\"summary\" \/>\n<meta name=\"twitter:label1\" content=\"\u00c9crit par\" \/>\n\t<meta name=\"twitter:data1\" content=\"Cedric\" \/>\n\t<meta name=\"twitter:label2\" content=\"Dur\u00e9e de lecture estim\u00e9e\" \/>\n\t<meta name=\"twitter:data2\" content=\"7 minutes\" \/>\n<script type=\"application\/ld+json\" class=\"yoast-schema-graph\">{\"@context\":\"https:\/\/schema.org\",\"@graph\":[{\"@type\":\"WebPage\",\"@id\":\"https:\/\/www.efcformation.com\/reussite-efc\/ressources-humaines\/gestionnaire-de-paie-2\/\",\"url\":\"https:\/\/www.efcformation.com\/reussite-efc\/ressources-humaines\/gestionnaire-de-paie-2\/\",\"name\":\"Le march\u00e9 de l'emploi pour les gestionnaires de paie : tendances et perspectives - Reussite EFC Fomation - Le Blog EFC Formation\",\"isPartOf\":{\"@id\":\"https:\/\/www.efcformation.com\/reussite-efc\/#website\"},\"datePublished\":\"2023-06-06T09:00:00+00:00\",\"dateModified\":\"2024-03-21T09:37:23+00:00\",\"author\":{\"@id\":\"https:\/\/www.efcformation.com\/reussite-efc\/#\/schema\/person\/abaed1900276838c79042daed3572b3c\"},\"description\":\"Cet article a pour objectif d'analyser les tendances et les perspectives du march\u00e9 de l'emploi pour les gestionnaires de paie, un m\u00e9tier en constante \u00e9volution.\",\"breadcrumb\":{\"@id\":\"https:\/\/www.efcformation.com\/reussite-efc\/ressources-humaines\/gestionnaire-de-paie-2\/#breadcrumb\"},\"inLanguage\":\"fr-FR\",\"potentialAction\":[{\"@type\":\"ReadAction\",\"target\":[\"https:\/\/www.efcformation.com\/reussite-efc\/ressources-humaines\/gestionnaire-de-paie-2\/\"]}]},{\"@type\":\"BreadcrumbList\",\"@id\":\"https:\/\/www.efcformation.com\/reussite-efc\/ressources-humaines\/gestionnaire-de-paie-2\/#breadcrumb\",\"itemListElement\":[{\"@type\":\"ListItem\",\"position\":1,\"name\":\"Accueil\",\"item\":\"https:\/\/www.efcformation.com\/reussite-efc\/\"},{\"@type\":\"ListItem\",\"position\":2,\"name\":\"Le march\u00e9 de l&#8217;emploi pour les gestionnaires de paie : tendances et perspectives\"}]},{\"@type\":\"WebSite\",\"@id\":\"https:\/\/www.efcformation.com\/reussite-efc\/#website\",\"url\":\"https:\/\/www.efcformation.com\/reussite-efc\/\",\"name\":\"Reussite EFC Fomation - Le Blog EFC Formation\",\"description\":\"\",\"potentialAction\":[{\"@type\":\"SearchAction\",\"target\":{\"@type\":\"EntryPoint\",\"urlTemplate\":\"https:\/\/www.efcformation.com\/reussite-efc\/?s={search_term_string}\"},\"query-input\":\"required name=search_term_string\"}],\"inLanguage\":\"fr-FR\"},{\"@type\":\"Person\",\"@id\":\"https:\/\/www.efcformation.com\/reussite-efc\/#\/schema\/person\/abaed1900276838c79042daed3572b3c\",\"name\":\"Cedric\",\"image\":{\"@type\":\"ImageObject\",\"inLanguage\":\"fr-FR\",\"@id\":\"https:\/\/www.efcformation.com\/reussite-efc\/#\/schema\/person\/image\/\",\"url\":\"https:\/\/secure.gravatar.com\/avatar\/a438e79d374ba264c89f89eea94f3dd7?s=96&d=mm&r=g\",\"contentUrl\":\"https:\/\/secure.gravatar.com\/avatar\/a438e79d374ba264c89f89eea94f3dd7?s=96&d=mm&r=g\",\"caption\":\"Cedric\"},\"url\":\"https:\/\/www.efcformation.com\/reussite-efc\/author\/webrivageseo\/\"}]}<\/script>\n<!-- \/ Yoast SEO plugin. -->","yoast_head_json":{"title":"Le march\u00e9 de l'emploi pour les gestionnaires de paie : tendances et perspectives - Reussite EFC Fomation - Le Blog EFC Formation","description":"Cet article a pour objectif d'analyser les tendances et les perspectives du march\u00e9 de l'emploi pour les gestionnaires de paie, un m\u00e9tier en constante \u00e9volution.","robots":{"index":"index","follow":"follow","max-snippet":"max-snippet:-1","max-image-preview":"max-image-preview:large","max-video-preview":"max-video-preview:-1"},"canonical":"https:\/\/www.efcformation.com\/reussite-efc\/ressources-humaines\/gestionnaire-de-paie-2\/","og_locale":"fr_FR","og_type":"article","og_title":"Le march\u00e9 de l'emploi pour les gestionnaires de paie : tendances et perspectives - Reussite EFC Fomation - Le Blog EFC Formation","og_description":"Cet article a pour objectif d'analyser les tendances et les perspectives du march\u00e9 de l'emploi pour les gestionnaires de paie, un m\u00e9tier en constante \u00e9volution.","og_url":"https:\/\/www.efcformation.com\/reussite-efc\/ressources-humaines\/gestionnaire-de-paie-2\/","og_site_name":"Reussite EFC Fomation - Le Blog EFC Formation","article_published_time":"2023-06-06T09:00:00+00:00","article_modified_time":"2024-03-21T09:37:23+00:00","og_image":[{"width":1200,"height":628,"url":"https:\/\/www.efcformation.com\/reussite-efc\/wp-content\/uploads\/2023\/03\/gestionnaire-de-paie.jpg","type":"image\/jpeg"}],"author":"Cedric","twitter_card":"summary","twitter_misc":{"\u00c9crit par":"Cedric","Dur\u00e9e de lecture estim\u00e9e":"7 minutes"},"schema":{"@context":"https:\/\/schema.org","@graph":[{"@type":"WebPage","@id":"https:\/\/www.efcformation.com\/reussite-efc\/ressources-humaines\/gestionnaire-de-paie-2\/","url":"https:\/\/www.efcformation.com\/reussite-efc\/ressources-humaines\/gestionnaire-de-paie-2\/","name":"Le march\u00e9 de l'emploi pour les gestionnaires de paie : tendances et perspectives - Reussite EFC Fomation - Le Blog EFC Formation","isPartOf":{"@id":"https:\/\/www.efcformation.com\/reussite-efc\/#website"},"datePublished":"2023-06-06T09:00:00+00:00","dateModified":"2024-03-21T09:37:23+00:00","author":{"@id":"https:\/\/www.efcformation.com\/reussite-efc\/#\/schema\/person\/abaed1900276838c79042daed3572b3c"},"description":"Cet article a pour objectif d'analyser les tendances et les perspectives du march\u00e9 de l'emploi pour les gestionnaires de paie, un m\u00e9tier en constante \u00e9volution.","breadcrumb":{"@id":"https:\/\/www.efcformation.com\/reussite-efc\/ressources-humaines\/gestionnaire-de-paie-2\/#breadcrumb"},"inLanguage":"fr-FR","potentialAction":[{"@type":"ReadAction","target":["https:\/\/www.efcformation.com\/reussite-efc\/ressources-humaines\/gestionnaire-de-paie-2\/"]}]},{"@type":"BreadcrumbList","@id":"https:\/\/www.efcformation.com\/reussite-efc\/ressources-humaines\/gestionnaire-de-paie-2\/#breadcrumb","itemListElement":[{"@type":"ListItem","position":1,"name":"Accueil","item":"https:\/\/www.efcformation.com\/reussite-efc\/"},{"@type":"ListItem","position":2,"name":"Le march\u00e9 de l&#8217;emploi pour les gestionnaires de paie : tendances et perspectives"}]},{"@type":"WebSite","@id":"https:\/\/www.efcformation.com\/reussite-efc\/#website","url":"https:\/\/www.efcformation.com\/reussite-efc\/","name":"Reussite EFC Fomation - Le Blog EFC Formation","description":"","potentialAction":[{"@type":"SearchAction","target":{"@type":"EntryPoint","urlTemplate":"https:\/\/www.efcformation.com\/reussite-efc\/?s={search_term_string}"},"query-input":"required name=search_term_string"}],"inLanguage":"fr-FR"},{"@type":"Person","@id":"https:\/\/www.efcformation.com\/reussite-efc\/#\/schema\/person\/abaed1900276838c79042daed3572b3c","name":"Cedric","image":{"@type":"ImageObject","inLanguage":"fr-FR","@id":"https:\/\/www.efcformation.com\/reussite-efc\/#\/schema\/person\/image\/","url":"https:\/\/secure.gravatar.com\/avatar\/a438e79d374ba264c89f89eea94f3dd7?s=96&d=mm&r=g","contentUrl":"https:\/\/secure.gravatar.com\/avatar\/a438e79d374ba264c89f89eea94f3dd7?s=96&d=mm&r=g","caption":"Cedric"},"url":"https:\/\/www.efcformation.com\/reussite-efc\/author\/webrivageseo\/"}]}},"_links":{"self":[{"href":"https:\/\/www.efcformation.com\/reussite-efc\/wp-json\/wp\/v2\/posts\/3556"}],"collection":[{"href":"https:\/\/www.efcformation.com\/reussite-efc\/wp-json\/wp\/v2\/posts"}],"about":[{"href":"https:\/\/www.efcformation.com\/reussite-efc\/wp-json\/wp\/v2\/types\/post"}],"author":[{"embeddable":true,"href":"https:\/\/www.efcformation.com\/reussite-efc\/wp-json\/wp\/v2\/users\/2"}],"replies":[{"embeddable":true,"href":"https:\/\/www.efcformation.com\/reussite-efc\/wp-json\/wp\/v2\/comments?post=3556"}],"version-history":[{"count":5,"href":"https:\/\/www.efcformation.com\/reussite-efc\/wp-json\/wp\/v2\/posts\/3556\/revisions"}],"predecessor-version":[{"id":4669,"href":"https:\/\/www.efcformation.com\/reussite-efc\/wp-json\/wp\/v2\/posts\/3556\/revisions\/4669"}],"wp:featuredmedia":[{"embeddable":true,"href":"https:\/\/www.efcformation.com\/reussite-efc\/wp-json\/wp\/v2\/media\/3559"}],"wp:attachment":[{"href":"https:\/\/www.efcformation.com\/reussite-efc\/wp-json\/wp\/v2\/media?parent=3556"}],"wp:term":[{"taxonomy":"category","embeddable":true,"href":"https:\/\/www.efcformation.com\/reussite-efc\/wp-json\/wp\/v2\/categories?post=3556"},{"taxonomy":"post_tag","embeddable":true,"href":"https:\/\/www.efcformation.com\/reussite-efc\/wp-json\/wp\/v2\/tags?post=3556"}],"curies":[{"name":"wp","href":"https:\/\/api.w.org\/{rel}","templated":true}]}}