{"id":357,"date":"2017-03-08T11:39:54","date_gmt":"2017-03-08T10:39:54","guid":{"rendered":"http:\/\/www.efcformation.com\/comptamag\/?p=357"},"modified":"2018-06-27T16:46:03","modified_gmt":"2018-06-27T14:46:03","slug":"mettre-en-place-le-compte-personnel-de-prevention-de-la-penibilite","status":"publish","type":"post","link":"https:\/\/www.efcformation.com\/reussite-efc\/comptabilite\/mettre-en-place-le-compte-personnel-de-prevention-de-la-penibilite\/","title":{"rendered":"Mettre en place le compte personnel de pr\u00e9vention de la p\u00e9nibilit\u00e9"},"content":{"rendered":"<p><em><strong>Depuis le 1er janvier 2015, tous les salari\u00e9s de droit priv\u00e9, ind\u00e9pendamment de la forme (CDI, CDD, int\u00e9rim\u2026) et de la nature (temps complet ou partiel, travail saisonnier\u2026), b\u00e9n\u00e9ficient de ce droit de pr\u00e9vention de la p\u00e9nibilit\u00e9. Comptamag vous explique comment mettre en place le compte personnel de pr\u00e9vention de la p\u00e9nibilit\u00e9.<\/strong><\/em><\/p>\n<h2><strong>La p\u00e9nibilit\u00e9, un risque \u00e0 identifier et \u00e0 prendre en compte<\/strong><\/h2>\n<p>Il appartient donc aux entreprises de :<\/p>\n<ol>\n<li>D\u00e9finir et identifier les facteurs de p\u00e9nibilit\u00e9 au sein m\u00eame de leur structure.<\/li>\n<li>Lister pr\u00e9cis\u00e9ment ces crit\u00e8res de p\u00e9nibilit\u00e9. Pour les entreprises de plus de 50 salari\u00e9s s&rsquo;impose \u00e9galement la n\u00e9gociation d&rsquo;un plan d&rsquo;action de pr\u00e9vention de la p\u00e9nibilit\u00e9.<\/li>\n<li>R\u00e9diger les fiches individuelles et informer les salari\u00e9s, le service de sant\u00e9 au travail, mais aussi la Caisse nationale d&rsquo;assurance vieillesse.<\/li>\n<\/ol>\n<h2><strong>Une application progressive de la loi sur la p\u00e9nibilit\u00e9<\/strong><\/h2>\n<p>Si la loi sur l&rsquo;avenir et la justice du syst\u00e8me de retraites du 20 janvier 2014 liste l&rsquo;ensemble des facteurs consid\u00e9r\u00e9s comme \u00e0 l&rsquo;origine de la p\u00e9nibilit\u00e9 au travail, quatre crit\u00e8res seulement sont concern\u00e9s depuis le 1er janvier 2015. Les six autres facteurs, comme le bruit ou encore le travail \u00e0 des temp\u00e9ratures extr\u00eames, seront int\u00e9gr\u00e9s \u00e0 ces nouvelles directives \u00e0 partir du 1er janvier 2016.<\/p>\n<p>Il s&rsquo;agit donc pour l&rsquo;entreprise de s&rsquo;int\u00e9resser \u00e0 ces quatre facteurs :<\/p>\n<ul>\n<li>Le travail de nuit<\/li>\n<li>Les activit\u00e9s exerc\u00e9es en milieu hyperbare<\/li>\n<li>Le travail en \u00e9quipes successives alternantes<\/li>\n<li>Le travail r\u00e9p\u00e9titif.<\/li>\n<\/ul>\n<h2><strong>Une gestion au quotidien<\/strong><\/h2>\n<p>Si la mise en place de ce compte de p\u00e9nibilit\u00e9 doit reposer sur une \u00e9tude g\u00e9n\u00e9rale des conditions de travail au sein de l&rsquo;entreprise, elle impliquera aussi la r\u00e9daction d&rsquo;une fiche individuelle \u00e0 partir des donn\u00e9es collectives qui s&rsquo;int\u00e8grent dans le document unique d&rsquo;\u00e9valuation des risques. Les informations recueillies devront \u00eatre port\u00e9es \u00e0 la connaissance des salari\u00e9s, mais aussi du service de sant\u00e9 au travail ainsi que de la Caisse nationale d&rsquo;assurance vieillesse. Une mise \u00e0 jour annuelle de cette \u00e9valuation est requise.<\/p>\n<p><strong>Pour aller plus loin :<\/strong><\/p>\n<p>Le dossier de presse du Minist\u00e8re du Travail, de l&rsquo;Emploi et du Dialogue Social et du Minist\u00e8re des Affaires Sociales et de la Sant\u00e9 : <a href=\"http:\/\/travail-emploi.gouv.fr\/IMG\/pdf\/140728_DP_Penibilite.pdf\" target=\"_blank\" rel=\"nofollow noopener noreferrer\">http:\/\/travail-emploi.gouv.fr\/IMG\/pdf\/140728_DP_Penibilite.pdf<\/a><\/p>\n","protected":false},"excerpt":{"rendered":"<p>Depuis le 1er janvier 2015, tous les salari\u00e9s de droit priv\u00e9, ind\u00e9pendamment de la forme (CDI, CDD, int\u00e9rim\u2026) et de la nature (temps complet ou partiel, travail saisonnier\u2026), b\u00e9n\u00e9ficient de ce droit de pr\u00e9vention de la p\u00e9nibilit\u00e9. Comptamag vous explique comment mettre en place le compte personnel de pr\u00e9vention de la p\u00e9nibilit\u00e9. La p\u00e9nibilit\u00e9, un [&hellip;]<\/p>\n","protected":false},"author":1,"featured_media":479,"comment_status":"open","ping_status":"open","sticky":false,"template":"","format":"standard","meta":[],"categories":[13],"tags":[],"yoast_head":"<!-- This site is optimized with the Yoast SEO plugin v19.5.1 - https:\/\/yoast.com\/wordpress\/plugins\/seo\/ -->\n<title>Mettre en place le compte personnel de pr\u00e9vention de la p\u00e9nibilit\u00e9<\/title>\n<meta name=\"description\" content=\"Depuis le janvier 2015, tous les salari\u00e9s de droit priv\u00e9, ind\u00e9pendamment de la forme et de la nature, b\u00e9n\u00e9ficient du droit de pr\u00e9vention de la p\u00e9nibilit\u00e9.\" \/>\n<meta name=\"robots\" content=\"index, follow, max-snippet:-1, max-image-preview:large, max-video-preview:-1\" \/>\n<link rel=\"canonical\" href=\"https:\/\/www.efcformation.com\/reussite-efc\/comptabilite\/mettre-en-place-le-compte-personnel-de-prevention-de-la-penibilite\/\" \/>\n<meta property=\"og:locale\" content=\"fr_FR\" \/>\n<meta property=\"og:type\" content=\"article\" \/>\n<meta property=\"og:title\" content=\"Mettre en place le compte personnel de pr\u00e9vention de la p\u00e9nibilit\u00e9\" \/>\n<meta property=\"og:description\" content=\"Depuis le janvier 2015, tous les salari\u00e9s de droit priv\u00e9, ind\u00e9pendamment de la forme et de la nature, b\u00e9n\u00e9ficient du droit de pr\u00e9vention de la p\u00e9nibilit\u00e9.\" \/>\n<meta property=\"og:url\" content=\"https:\/\/www.efcformation.com\/reussite-efc\/comptabilite\/mettre-en-place-le-compte-personnel-de-prevention-de-la-penibilite\/\" \/>\n<meta property=\"og:site_name\" content=\"Reussite EFC Fomation - Le Blog EFC Formation\" \/>\n<meta property=\"article:published_time\" content=\"2017-03-08T10:39:54+00:00\" \/>\n<meta property=\"article:modified_time\" content=\"2018-06-27T14:46:03+00:00\" \/>\n<meta property=\"og:image\" content=\"http:\/\/www.efcformation.com\/comptamag\/wp-content\/uploads\/2017\/03\/052-facebook-bandeau.jpg\" \/>\n<meta name=\"author\" content=\"EFCformation\" \/>\n<meta name=\"twitter:card\" content=\"summary\" \/>\n<meta name=\"twitter:label1\" content=\"\u00c9crit par\" \/>\n\t<meta name=\"twitter:data1\" content=\"EFCformation\" \/>\n\t<meta name=\"twitter:label2\" content=\"Dur\u00e9e de lecture estim\u00e9e\" \/>\n\t<meta name=\"twitter:data2\" content=\"2 minutes\" \/>\n<script type=\"application\/ld+json\" class=\"yoast-schema-graph\">{\"@context\":\"https:\/\/schema.org\",\"@graph\":[{\"@type\":\"WebPage\",\"@id\":\"https:\/\/www.efcformation.com\/reussite-efc\/comptabilite\/mettre-en-place-le-compte-personnel-de-prevention-de-la-penibilite\/\",\"url\":\"https:\/\/www.efcformation.com\/reussite-efc\/comptabilite\/mettre-en-place-le-compte-personnel-de-prevention-de-la-penibilite\/\",\"name\":\"Mettre en place le compte personnel de pr\u00e9vention de la p\u00e9nibilit\u00e9\",\"isPartOf\":{\"@id\":\"https:\/\/www.efcformation.com\/reussite-efc\/#website\"},\"datePublished\":\"2017-03-08T10:39:54+00:00\",\"dateModified\":\"2018-06-27T14:46:03+00:00\",\"author\":{\"@id\":\"https:\/\/www.efcformation.com\/reussite-efc\/#\/schema\/person\/6263903b0179d0334456f7512d9d1430\"},\"description\":\"Depuis le janvier 2015, tous les salari\u00e9s de droit priv\u00e9, ind\u00e9pendamment de la forme et de la nature, b\u00e9n\u00e9ficient du droit de pr\u00e9vention de la p\u00e9nibilit\u00e9.\",\"breadcrumb\":{\"@id\":\"https:\/\/www.efcformation.com\/reussite-efc\/comptabilite\/mettre-en-place-le-compte-personnel-de-prevention-de-la-penibilite\/#breadcrumb\"},\"inLanguage\":\"fr-FR\",\"potentialAction\":[{\"@type\":\"ReadAction\",\"target\":[\"https:\/\/www.efcformation.com\/reussite-efc\/comptabilite\/mettre-en-place-le-compte-personnel-de-prevention-de-la-penibilite\/\"]}]},{\"@type\":\"BreadcrumbList\",\"@id\":\"https:\/\/www.efcformation.com\/reussite-efc\/comptabilite\/mettre-en-place-le-compte-personnel-de-prevention-de-la-penibilite\/#breadcrumb\",\"itemListElement\":[{\"@type\":\"ListItem\",\"position\":1,\"name\":\"Accueil\",\"item\":\"https:\/\/www.efcformation.com\/reussite-efc\/\"},{\"@type\":\"ListItem\",\"position\":2,\"name\":\"Mettre en place le compte personnel de pr\u00e9vention de la p\u00e9nibilit\u00e9\"}]},{\"@type\":\"WebSite\",\"@id\":\"https:\/\/www.efcformation.com\/reussite-efc\/#website\",\"url\":\"https:\/\/www.efcformation.com\/reussite-efc\/\",\"name\":\"Reussite EFC Fomation - Le Blog EFC Formation\",\"description\":\"\",\"potentialAction\":[{\"@type\":\"SearchAction\",\"target\":{\"@type\":\"EntryPoint\",\"urlTemplate\":\"https:\/\/www.efcformation.com\/reussite-efc\/?s={search_term_string}\"},\"query-input\":\"required name=search_term_string\"}],\"inLanguage\":\"fr-FR\"},{\"@type\":\"Person\",\"@id\":\"https:\/\/www.efcformation.com\/reussite-efc\/#\/schema\/person\/6263903b0179d0334456f7512d9d1430\",\"name\":\"EFCformation\",\"image\":{\"@type\":\"ImageObject\",\"inLanguage\":\"fr-FR\",\"@id\":\"https:\/\/www.efcformation.com\/reussite-efc\/#\/schema\/person\/image\/\",\"url\":\"https:\/\/secure.gravatar.com\/avatar\/98b00a1c17dce21016b9ccce376ec821?s=96&d=mm&r=g\",\"contentUrl\":\"https:\/\/secure.gravatar.com\/avatar\/98b00a1c17dce21016b9ccce376ec821?s=96&d=mm&r=g\",\"caption\":\"EFCformation\"},\"url\":\"https:\/\/www.efcformation.com\/reussite-efc\/author\/paindesjacobins\/\"}]}<\/script>\n<!-- \/ Yoast SEO plugin. -->","yoast_head_json":{"title":"Mettre en place le compte personnel de pr\u00e9vention de la p\u00e9nibilit\u00e9","description":"Depuis le janvier 2015, tous les salari\u00e9s de droit priv\u00e9, ind\u00e9pendamment de la forme et de la nature, b\u00e9n\u00e9ficient du droit de pr\u00e9vention de la p\u00e9nibilit\u00e9.","robots":{"index":"index","follow":"follow","max-snippet":"max-snippet:-1","max-image-preview":"max-image-preview:large","max-video-preview":"max-video-preview:-1"},"canonical":"https:\/\/www.efcformation.com\/reussite-efc\/comptabilite\/mettre-en-place-le-compte-personnel-de-prevention-de-la-penibilite\/","og_locale":"fr_FR","og_type":"article","og_title":"Mettre en place le compte personnel de pr\u00e9vention de la p\u00e9nibilit\u00e9","og_description":"Depuis le janvier 2015, tous les salari\u00e9s de droit priv\u00e9, ind\u00e9pendamment de la forme et de la nature, b\u00e9n\u00e9ficient du droit de pr\u00e9vention de la p\u00e9nibilit\u00e9.","og_url":"https:\/\/www.efcformation.com\/reussite-efc\/comptabilite\/mettre-en-place-le-compte-personnel-de-prevention-de-la-penibilite\/","og_site_name":"Reussite EFC Fomation - Le Blog EFC Formation","article_published_time":"2017-03-08T10:39:54+00:00","article_modified_time":"2018-06-27T14:46:03+00:00","og_image":[{"url":"http:\/\/www.efcformation.com\/comptamag\/wp-content\/uploads\/2017\/03\/052-facebook-bandeau.jpg"}],"author":"EFCformation","twitter_card":"summary","twitter_misc":{"\u00c9crit par":"EFCformation","Dur\u00e9e de lecture estim\u00e9e":"2 minutes"},"schema":{"@context":"https:\/\/schema.org","@graph":[{"@type":"WebPage","@id":"https:\/\/www.efcformation.com\/reussite-efc\/comptabilite\/mettre-en-place-le-compte-personnel-de-prevention-de-la-penibilite\/","url":"https:\/\/www.efcformation.com\/reussite-efc\/comptabilite\/mettre-en-place-le-compte-personnel-de-prevention-de-la-penibilite\/","name":"Mettre en place le compte personnel de pr\u00e9vention de la p\u00e9nibilit\u00e9","isPartOf":{"@id":"https:\/\/www.efcformation.com\/reussite-efc\/#website"},"datePublished":"2017-03-08T10:39:54+00:00","dateModified":"2018-06-27T14:46:03+00:00","author":{"@id":"https:\/\/www.efcformation.com\/reussite-efc\/#\/schema\/person\/6263903b0179d0334456f7512d9d1430"},"description":"Depuis le janvier 2015, tous les salari\u00e9s de droit priv\u00e9, ind\u00e9pendamment de la forme et de la nature, b\u00e9n\u00e9ficient du droit de pr\u00e9vention de la p\u00e9nibilit\u00e9.","breadcrumb":{"@id":"https:\/\/www.efcformation.com\/reussite-efc\/comptabilite\/mettre-en-place-le-compte-personnel-de-prevention-de-la-penibilite\/#breadcrumb"},"inLanguage":"fr-FR","potentialAction":[{"@type":"ReadAction","target":["https:\/\/www.efcformation.com\/reussite-efc\/comptabilite\/mettre-en-place-le-compte-personnel-de-prevention-de-la-penibilite\/"]}]},{"@type":"BreadcrumbList","@id":"https:\/\/www.efcformation.com\/reussite-efc\/comptabilite\/mettre-en-place-le-compte-personnel-de-prevention-de-la-penibilite\/#breadcrumb","itemListElement":[{"@type":"ListItem","position":1,"name":"Accueil","item":"https:\/\/www.efcformation.com\/reussite-efc\/"},{"@type":"ListItem","position":2,"name":"Mettre en place le compte personnel de pr\u00e9vention de la p\u00e9nibilit\u00e9"}]},{"@type":"WebSite","@id":"https:\/\/www.efcformation.com\/reussite-efc\/#website","url":"https:\/\/www.efcformation.com\/reussite-efc\/","name":"Reussite EFC Fomation - Le Blog EFC Formation","description":"","potentialAction":[{"@type":"SearchAction","target":{"@type":"EntryPoint","urlTemplate":"https:\/\/www.efcformation.com\/reussite-efc\/?s={search_term_string}"},"query-input":"required name=search_term_string"}],"inLanguage":"fr-FR"},{"@type":"Person","@id":"https:\/\/www.efcformation.com\/reussite-efc\/#\/schema\/person\/6263903b0179d0334456f7512d9d1430","name":"EFCformation","image":{"@type":"ImageObject","inLanguage":"fr-FR","@id":"https:\/\/www.efcformation.com\/reussite-efc\/#\/schema\/person\/image\/","url":"https:\/\/secure.gravatar.com\/avatar\/98b00a1c17dce21016b9ccce376ec821?s=96&d=mm&r=g","contentUrl":"https:\/\/secure.gravatar.com\/avatar\/98b00a1c17dce21016b9ccce376ec821?s=96&d=mm&r=g","caption":"EFCformation"},"url":"https:\/\/www.efcformation.com\/reussite-efc\/author\/paindesjacobins\/"}]}},"_links":{"self":[{"href":"https:\/\/www.efcformation.com\/reussite-efc\/wp-json\/wp\/v2\/posts\/357"}],"collection":[{"href":"https:\/\/www.efcformation.com\/reussite-efc\/wp-json\/wp\/v2\/posts"}],"about":[{"href":"https:\/\/www.efcformation.com\/reussite-efc\/wp-json\/wp\/v2\/types\/post"}],"author":[{"embeddable":true,"href":"https:\/\/www.efcformation.com\/reussite-efc\/wp-json\/wp\/v2\/users\/1"}],"replies":[{"embeddable":true,"href":"https:\/\/www.efcformation.com\/reussite-efc\/wp-json\/wp\/v2\/comments?post=357"}],"version-history":[{"count":4,"href":"https:\/\/www.efcformation.com\/reussite-efc\/wp-json\/wp\/v2\/posts\/357\/revisions"}],"predecessor-version":[{"id":1617,"href":"https:\/\/www.efcformation.com\/reussite-efc\/wp-json\/wp\/v2\/posts\/357\/revisions\/1617"}],"wp:featuredmedia":[{"embeddable":true,"href":"https:\/\/www.efcformation.com\/reussite-efc\/wp-json\/wp\/v2\/media\/479"}],"wp:attachment":[{"href":"https:\/\/www.efcformation.com\/reussite-efc\/wp-json\/wp\/v2\/media?parent=357"}],"wp:term":[{"taxonomy":"category","embeddable":true,"href":"https:\/\/www.efcformation.com\/reussite-efc\/wp-json\/wp\/v2\/categories?post=357"},{"taxonomy":"post_tag","embeddable":true,"href":"https:\/\/www.efcformation.com\/reussite-efc\/wp-json\/wp\/v2\/tags?post=357"}],"curies":[{"name":"wp","href":"https:\/\/api.w.org\/{rel}","templated":true}]}}