{"id":387,"date":"2017-03-08T10:54:00","date_gmt":"2017-03-08T09:54:00","guid":{"rendered":"http:\/\/www.efcformation.com\/comptamag\/?p=387"},"modified":"2018-06-27T16:50:25","modified_gmt":"2018-06-27T14:50:25","slug":"mobilite-international-un-tremplin-pour-un-nouveau-depart","status":"publish","type":"post","link":"https:\/\/www.efcformation.com\/reussite-efc\/social\/mobilite-international-un-tremplin-pour-un-nouveau-depart\/","title":{"rendered":"La mobilit\u00e9 \u00e0 l&rsquo;international, un tremplin pour un nouveau d\u00e9part"},"content":{"rendered":"<p><em><strong>La cr\u00e9ation d&rsquo;une filiale dans un pays \u00e9tranger, la r\u00e9alisation d&rsquo;une op\u00e9ration de fusion-acquisition, l&rsquo;ouverture d&rsquo;un point de vente \u00e0 l&rsquo;international\u2026 Les occasions ne manquent pas pour une soci\u00e9t\u00e9 de s&rsquo;implanter dans un pays \u00e9tranger. Si ce d\u00e9veloppement reste un investissement pour l&rsquo;entreprise, il repr\u00e9sente aussi un enjeu de taille pour ses salari\u00e9s, puisqu&rsquo;ils vont devoir se lancer dans l&rsquo;aventure de l&rsquo;expatriation.<\/strong><\/em><\/p>\n<h2><strong>Une destination choisie pour un projet d\u00e9fini<\/strong><\/h2>\n<p>Si toutes les petites, moyennes et grandes entreprises peuvent \u00eatre confront\u00e9es \u00e0 la cr\u00e9ation d&rsquo;une succursale dans un pays \u00e9tranger, il en est de m\u00eame des secteurs d&rsquo;activit\u00e9. De l&rsquo;industrie \u00e0 l&rsquo;ing\u00e9nierie, aucune branche n&rsquo;\u00e9chappe \u00e0 cette n\u00e9cessit\u00e9 de s&rsquo;adapter \u00e0 la mondialisation galopante. Asie, Am\u00e9rique, Afrique\u2026 toutes les r\u00e9gions du monde apparaissent alors comme d&rsquo;\u00e9ventuelles terres d&rsquo;accueil pour ces nouvelles cr\u00e9ations.<\/p>\n<h2><strong>Un d\u00e9part \u00e0 anticiper et \u00e0 pr\u00e9parer pour l&rsquo;entreprise<\/strong><\/h2>\n<p>Cette mobilit\u00e9 internationale se pr\u00e9pare tant au niveau du ou des futur(s) expatri\u00e9(s) qu&rsquo;au niveau de l&rsquo;entreprise elle-m\u00eame. Cette derni\u00e8re sera notamment en charge de faire r\u00e9diger le contrat de travail avec une clause de mobilit\u00e9 \u00e0 l&rsquo;international. Or il n&rsquo;existe pas de droit du travail international.<\/p>\n<p>Ce contrat devra alors prendre en compte les sp\u00e9cificit\u00e9s du pays d&rsquo;accueil tout en respectant certaines contraintes sp\u00e9cifiques au droit fran\u00e7ais. Le directeur des ressources humaines prendra soin \u00e9galement d&rsquo;aborder tous les aspects de cette relation contractuelle, notamment en d\u00e9finissant les r\u00e8gles relatives au retour en France, une fois la mission r\u00e9alis\u00e9e.<\/p>\n<h2><strong>Une d\u00e9cision r\u00e9fl\u00e9chie pour le futur expatri\u00e9<\/strong><\/h2>\n<p>De son c\u00f4t\u00e9, le collaborateur expatri\u00e9 ne pourra pas se contenter de consid\u00e9rer cette nouvelle affectation comme une simple promotion professionnelle. Ce choix implique une bonne connaissance des formalit\u00e9s \u00e0 accomplir, comme l&rsquo;obtention d&rsquo;un visa adapt\u00e9, la gestion des caisses de retraite ou d&rsquo;assurance maladie, l&rsquo;am\u00e9nagement de sa vie familiale et personnelle dans le pays d&rsquo;accueil (scolarit\u00e9 des enfants\u2026), la gestion du patrimoine en France pendant son absence\u2026<\/p>\n<p>Expatri\u00e9 et entreprise poursuivent donc le m\u00eame objectif en mettant tout en \u0153uvre pour que cette mobilit\u00e9 soit couronn\u00e9e de succ\u00e8s.<\/p>\n<h2><strong>La mobilit\u00e9 \u00e0 l&rsquo;international, le danger de l&rsquo;incompr\u00e9hension<\/strong><\/h2>\n<p>Si la barri\u00e8re de la langue n&rsquo;appara\u00eet pas comme une difficult\u00e9 insurmontable, il en va tout autrement de la barri\u00e8re culturelle. En effet, quels que soient le secteur d&rsquo;activit\u00e9, le projet de l&rsquo;entreprise et le profil du candidat \u00e0 l&rsquo;expatriation, il demeure imp\u00e9ratif de se plonger dans la culture du pays d&rsquo;accueil. Non seulement le cadre l\u00e9gal est totalement modifi\u00e9 par rapport \u00e0 ce qui se passe en France, mais la fa\u00e7on d&rsquo;aborder le travail en lui-m\u00eame diff\u00e8re d&rsquo;un pays \u00e0 l&rsquo;autre.<\/p>\n<p>Les formations interculturelles peuvent s&rsquo;imposer comme la solution la plus ad\u00e9quate pour int\u00e9grer l&rsquo;ensemble de ces donn\u00e9es.<\/p>\n<h2><strong>L&rsquo;accompagnement de l&rsquo;expatriation, une obligation pour la r\u00e9ussite du projet<\/strong><\/h2>\n<p>Si l&rsquo;implantation d&rsquo;une nouvelle succursale dans un pays \u00e9tranger reste un d\u00e9fi pour l&rsquo;entreprise, elle n&rsquo;en repr\u00e9sente pas moins un enjeu de taille pour les futurs travailleurs fran\u00e7ais \u00e0 l&rsquo;\u00e9tranger.<\/p>\n<p>En outre, il faudra, sous une forme ou une autre, accompagner les collaborateurs de l&rsquo;entreprise face aux principales menaces pesant sur les expatri\u00e9s de mani\u00e8re g\u00e9n\u00e9rale\u00a0:<\/p>\n<ul>\n<li>La gestion de l&rsquo;isolement.<\/li>\n<li>La gestion de l&rsquo;\u00e9loignement.<\/li>\n<li>La gestion d&rsquo;un environnement inconnu.<\/li>\n<\/ul>\n<p>Dans tous les cas, l&rsquo;expatriation demeure un projet ambitieux pour lequel les autorit\u00e9s fran\u00e7aises ont d\u00e9cid\u00e9 de cr\u00e9er un portail \u00e0 destination des salari\u00e9s comme des entreprises. <a title=\"Le site de la diplomatie fran\u00e7aise\" href=\"http:\/\/www.diplomatie.gouv.fr\/fr\/vivre-a-l-etranger\/\" target=\"_blank\" rel=\"nofollow noopener noreferrer\">Le site de la diplomatie fran\u00e7aise<\/a> recense les principales informations \u00e0 conna\u00eetre, mais donne \u00e9galement les pistes \u00e0 suivre pour avancer concr\u00e8tement dans la r\u00e9alisation de ce projet.<\/p>\n","protected":false},"excerpt":{"rendered":"<p>La cr\u00e9ation d&rsquo;une filiale dans un pays \u00e9tranger, la r\u00e9alisation d&rsquo;une op\u00e9ration de fusion-acquisition, l&rsquo;ouverture d&rsquo;un point de vente \u00e0 l&rsquo;international\u2026 Les occasions ne manquent pas pour une soci\u00e9t\u00e9 de s&rsquo;implanter dans un pays \u00e9tranger. Si ce d\u00e9veloppement reste un investissement pour l&rsquo;entreprise, il repr\u00e9sente aussi un enjeu de taille pour ses salari\u00e9s, puisqu&rsquo;ils vont [&hellip;]<\/p>\n","protected":false},"author":1,"featured_media":464,"comment_status":"open","ping_status":"open","sticky":false,"template":"","format":"standard","meta":[],"categories":[14],"tags":[],"yoast_head":"<!-- This site is optimized with the Yoast SEO plugin v19.5.1 - https:\/\/yoast.com\/wordpress\/plugins\/seo\/ -->\n<title>La mobilit\u00e9 \u00e0 l&#039;international, un tremplin pour un nouveau d\u00e9part<\/title>\n<meta name=\"description\" content=\"La cr\u00e9ation d&#039;une filiale dans un pays \u00e9tranger, la r\u00e9alisation d&#039;une op\u00e9ration de fusion-acquisition, l&#039;ouverture d&#039;un point de vente \u00e0 l&#039;international\u2026\" \/>\n<meta name=\"robots\" content=\"index, follow, max-snippet:-1, max-image-preview:large, max-video-preview:-1\" \/>\n<link rel=\"canonical\" href=\"https:\/\/www.efcformation.com\/reussite-efc\/social\/mobilite-international-un-tremplin-pour-un-nouveau-depart\/\" \/>\n<meta property=\"og:locale\" content=\"fr_FR\" \/>\n<meta property=\"og:type\" content=\"article\" \/>\n<meta property=\"og:title\" content=\"La mobilit\u00e9 \u00e0 l&#039;international, un tremplin pour un nouveau d\u00e9part\" \/>\n<meta property=\"og:description\" content=\"La cr\u00e9ation d&#039;une filiale dans un pays \u00e9tranger, la r\u00e9alisation d&#039;une op\u00e9ration de fusion-acquisition, l&#039;ouverture d&#039;un point de vente \u00e0 l&#039;international\u2026\" \/>\n<meta property=\"og:url\" content=\"https:\/\/www.efcformation.com\/reussite-efc\/social\/mobilite-international-un-tremplin-pour-un-nouveau-depart\/\" \/>\n<meta property=\"og:site_name\" content=\"Reussite EFC Fomation - Le Blog EFC Formation\" \/>\n<meta property=\"article:published_time\" content=\"2017-03-08T09:54:00+00:00\" \/>\n<meta property=\"article:modified_time\" content=\"2018-06-27T14:50:25+00:00\" \/>\n<meta property=\"og:image\" content=\"http:\/\/www.efcformation.com\/comptamag\/wp-content\/uploads\/2017\/03\/090-facebook-bandeau.jpg\" \/>\n<meta name=\"author\" content=\"EFCformation\" \/>\n<meta name=\"twitter:card\" content=\"summary\" \/>\n<meta name=\"twitter:label1\" content=\"\u00c9crit par\" \/>\n\t<meta name=\"twitter:data1\" content=\"EFCformation\" \/>\n\t<meta name=\"twitter:label2\" content=\"Dur\u00e9e de lecture estim\u00e9e\" \/>\n\t<meta name=\"twitter:data2\" content=\"3 minutes\" \/>\n<script type=\"application\/ld+json\" class=\"yoast-schema-graph\">{\"@context\":\"https:\/\/schema.org\",\"@graph\":[{\"@type\":\"WebPage\",\"@id\":\"https:\/\/www.efcformation.com\/reussite-efc\/social\/mobilite-international-un-tremplin-pour-un-nouveau-depart\/\",\"url\":\"https:\/\/www.efcformation.com\/reussite-efc\/social\/mobilite-international-un-tremplin-pour-un-nouveau-depart\/\",\"name\":\"La mobilit\u00e9 \u00e0 l'international, un tremplin pour un nouveau d\u00e9part\",\"isPartOf\":{\"@id\":\"https:\/\/www.efcformation.com\/reussite-efc\/#website\"},\"datePublished\":\"2017-03-08T09:54:00+00:00\",\"dateModified\":\"2018-06-27T14:50:25+00:00\",\"author\":{\"@id\":\"https:\/\/www.efcformation.com\/reussite-efc\/#\/schema\/person\/6263903b0179d0334456f7512d9d1430\"},\"description\":\"La cr\u00e9ation d'une filiale dans un pays \u00e9tranger, la r\u00e9alisation d'une op\u00e9ration de fusion-acquisition, l'ouverture d'un point de vente \u00e0 l'international\u2026\",\"breadcrumb\":{\"@id\":\"https:\/\/www.efcformation.com\/reussite-efc\/social\/mobilite-international-un-tremplin-pour-un-nouveau-depart\/#breadcrumb\"},\"inLanguage\":\"fr-FR\",\"potentialAction\":[{\"@type\":\"ReadAction\",\"target\":[\"https:\/\/www.efcformation.com\/reussite-efc\/social\/mobilite-international-un-tremplin-pour-un-nouveau-depart\/\"]}]},{\"@type\":\"BreadcrumbList\",\"@id\":\"https:\/\/www.efcformation.com\/reussite-efc\/social\/mobilite-international-un-tremplin-pour-un-nouveau-depart\/#breadcrumb\",\"itemListElement\":[{\"@type\":\"ListItem\",\"position\":1,\"name\":\"Accueil\",\"item\":\"https:\/\/www.efcformation.com\/reussite-efc\/\"},{\"@type\":\"ListItem\",\"position\":2,\"name\":\"La mobilit\u00e9 \u00e0 l&rsquo;international, un tremplin pour un nouveau d\u00e9part\"}]},{\"@type\":\"WebSite\",\"@id\":\"https:\/\/www.efcformation.com\/reussite-efc\/#website\",\"url\":\"https:\/\/www.efcformation.com\/reussite-efc\/\",\"name\":\"Reussite EFC Fomation - Le Blog EFC Formation\",\"description\":\"\",\"potentialAction\":[{\"@type\":\"SearchAction\",\"target\":{\"@type\":\"EntryPoint\",\"urlTemplate\":\"https:\/\/www.efcformation.com\/reussite-efc\/?s={search_term_string}\"},\"query-input\":\"required name=search_term_string\"}],\"inLanguage\":\"fr-FR\"},{\"@type\":\"Person\",\"@id\":\"https:\/\/www.efcformation.com\/reussite-efc\/#\/schema\/person\/6263903b0179d0334456f7512d9d1430\",\"name\":\"EFCformation\",\"image\":{\"@type\":\"ImageObject\",\"inLanguage\":\"fr-FR\",\"@id\":\"https:\/\/www.efcformation.com\/reussite-efc\/#\/schema\/person\/image\/\",\"url\":\"https:\/\/secure.gravatar.com\/avatar\/98b00a1c17dce21016b9ccce376ec821?s=96&d=mm&r=g\",\"contentUrl\":\"https:\/\/secure.gravatar.com\/avatar\/98b00a1c17dce21016b9ccce376ec821?s=96&d=mm&r=g\",\"caption\":\"EFCformation\"},\"url\":\"https:\/\/www.efcformation.com\/reussite-efc\/author\/paindesjacobins\/\"}]}<\/script>\n<!-- \/ Yoast SEO plugin. -->","yoast_head_json":{"title":"La mobilit\u00e9 \u00e0 l'international, un tremplin pour un nouveau d\u00e9part","description":"La cr\u00e9ation d'une filiale dans un pays \u00e9tranger, la r\u00e9alisation d'une op\u00e9ration de fusion-acquisition, l'ouverture d'un point de vente \u00e0 l'international\u2026","robots":{"index":"index","follow":"follow","max-snippet":"max-snippet:-1","max-image-preview":"max-image-preview:large","max-video-preview":"max-video-preview:-1"},"canonical":"https:\/\/www.efcformation.com\/reussite-efc\/social\/mobilite-international-un-tremplin-pour-un-nouveau-depart\/","og_locale":"fr_FR","og_type":"article","og_title":"La mobilit\u00e9 \u00e0 l'international, un tremplin pour un nouveau d\u00e9part","og_description":"La cr\u00e9ation d'une filiale dans un pays \u00e9tranger, la r\u00e9alisation d'une op\u00e9ration de fusion-acquisition, l'ouverture d'un point de vente \u00e0 l'international\u2026","og_url":"https:\/\/www.efcformation.com\/reussite-efc\/social\/mobilite-international-un-tremplin-pour-un-nouveau-depart\/","og_site_name":"Reussite EFC Fomation - Le Blog EFC Formation","article_published_time":"2017-03-08T09:54:00+00:00","article_modified_time":"2018-06-27T14:50:25+00:00","og_image":[{"url":"http:\/\/www.efcformation.com\/comptamag\/wp-content\/uploads\/2017\/03\/090-facebook-bandeau.jpg"}],"author":"EFCformation","twitter_card":"summary","twitter_misc":{"\u00c9crit par":"EFCformation","Dur\u00e9e de lecture estim\u00e9e":"3 minutes"},"schema":{"@context":"https:\/\/schema.org","@graph":[{"@type":"WebPage","@id":"https:\/\/www.efcformation.com\/reussite-efc\/social\/mobilite-international-un-tremplin-pour-un-nouveau-depart\/","url":"https:\/\/www.efcformation.com\/reussite-efc\/social\/mobilite-international-un-tremplin-pour-un-nouveau-depart\/","name":"La mobilit\u00e9 \u00e0 l'international, un tremplin pour un nouveau d\u00e9part","isPartOf":{"@id":"https:\/\/www.efcformation.com\/reussite-efc\/#website"},"datePublished":"2017-03-08T09:54:00+00:00","dateModified":"2018-06-27T14:50:25+00:00","author":{"@id":"https:\/\/www.efcformation.com\/reussite-efc\/#\/schema\/person\/6263903b0179d0334456f7512d9d1430"},"description":"La cr\u00e9ation d'une filiale dans un pays \u00e9tranger, la r\u00e9alisation d'une op\u00e9ration de fusion-acquisition, l'ouverture d'un point de vente \u00e0 l'international\u2026","breadcrumb":{"@id":"https:\/\/www.efcformation.com\/reussite-efc\/social\/mobilite-international-un-tremplin-pour-un-nouveau-depart\/#breadcrumb"},"inLanguage":"fr-FR","potentialAction":[{"@type":"ReadAction","target":["https:\/\/www.efcformation.com\/reussite-efc\/social\/mobilite-international-un-tremplin-pour-un-nouveau-depart\/"]}]},{"@type":"BreadcrumbList","@id":"https:\/\/www.efcformation.com\/reussite-efc\/social\/mobilite-international-un-tremplin-pour-un-nouveau-depart\/#breadcrumb","itemListElement":[{"@type":"ListItem","position":1,"name":"Accueil","item":"https:\/\/www.efcformation.com\/reussite-efc\/"},{"@type":"ListItem","position":2,"name":"La mobilit\u00e9 \u00e0 l&rsquo;international, un tremplin pour un nouveau d\u00e9part"}]},{"@type":"WebSite","@id":"https:\/\/www.efcformation.com\/reussite-efc\/#website","url":"https:\/\/www.efcformation.com\/reussite-efc\/","name":"Reussite EFC Fomation - Le Blog EFC Formation","description":"","potentialAction":[{"@type":"SearchAction","target":{"@type":"EntryPoint","urlTemplate":"https:\/\/www.efcformation.com\/reussite-efc\/?s={search_term_string}"},"query-input":"required name=search_term_string"}],"inLanguage":"fr-FR"},{"@type":"Person","@id":"https:\/\/www.efcformation.com\/reussite-efc\/#\/schema\/person\/6263903b0179d0334456f7512d9d1430","name":"EFCformation","image":{"@type":"ImageObject","inLanguage":"fr-FR","@id":"https:\/\/www.efcformation.com\/reussite-efc\/#\/schema\/person\/image\/","url":"https:\/\/secure.gravatar.com\/avatar\/98b00a1c17dce21016b9ccce376ec821?s=96&d=mm&r=g","contentUrl":"https:\/\/secure.gravatar.com\/avatar\/98b00a1c17dce21016b9ccce376ec821?s=96&d=mm&r=g","caption":"EFCformation"},"url":"https:\/\/www.efcformation.com\/reussite-efc\/author\/paindesjacobins\/"}]}},"_links":{"self":[{"href":"https:\/\/www.efcformation.com\/reussite-efc\/wp-json\/wp\/v2\/posts\/387"}],"collection":[{"href":"https:\/\/www.efcformation.com\/reussite-efc\/wp-json\/wp\/v2\/posts"}],"about":[{"href":"https:\/\/www.efcformation.com\/reussite-efc\/wp-json\/wp\/v2\/types\/post"}],"author":[{"embeddable":true,"href":"https:\/\/www.efcformation.com\/reussite-efc\/wp-json\/wp\/v2\/users\/1"}],"replies":[{"embeddable":true,"href":"https:\/\/www.efcformation.com\/reussite-efc\/wp-json\/wp\/v2\/comments?post=387"}],"version-history":[{"count":7,"href":"https:\/\/www.efcformation.com\/reussite-efc\/wp-json\/wp\/v2\/posts\/387\/revisions"}],"predecessor-version":[{"id":1619,"href":"https:\/\/www.efcformation.com\/reussite-efc\/wp-json\/wp\/v2\/posts\/387\/revisions\/1619"}],"wp:featuredmedia":[{"embeddable":true,"href":"https:\/\/www.efcformation.com\/reussite-efc\/wp-json\/wp\/v2\/media\/464"}],"wp:attachment":[{"href":"https:\/\/www.efcformation.com\/reussite-efc\/wp-json\/wp\/v2\/media?parent=387"}],"wp:term":[{"taxonomy":"category","embeddable":true,"href":"https:\/\/www.efcformation.com\/reussite-efc\/wp-json\/wp\/v2\/categories?post=387"},{"taxonomy":"post_tag","embeddable":true,"href":"https:\/\/www.efcformation.com\/reussite-efc\/wp-json\/wp\/v2\/tags?post=387"}],"curies":[{"name":"wp","href":"https:\/\/api.w.org\/{rel}","templated":true}]}}