{"id":4012,"date":"2023-10-19T11:00:00","date_gmt":"2023-10-19T09:00:00","guid":{"rendered":"https:\/\/www.efcformation.com\/reussite-efc\/?p=4012"},"modified":"2024-03-21T10:10:46","modified_gmt":"2024-03-21T09:10:46","slug":"journee-type-assistant-ressources-humaines","status":"publish","type":"post","link":"https:\/\/www.efcformation.com\/reussite-efc\/ressources-humaines\/journee-type-assistant-ressources-humaines\/","title":{"rendered":"Journ\u00e9e type d&rsquo;un assistant RH : entre administration et relations humaines"},"content":{"rendered":"\n<p>Le m\u00e9tier d&rsquo;<strong>assistant en ressources humaines (RH)<\/strong> est souvent m\u00e9connu et pourtant, il occupe une place essentielle au sein des entreprises. Bien loin de se r\u00e9sumer \u00e0 des t\u00e2ches administratives pures, le quotidien de l&rsquo;assistant RH alterne entre gestion administrative du personnel et accompagnement des salari\u00e9s sur le plan humain. Immersion dans une journ\u00e9e type au c\u0153ur de cette profession exigeante et passionnante.<\/p>\n\n\n\n<h2><mark style=\"background-color:rgba(0, 0, 0, 0);color:#0f1555\" class=\"has-inline-color\">Premi\u00e8re partie de matin\u00e9e : <\/mark><mark style=\"background-color:rgba(0, 0, 0, 0);color:#ff7e00\" class=\"has-inline-color\">un d\u00e9marrage pluridisciplinaire<\/mark><\/h2>\n\n\n\n<p>D\u00e8s son arriv\u00e9e au bureau, l&rsquo;<a href=\"https:\/\/www.efcformation.com\/reussite-efc\/ressources-humaines\/assistant-rh\/\">assistant RH<\/a> prend connaissance des <strong>t\u00e2ches prioritaires \u00e0 accomplir durant la journ\u00e9e<\/strong>. Chaque journ\u00e9e est diff\u00e9rente, tant par les missions \u00e0 r\u00e9aliser que par l&rsquo;interlocuteur avec qui \u00e9changer ou n\u00e9cessairement suivre.<\/p>\n\n\n\n<p>S&rsquo;ensuit g\u00e9n\u00e9ralement un point rapide avec la Direction des Ressources Humaines ou le Responsable des Ressources Humaines, afin de faire un <strong>point sur les urgences et priorit\u00e9s du jour<\/strong>.<\/p>\n\n\n\n<figure class=\"wp-block-image size-full\"><img loading=\"lazy\" width=\"750\" height=\"303\" src=\"https:\/\/www.efcformation.com\/reussite-efc\/wp-content\/uploads\/2023\/09\/in1-assistante-rh-journee-type.jpg\" alt=\"portrait d'une jeune femme souriante\" class=\"wp-image-4014\" srcset=\"https:\/\/www.efcformation.com\/reussite-efc\/wp-content\/uploads\/2023\/09\/in1-assistante-rh-journee-type.jpg 750w, https:\/\/www.efcformation.com\/reussite-efc\/wp-content\/uploads\/2023\/09\/in1-assistante-rh-journee-type-300x121.jpg 300w\" sizes=\"(max-width: 750px) 100vw, 750px\" \/><\/figure>\n\n\n\n<h3>La gestion administrative du personnel<\/h3>\n\n\n\n<ol><li><strong>Gestion des absences<\/strong> : enregistrement des cong\u00e9s pay\u00e9s, arr\u00eats maladie ou accidents du travail, mise \u00e0 jour des plannings, v\u00e9rification des droits aux cong\u00e9s, etc.<\/li><li><strong>Paie<\/strong> : pr\u00e9paration des \u00e9l\u00e9ments variables de paie, v\u00e9rification des fiches de paie avant leur \u00e9dition, suivi des heures suppl\u00e9mentaires, etc.<\/li><li><strong>Recrutements<\/strong> : suivi des annonces d&#8217;emploi et des candidatures re\u00e7ues, organisation des entretiens de recrutement et \u00e9ventuellement participation \u00e0 ceux-ci.<\/li><\/ol>\n\n\n\n<h3>Les t\u00e2ches administratives du quotidien<\/h3>\n\n\n\n<p>Courriers divers, r\u00e9daction de contrats de travail ou avenants, mise \u00e0 jour des coordonn\u00e9es des salari\u00e9s dans la base de donn\u00e9es, demande et v\u00e9rification des titres de transport, traitement des factures des fournisseurs externes (comme les organismes de formation), ou encore organisation des sessions de formation pour les collaborateurs compte parmi les missions classiques aupr\u00e8s de l&rsquo;assistant RH.<\/p>\n\n\n\n<p>La gestion des dossiers individuels du personnel est \u00e9galement une mission r\u00e9guli\u00e8re. Ainsi, l&rsquo;assistant RH veille \u00e0 ce que chacun soit \u00e0 jour en mati\u00e8re de <strong>sant\u00e9 au travail<\/strong> avec une visite m\u00e9dicale programm\u00e9e, un entretien professionnel organis\u00e9 ou encore au respect des dur\u00e9es l\u00e9gales de repos.<\/p>\n\n\n\n<div class=\"wp-block-media-text alignwide is-stacked-on-mobile is-vertically-aligned-center has-background\" style=\"background-color:#f3f0f0;grid-template-columns:20% auto\"><figure class=\"wp-block-media-text__media\"><img loading=\"lazy\" width=\"128\" height=\"128\" src=\"https:\/\/www.efcformation.com\/reussite-efc\/wp-content\/uploads\/2022\/11\/bouton-dinformation-1.png\" alt=\"Informations\" class=\"wp-image-3051 size-full\" srcset=\"https:\/\/www.efcformation.com\/reussite-efc\/wp-content\/uploads\/2022\/11\/bouton-dinformation-1.png 128w, https:\/\/www.efcformation.com\/reussite-efc\/wp-content\/uploads\/2022\/11\/bouton-dinformation-1-45x45.png 45w\" sizes=\"(max-width: 128px) 100vw, 128px\" \/><\/figure><div class=\"wp-block-media-text__content\">\n<div style=\"height:6px\" aria-hidden=\"true\" class=\"wp-block-spacer\"><\/div>\n\n\n\n<div class=\"wp-container-1 wp-block-group\"><div class=\"wp-block-group__inner-container\">\n<h6 class=\"has-medium-font-size\"><strong>Vous \u00eates int\u00e9ress\u00e9(e) par nos formations en ressources humaines ? <\/strong><\/h6>\n\n\n\n<p style=\"font-size:16px\">Compl\u00e9tez notre demande de renseignements, \u00e9changez avec un conseiller d&rsquo;\u00e9tudes et obtenez toutes les r\u00e9ponses \u00e0 vos questions ! \ud83d\udcac<\/p>\n<\/div><\/div>\n\n\n\n<div class=\"wp-container-2 is-content-justification-left wp-block-buttons\">\n<div class=\"wp-block-button\"><a class=\"wp-block-button__link has-white-color has-text-color has-background\" href=\"#formulaire-efc\" style=\"background-color:#5b0cd1\"><strong>Plus d&rsquo;informations<\/strong><\/a><\/div>\n<\/div>\n\n\n\n<div style=\"height:12px\" aria-hidden=\"true\" class=\"wp-block-spacer\"><\/div>\n<\/div><\/div>\n\n\n\n<h2><mark style=\"background-color:rgba(0, 0, 0, 0);color:#0f1555\" class=\"has-inline-color\">Deuxi\u00e8me partie de matin\u00e9e : <\/mark><mark style=\"background-color:rgba(0, 0, 0, 0);color:#ff7e00\" class=\"has-inline-color\">coh\u00e9sion sociale et communication interne<\/mark><\/h2>\n\n\n\n<p>L&rsquo;<strong>assistant RH<\/strong> se pr\u00e9occupe \u00e9galement de la <strong>coh\u00e9sion sociale au sein de l&rsquo;entreprise<\/strong>. Une bonne part de sa mission consiste entre autres \u00e0 mettre en place et suivre des actions favorisant le vivre-ensemble et le bien-\u00eatre des salari\u00e9s :<\/p>\n\n\n\n<ul><li>Mise en place d&rsquo;enqu\u00eates internes sur les conditions de travail, la qualit\u00e9 de vie au travail, l&rsquo;engagement des collaborateurs, etc.<\/li><li>Organisation d&rsquo;\u00e9v\u00e9nements internes (team building, s\u00e9minaires, etc.)<\/li><li>Gestion des stocks de fournitures et commande de mat\u00e9riel pour les collaborateurs.<\/li><\/ul>\n\n\n\n<p>La <strong>communication interne<\/strong> est \u00e9galement au c\u0153ur des pr\u00e9occupations de l&rsquo;assistant RH. Il participe activement \u00e0 la <strong>diffusion d&rsquo;informations<\/strong> en interne, que ce soit par mail, affichage ou lors de r\u00e9unions, et peut ainsi veiller \u00e0 ce que chacun soit au courant des nouveaut\u00e9s et informations importantes. Le tout dans un souci constant de transparence.<\/p>\n\n\n\n<h2><mark style=\"background-color:rgba(0, 0, 0, 0);color:#0f1555\" class=\"has-inline-color\">Midi : renforcer la coh\u00e9sion d&rsquo;\u00e9quipe <\/mark><mark style=\"background-color:rgba(0, 0, 0, 0);color:#ff7e00\" class=\"has-inline-color\">et fid\u00e9liser les talents<\/mark><\/h2>\n\n\n\n<p>Viens le temps de la pause d\u00e9jeuner, vous d\u00e9cidez d&#8217;emmener quelques coll\u00e8gues manger au restaurant asiatique situ\u00e9 en bas des locaux. Une simple d\u00e9marche qui renforce la&nbsp;coh\u00e9sion&nbsp;et favorise, \u00e0 terme, une meilleure fid\u00e9lisation de vos \u00e9quipes. Dans cette optique, tout est une question d&rsquo;engagement \u00e0 long terme et de suivi lorsque l&rsquo;on aborde les probl\u00e9matiques de loyaut\u00e9 ou de r\u00e9tention des employ\u00e9s au sein de votre entreprise.<\/p>\n\n\n\n<h3>Les objectifs :<\/h3>\n\n\n\n<p>Encourager un environnement de travail sain et agr\u00e9able. Soutenir le d\u00e9veloppement personnel et professionnel des salari\u00e9sValoriser les comp\u00e9tences et la motivation de chacun<\/p>\n\n\n\n<figure class=\"wp-block-image size-full\"><img loading=\"lazy\" width=\"748\" height=\"313\" src=\"https:\/\/www.efcformation.com\/reussite-efc\/wp-content\/uploads\/2023\/09\/in2-assistante-rh-journee-type.jpg\" alt=\"une assistante RH mettant la main sur uen \u00e9paule d'un homme\" class=\"wp-image-4015\" srcset=\"https:\/\/www.efcformation.com\/reussite-efc\/wp-content\/uploads\/2023\/09\/in2-assistante-rh-journee-type.jpg 748w, https:\/\/www.efcformation.com\/reussite-efc\/wp-content\/uploads\/2023\/09\/in2-assistante-rh-journee-type-300x126.jpg 300w\" sizes=\"(max-width: 748px) 100vw, 748px\" \/><\/figure>\n\n\n\n<h2><mark style=\"background-color:rgba(0, 0, 0, 0);color:#0f1555\" class=\"has-inline-color\">Apr\u00e8s-midi : accompagnement des salari\u00e9s <\/mark><mark style=\"background-color:rgba(0, 0, 0, 0);color:#ff7e00\" class=\"has-inline-color\">et projets transversaux<\/mark><\/h2>\n\n\n\n<h3>Conseil et soutien aux collaborateurs<\/h3>\n\n\n\n<p>L&rsquo;apr\u00e8s-midi, l&rsquo;assistant RH consacre une partie de son temps \u00e0 <strong>accompagner individuellement les salari\u00e9s<\/strong> qui le sollicitent. R\u00e9pondre aux questions concernant la paie, les cong\u00e9s, les droits et obligations de chacun, l&rsquo;\u00e9volution professionnelle ou encore le bien-\u00eatre au travail sont autant de sujets qui peuvent \u00eatre abord\u00e9s lors de ces entretiens.<\/p>\n\n\n\n<h3>Participation \u00e0 des projets transversaux<\/h3>\n\n\n\n<p>Enfin, il peut \u00eatre amen\u00e9 \u00e0 travailler en \u00e9troite collaboration avec d&rsquo;autres services de l&rsquo;entreprise (direction, communication, informatique, etc.) sur des <strong>projets ayant une dimension RH<\/strong>. Il pourra notamment s&rsquo;agir de l&rsquo;am\u00e9lioration des processus internes, du d\u00e9ploiement d&rsquo;un nouvel outil informatique, de d\u00e9marches li\u00e9es \u00e0 la qualit\u00e9 de vie au travail, etc.<\/p>\n\n\n\n<p>Chaque journ\u00e9e type d&rsquo;un assistant en ressources humaines diff\u00e8re. Au quotidien, cette vari\u00e9t\u00e9 de missions est tout aussi importante que passionnante par son c\u00f4t\u00e9 pluridisciplinaire et centr\u00e9e sur les relations humaines. Administratif et social travaillent donc main dans la main au sein de ce m\u00e9tier enrichissant et porteur d\u2019enjeux cruciaux pour le bien-\u00eatre et d\u00e9veloppement de l&rsquo;entreprise.<\/p>\n\n\n\n<h2><mark style=\"background-color:rgba(0, 0, 0, 0);color:#0f1555\" class=\"has-inline-color\">Former-vous au m\u00e9tier d&rsquo;assistant RH a<\/mark><mark style=\"background-color:rgba(0, 0, 0, 0);color:#ff7e00\" class=\"has-inline-color\">vec EFC Formation<\/mark><\/h2>\n\n\n\n<p>Si ce m\u00e9tier vous attire, sachez que nous proposons une&nbsp;<a href=\"https:\/\/www.efcformation.com\/formations\/formation-assistante-ressources-humaines\">formation assistant ressources humaines<\/a> chez EFC Formation.&nbsp;<\/p>\n\n\n\n<p>Il s&rsquo;agit d&rsquo;une formation qualifiante d&rsquo;une dur\u00e9e de 9 mois, \u00e9quivalant \u00e0 400 heures. Elle est con\u00e7ue pour \u00eatre suivie en ligne avec l&rsquo;utilisation de divers supports p\u00e9dagogiques, et est accessible aux personnes ayant un niveau 3\u00e8me. \u00c0 l&rsquo;issue de cette formation, les participants seront aptes \u00e0 ma\u00eetriser les techniques de recrutement, de gestion du personnel et de communication interne. Alors n&rsquo;h\u00e9sitez pas \u00e0 nous contacter si vous souhaitez en savoir plus sur cette formation.&nbsp;<\/p>\n","protected":false},"excerpt":{"rendered":"<p>Le m\u00e9tier d&rsquo;assistant en ressources humaines (RH) est souvent m\u00e9connu et pourtant, il occupe une place essentielle au sein des entreprises. Bien loin de se r\u00e9sumer \u00e0 des t\u00e2ches administratives pures, le quotidien de l&rsquo;assistant RH alterne entre gestion administrative du personnel et accompagnement des salari\u00e9s sur le plan humain. Immersion dans une journ\u00e9e type [&hellip;]<\/p>\n","protected":false},"author":2,"featured_media":4013,"comment_status":"open","ping_status":"open","sticky":false,"template":"","format":"standard","meta":[],"categories":[29],"tags":[],"yoast_head":"<!-- This site is optimized with the Yoast SEO plugin v19.5.1 - https:\/\/yoast.com\/wordpress\/plugins\/seo\/ -->\n<title>Assistant RH en 2023 : La Journ\u00e9e Type - Reussite EFC Fomation - Le Blog EFC Formation<\/title>\n<meta name=\"description\" content=\"Plongez dans la journ\u00e9e type d&#039;un assistant RH : \u00e9quilibre entre t\u00e2ches administratives et interactions humaines. D\u00e9couvrez ce m\u00e9tier passionnant.\" \/>\n<meta name=\"robots\" content=\"index, follow, max-snippet:-1, max-image-preview:large, max-video-preview:-1\" \/>\n<link rel=\"canonical\" href=\"https:\/\/www.efcformation.com\/reussite-efc\/ressources-humaines\/journee-type-assistant-ressources-humaines\/\" \/>\n<meta property=\"og:locale\" content=\"fr_FR\" \/>\n<meta property=\"og:type\" content=\"article\" \/>\n<meta property=\"og:title\" content=\"Assistant RH en 2023 : La Journ\u00e9e Type - Reussite EFC Fomation - Le Blog EFC Formation\" \/>\n<meta property=\"og:description\" content=\"Plongez dans la journ\u00e9e type d&#039;un assistant RH : \u00e9quilibre entre t\u00e2ches administratives et interactions humaines. D\u00e9couvrez ce m\u00e9tier passionnant.\" \/>\n<meta property=\"og:url\" content=\"https:\/\/www.efcformation.com\/reussite-efc\/ressources-humaines\/journee-type-assistant-ressources-humaines\/\" \/>\n<meta property=\"og:site_name\" content=\"Reussite EFC Fomation - Le Blog EFC Formation\" \/>\n<meta property=\"article:published_time\" content=\"2023-10-19T09:00:00+00:00\" \/>\n<meta property=\"article:modified_time\" content=\"2024-03-21T09:10:46+00:00\" \/>\n<meta property=\"og:image\" content=\"https:\/\/www.efcformation.com\/reussite-efc\/wp-content\/uploads\/2023\/09\/une-assistante-rh-journee-type.jpg\" \/>\n\t<meta property=\"og:image:width\" content=\"1199\" \/>\n\t<meta property=\"og:image:height\" content=\"632\" \/>\n\t<meta property=\"og:image:type\" content=\"image\/jpeg\" \/>\n<meta name=\"author\" content=\"Cedric\" \/>\n<meta name=\"twitter:card\" content=\"summary\" \/>\n<meta name=\"twitter:label1\" content=\"\u00c9crit par\" \/>\n\t<meta name=\"twitter:data1\" content=\"Cedric\" \/>\n\t<meta name=\"twitter:label2\" content=\"Dur\u00e9e de lecture estim\u00e9e\" \/>\n\t<meta name=\"twitter:data2\" content=\"6 minutes\" \/>\n<script type=\"application\/ld+json\" class=\"yoast-schema-graph\">{\"@context\":\"https:\/\/schema.org\",\"@graph\":[{\"@type\":\"WebPage\",\"@id\":\"https:\/\/www.efcformation.com\/reussite-efc\/ressources-humaines\/journee-type-assistant-ressources-humaines\/\",\"url\":\"https:\/\/www.efcformation.com\/reussite-efc\/ressources-humaines\/journee-type-assistant-ressources-humaines\/\",\"name\":\"Assistant RH en 2023 : La Journ\u00e9e Type - Reussite EFC Fomation - Le Blog EFC Formation\",\"isPartOf\":{\"@id\":\"https:\/\/www.efcformation.com\/reussite-efc\/#website\"},\"datePublished\":\"2023-10-19T09:00:00+00:00\",\"dateModified\":\"2024-03-21T09:10:46+00:00\",\"author\":{\"@id\":\"https:\/\/www.efcformation.com\/reussite-efc\/#\/schema\/person\/abaed1900276838c79042daed3572b3c\"},\"description\":\"Plongez dans la journ\u00e9e type d'un assistant RH : \u00e9quilibre entre t\u00e2ches administratives et interactions humaines. D\u00e9couvrez ce m\u00e9tier passionnant.\",\"breadcrumb\":{\"@id\":\"https:\/\/www.efcformation.com\/reussite-efc\/ressources-humaines\/journee-type-assistant-ressources-humaines\/#breadcrumb\"},\"inLanguage\":\"fr-FR\",\"potentialAction\":[{\"@type\":\"ReadAction\",\"target\":[\"https:\/\/www.efcformation.com\/reussite-efc\/ressources-humaines\/journee-type-assistant-ressources-humaines\/\"]}]},{\"@type\":\"BreadcrumbList\",\"@id\":\"https:\/\/www.efcformation.com\/reussite-efc\/ressources-humaines\/journee-type-assistant-ressources-humaines\/#breadcrumb\",\"itemListElement\":[{\"@type\":\"ListItem\",\"position\":1,\"name\":\"Accueil\",\"item\":\"https:\/\/www.efcformation.com\/reussite-efc\/\"},{\"@type\":\"ListItem\",\"position\":2,\"name\":\"Journ\u00e9e type d&rsquo;un assistant RH : entre administration et relations humaines\"}]},{\"@type\":\"WebSite\",\"@id\":\"https:\/\/www.efcformation.com\/reussite-efc\/#website\",\"url\":\"https:\/\/www.efcformation.com\/reussite-efc\/\",\"name\":\"Reussite EFC Fomation - Le Blog EFC Formation\",\"description\":\"\",\"potentialAction\":[{\"@type\":\"SearchAction\",\"target\":{\"@type\":\"EntryPoint\",\"urlTemplate\":\"https:\/\/www.efcformation.com\/reussite-efc\/?s={search_term_string}\"},\"query-input\":\"required name=search_term_string\"}],\"inLanguage\":\"fr-FR\"},{\"@type\":\"Person\",\"@id\":\"https:\/\/www.efcformation.com\/reussite-efc\/#\/schema\/person\/abaed1900276838c79042daed3572b3c\",\"name\":\"Cedric\",\"image\":{\"@type\":\"ImageObject\",\"inLanguage\":\"fr-FR\",\"@id\":\"https:\/\/www.efcformation.com\/reussite-efc\/#\/schema\/person\/image\/\",\"url\":\"https:\/\/secure.gravatar.com\/avatar\/a438e79d374ba264c89f89eea94f3dd7?s=96&d=mm&r=g\",\"contentUrl\":\"https:\/\/secure.gravatar.com\/avatar\/a438e79d374ba264c89f89eea94f3dd7?s=96&d=mm&r=g\",\"caption\":\"Cedric\"},\"url\":\"https:\/\/www.efcformation.com\/reussite-efc\/author\/webrivageseo\/\"}]}<\/script>\n<!-- \/ Yoast SEO plugin. -->","yoast_head_json":{"title":"Assistant RH en 2023 : La Journ\u00e9e Type - Reussite EFC Fomation - Le Blog EFC Formation","description":"Plongez dans la journ\u00e9e type d'un assistant RH : \u00e9quilibre entre t\u00e2ches administratives et interactions humaines. D\u00e9couvrez ce m\u00e9tier passionnant.","robots":{"index":"index","follow":"follow","max-snippet":"max-snippet:-1","max-image-preview":"max-image-preview:large","max-video-preview":"max-video-preview:-1"},"canonical":"https:\/\/www.efcformation.com\/reussite-efc\/ressources-humaines\/journee-type-assistant-ressources-humaines\/","og_locale":"fr_FR","og_type":"article","og_title":"Assistant RH en 2023 : La Journ\u00e9e Type - Reussite EFC Fomation - Le Blog EFC Formation","og_description":"Plongez dans la journ\u00e9e type d'un assistant RH : \u00e9quilibre entre t\u00e2ches administratives et interactions humaines. D\u00e9couvrez ce m\u00e9tier passionnant.","og_url":"https:\/\/www.efcformation.com\/reussite-efc\/ressources-humaines\/journee-type-assistant-ressources-humaines\/","og_site_name":"Reussite EFC Fomation - Le Blog EFC Formation","article_published_time":"2023-10-19T09:00:00+00:00","article_modified_time":"2024-03-21T09:10:46+00:00","og_image":[{"width":1199,"height":632,"url":"https:\/\/www.efcformation.com\/reussite-efc\/wp-content\/uploads\/2023\/09\/une-assistante-rh-journee-type.jpg","type":"image\/jpeg"}],"author":"Cedric","twitter_card":"summary","twitter_misc":{"\u00c9crit par":"Cedric","Dur\u00e9e de lecture estim\u00e9e":"6 minutes"},"schema":{"@context":"https:\/\/schema.org","@graph":[{"@type":"WebPage","@id":"https:\/\/www.efcformation.com\/reussite-efc\/ressources-humaines\/journee-type-assistant-ressources-humaines\/","url":"https:\/\/www.efcformation.com\/reussite-efc\/ressources-humaines\/journee-type-assistant-ressources-humaines\/","name":"Assistant RH en 2023 : La Journ\u00e9e Type - Reussite EFC Fomation - Le Blog EFC Formation","isPartOf":{"@id":"https:\/\/www.efcformation.com\/reussite-efc\/#website"},"datePublished":"2023-10-19T09:00:00+00:00","dateModified":"2024-03-21T09:10:46+00:00","author":{"@id":"https:\/\/www.efcformation.com\/reussite-efc\/#\/schema\/person\/abaed1900276838c79042daed3572b3c"},"description":"Plongez dans la journ\u00e9e type d'un assistant RH : \u00e9quilibre entre t\u00e2ches administratives et interactions humaines. D\u00e9couvrez ce m\u00e9tier passionnant.","breadcrumb":{"@id":"https:\/\/www.efcformation.com\/reussite-efc\/ressources-humaines\/journee-type-assistant-ressources-humaines\/#breadcrumb"},"inLanguage":"fr-FR","potentialAction":[{"@type":"ReadAction","target":["https:\/\/www.efcformation.com\/reussite-efc\/ressources-humaines\/journee-type-assistant-ressources-humaines\/"]}]},{"@type":"BreadcrumbList","@id":"https:\/\/www.efcformation.com\/reussite-efc\/ressources-humaines\/journee-type-assistant-ressources-humaines\/#breadcrumb","itemListElement":[{"@type":"ListItem","position":1,"name":"Accueil","item":"https:\/\/www.efcformation.com\/reussite-efc\/"},{"@type":"ListItem","position":2,"name":"Journ\u00e9e type d&rsquo;un assistant RH : entre administration et relations humaines"}]},{"@type":"WebSite","@id":"https:\/\/www.efcformation.com\/reussite-efc\/#website","url":"https:\/\/www.efcformation.com\/reussite-efc\/","name":"Reussite EFC Fomation - Le Blog EFC Formation","description":"","potentialAction":[{"@type":"SearchAction","target":{"@type":"EntryPoint","urlTemplate":"https:\/\/www.efcformation.com\/reussite-efc\/?s={search_term_string}"},"query-input":"required name=search_term_string"}],"inLanguage":"fr-FR"},{"@type":"Person","@id":"https:\/\/www.efcformation.com\/reussite-efc\/#\/schema\/person\/abaed1900276838c79042daed3572b3c","name":"Cedric","image":{"@type":"ImageObject","inLanguage":"fr-FR","@id":"https:\/\/www.efcformation.com\/reussite-efc\/#\/schema\/person\/image\/","url":"https:\/\/secure.gravatar.com\/avatar\/a438e79d374ba264c89f89eea94f3dd7?s=96&d=mm&r=g","contentUrl":"https:\/\/secure.gravatar.com\/avatar\/a438e79d374ba264c89f89eea94f3dd7?s=96&d=mm&r=g","caption":"Cedric"},"url":"https:\/\/www.efcformation.com\/reussite-efc\/author\/webrivageseo\/"}]}},"_links":{"self":[{"href":"https:\/\/www.efcformation.com\/reussite-efc\/wp-json\/wp\/v2\/posts\/4012"}],"collection":[{"href":"https:\/\/www.efcformation.com\/reussite-efc\/wp-json\/wp\/v2\/posts"}],"about":[{"href":"https:\/\/www.efcformation.com\/reussite-efc\/wp-json\/wp\/v2\/types\/post"}],"author":[{"embeddable":true,"href":"https:\/\/www.efcformation.com\/reussite-efc\/wp-json\/wp\/v2\/users\/2"}],"replies":[{"embeddable":true,"href":"https:\/\/www.efcformation.com\/reussite-efc\/wp-json\/wp\/v2\/comments?post=4012"}],"version-history":[{"count":4,"href":"https:\/\/www.efcformation.com\/reussite-efc\/wp-json\/wp\/v2\/posts\/4012\/revisions"}],"predecessor-version":[{"id":4611,"href":"https:\/\/www.efcformation.com\/reussite-efc\/wp-json\/wp\/v2\/posts\/4012\/revisions\/4611"}],"wp:featuredmedia":[{"embeddable":true,"href":"https:\/\/www.efcformation.com\/reussite-efc\/wp-json\/wp\/v2\/media\/4013"}],"wp:attachment":[{"href":"https:\/\/www.efcformation.com\/reussite-efc\/wp-json\/wp\/v2\/media?parent=4012"}],"wp:term":[{"taxonomy":"category","embeddable":true,"href":"https:\/\/www.efcformation.com\/reussite-efc\/wp-json\/wp\/v2\/categories?post=4012"},{"taxonomy":"post_tag","embeddable":true,"href":"https:\/\/www.efcformation.com\/reussite-efc\/wp-json\/wp\/v2\/tags?post=4012"}],"curies":[{"name":"wp","href":"https:\/\/api.w.org\/{rel}","templated":true}]}}