{"id":4110,"date":"2023-11-06T14:23:38","date_gmt":"2023-11-06T13:23:38","guid":{"rendered":"https:\/\/www.efcformation.com\/reussite-efc\/?p=4110"},"modified":"2024-04-04T16:26:26","modified_gmt":"2024-04-04T14:26:26","slug":"efcformation-lance-une-nouvelle-formation-a-distance-le-titre-professionnel-gestionnaire-comptable-et-fiscal","status":"publish","type":"post","link":"https:\/\/www.efcformation.com\/reussite-efc\/comptabilite\/efcformation-lance-une-nouvelle-formation-a-distance-le-titre-professionnel-gestionnaire-comptable-et-fiscal\/","title":{"rendered":"EFCformation lance une nouvelle formation \u00e0 distance : Le titre professionnel Gestionnaire Comptable et Fiscal"},"content":{"rendered":"\n<p>Cette formation, d&rsquo;une dur\u00e9e de 14 mois, permet aux apprenants d&rsquo;acqu\u00e9rir toutes les comp\u00e9tences n\u00e9cessaires pour exercer le m\u00e9tier de gestionnaire comptable et fiscal en entreprise ou en cabinet comptable.&nbsp;<\/p>\n\n\n\n<p>Notre programme de formation issu du r\u00e9f\u00e9rentiel \u00e9tabli par le Minist\u00e8re du Travail vous permettra de monter en comp\u00e9tence en comptabilit\u00e9 g\u00e9n\u00e9rale, comptabilit\u00e9 analytique, fiscalit\u00e9, droit des soci\u00e9t\u00e9s, gestion de tr\u00e9sorerie, etc.<\/p>\n\n\n\n<p>Notre titre professionnel Gestionnaire comptable et fiscal est accessible \u00e0 tous, quel que soit votre niveau de formation initial. Une remise \u00e0 niveau en comptabilit\u00e9 pourra vous \u00eatre propos\u00e9e pour vous permettre d\u2019acqu\u00e9rir toutes les bases n\u00e9cessaires \u00e0 la r\u00e9ussite de votre \u00e9tude.<\/p>\n\n\n\n<p>Notre formation certifiante est \u00e9ligible au financement CPF ainsi qu\u2019au financement entreprise, si vous \u00eates salari\u00e9.e et que votre employeur souhaite vous accompagner dans votre projet.&nbsp;<\/p>\n\n\n\n<p>La formation \u00ab\u00a0Gestionnaire comptable et fiscal\u00a0\u00bb d&rsquo;EFCformation est accessible avec un niveau BAC (Niveau 4). Son format 100% \u00e0 distance permet aux apprenants de suivre leur formation \u00e0 leur rythme et de concilier leur vie professionnelle et personnelle avec leur projet de formation.<\/p>\n\n\n\n<p>EFCformation offre une formation compl\u00e8te et adapt\u00e9e aux besoins des professionnels. Notre \u00e9tablissement accompagne les apprenants tout au long de leur parcours pour leur permettre de r\u00e9ussir \u00e0 leur rythme et en fonction de leurs disponibilit\u00e9s.<\/p>\n\n\n\n<p><strong>Pour en savoir plus<\/strong><\/p>\n\n\n\n<p>Pour avoir plus d&rsquo;informations sur la formation, rendez-vous sur la page d\u00e9di\u00e9e au&nbsp; <a href=\"https:\/\/www.efcformation.com\/formations\/titre-professionnel-gestionnaire-comptable-et-fiscal\">Titre professionnel Gestionnaire Comptable et Fiscal<\/a> sur notre site internet.<\/p>\n","protected":false},"excerpt":{"rendered":"<p>Cette formation, d&rsquo;une dur\u00e9e de 14 mois, permet aux apprenants d&rsquo;acqu\u00e9rir toutes les comp\u00e9tences n\u00e9cessaires pour exercer le m\u00e9tier de gestionnaire comptable et fiscal en entreprise ou en cabinet comptable.&nbsp; Notre programme de formation issu du r\u00e9f\u00e9rentiel \u00e9tabli par le Minist\u00e8re du Travail vous permettra de monter en comp\u00e9tence en comptabilit\u00e9 g\u00e9n\u00e9rale, comptabilit\u00e9 analytique, fiscalit\u00e9, [&hellip;]<\/p>\n","protected":false},"author":1,"featured_media":4142,"comment_status":"open","ping_status":"open","sticky":false,"template":"","format":"standard","meta":[],"categories":[15,13],"tags":[],"yoast_head":"<!-- This site is optimized with the Yoast SEO plugin v19.5.1 - https:\/\/yoast.com\/wordpress\/plugins\/seo\/ -->\n<title>EFCformation lance une nouvelle formation \u00e0 distance : Le titre professionnel Gestionnaire Comptable et Fiscal - Reussite EFC Fomation - Le Blog EFC Formation<\/title>\n<meta name=\"description\" content=\"Devenez expert en comptabilit\u00e9 avec le titre professionnel gestionnaire comptable et fiscal. Inscrivez-vous maintenant pour booster votre carri\u00e8re !\" \/>\n<meta name=\"robots\" content=\"index, follow, max-snippet:-1, max-image-preview:large, max-video-preview:-1\" \/>\n<link rel=\"canonical\" href=\"https:\/\/www.efcformation.com\/reussite-efc\/comptabilite\/efcformation-lance-une-nouvelle-formation-a-distance-le-titre-professionnel-gestionnaire-comptable-et-fiscal\/\" \/>\n<meta property=\"og:locale\" content=\"fr_FR\" \/>\n<meta property=\"og:type\" content=\"article\" \/>\n<meta property=\"og:title\" content=\"EFCformation lance une nouvelle formation \u00e0 distance : Le titre professionnel Gestionnaire Comptable et Fiscal - Reussite EFC Fomation - Le Blog EFC Formation\" \/>\n<meta property=\"og:description\" content=\"Devenez expert en comptabilit\u00e9 avec le titre professionnel gestionnaire comptable et fiscal. Inscrivez-vous maintenant pour booster votre carri\u00e8re !\" \/>\n<meta property=\"og:url\" content=\"https:\/\/www.efcformation.com\/reussite-efc\/comptabilite\/efcformation-lance-une-nouvelle-formation-a-distance-le-titre-professionnel-gestionnaire-comptable-et-fiscal\/\" \/>\n<meta property=\"og:site_name\" content=\"Reussite EFC Fomation - Le Blog EFC Formation\" \/>\n<meta property=\"article:published_time\" content=\"2023-11-06T13:23:38+00:00\" \/>\n<meta property=\"article:modified_time\" content=\"2024-04-04T14:26:26+00:00\" \/>\n<meta property=\"og:image\" content=\"https:\/\/www.efcformation.com\/reussite-efc\/wp-content\/uploads\/2023\/11\/visuel-actualites-titre-pro-gestionnaire-comptable-fiscal-02.jpg\" \/>\n\t<meta property=\"og:image:width\" content=\"1200\" \/>\n\t<meta property=\"og:image:height\" content=\"630\" \/>\n\t<meta property=\"og:image:type\" content=\"image\/jpeg\" \/>\n<meta name=\"author\" content=\"EFCformation\" \/>\n<meta name=\"twitter:card\" content=\"summary\" \/>\n<meta name=\"twitter:label1\" content=\"\u00c9crit par\" \/>\n\t<meta name=\"twitter:data1\" content=\"EFCformation\" \/>\n\t<meta name=\"twitter:label2\" content=\"Dur\u00e9e de lecture estim\u00e9e\" \/>\n\t<meta name=\"twitter:data2\" content=\"2 minutes\" \/>\n<script type=\"application\/ld+json\" class=\"yoast-schema-graph\">{\"@context\":\"https:\/\/schema.org\",\"@graph\":[{\"@type\":\"WebPage\",\"@id\":\"https:\/\/www.efcformation.com\/reussite-efc\/comptabilite\/efcformation-lance-une-nouvelle-formation-a-distance-le-titre-professionnel-gestionnaire-comptable-et-fiscal\/\",\"url\":\"https:\/\/www.efcformation.com\/reussite-efc\/comptabilite\/efcformation-lance-une-nouvelle-formation-a-distance-le-titre-professionnel-gestionnaire-comptable-et-fiscal\/\",\"name\":\"EFCformation lance une nouvelle formation \u00e0 distance : Le titre professionnel Gestionnaire Comptable et Fiscal - Reussite EFC Fomation - Le Blog EFC Formation\",\"isPartOf\":{\"@id\":\"https:\/\/www.efcformation.com\/reussite-efc\/#website\"},\"datePublished\":\"2023-11-06T13:23:38+00:00\",\"dateModified\":\"2024-04-04T14:26:26+00:00\",\"author\":{\"@id\":\"https:\/\/www.efcformation.com\/reussite-efc\/#\/schema\/person\/6263903b0179d0334456f7512d9d1430\"},\"description\":\"Devenez expert en comptabilit\u00e9 avec le titre professionnel gestionnaire comptable et fiscal. Inscrivez-vous maintenant pour booster votre carri\u00e8re !\",\"breadcrumb\":{\"@id\":\"https:\/\/www.efcformation.com\/reussite-efc\/comptabilite\/efcformation-lance-une-nouvelle-formation-a-distance-le-titre-professionnel-gestionnaire-comptable-et-fiscal\/#breadcrumb\"},\"inLanguage\":\"fr-FR\",\"potentialAction\":[{\"@type\":\"ReadAction\",\"target\":[\"https:\/\/www.efcformation.com\/reussite-efc\/comptabilite\/efcformation-lance-une-nouvelle-formation-a-distance-le-titre-professionnel-gestionnaire-comptable-et-fiscal\/\"]}]},{\"@type\":\"BreadcrumbList\",\"@id\":\"https:\/\/www.efcformation.com\/reussite-efc\/comptabilite\/efcformation-lance-une-nouvelle-formation-a-distance-le-titre-professionnel-gestionnaire-comptable-et-fiscal\/#breadcrumb\",\"itemListElement\":[{\"@type\":\"ListItem\",\"position\":1,\"name\":\"Accueil\",\"item\":\"https:\/\/www.efcformation.com\/reussite-efc\/\"},{\"@type\":\"ListItem\",\"position\":2,\"name\":\"EFCformation lance une nouvelle formation \u00e0 distance : Le titre professionnel Gestionnaire Comptable et Fiscal\"}]},{\"@type\":\"WebSite\",\"@id\":\"https:\/\/www.efcformation.com\/reussite-efc\/#website\",\"url\":\"https:\/\/www.efcformation.com\/reussite-efc\/\",\"name\":\"Reussite EFC Fomation - Le Blog EFC Formation\",\"description\":\"\",\"potentialAction\":[{\"@type\":\"SearchAction\",\"target\":{\"@type\":\"EntryPoint\",\"urlTemplate\":\"https:\/\/www.efcformation.com\/reussite-efc\/?s={search_term_string}\"},\"query-input\":\"required name=search_term_string\"}],\"inLanguage\":\"fr-FR\"},{\"@type\":\"Person\",\"@id\":\"https:\/\/www.efcformation.com\/reussite-efc\/#\/schema\/person\/6263903b0179d0334456f7512d9d1430\",\"name\":\"EFCformation\",\"image\":{\"@type\":\"ImageObject\",\"inLanguage\":\"fr-FR\",\"@id\":\"https:\/\/www.efcformation.com\/reussite-efc\/#\/schema\/person\/image\/\",\"url\":\"https:\/\/secure.gravatar.com\/avatar\/98b00a1c17dce21016b9ccce376ec821?s=96&d=mm&r=g\",\"contentUrl\":\"https:\/\/secure.gravatar.com\/avatar\/98b00a1c17dce21016b9ccce376ec821?s=96&d=mm&r=g\",\"caption\":\"EFCformation\"},\"url\":\"https:\/\/www.efcformation.com\/reussite-efc\/author\/paindesjacobins\/\"}]}<\/script>\n<!-- \/ Yoast SEO plugin. -->","yoast_head_json":{"title":"EFCformation lance une nouvelle formation \u00e0 distance : Le titre professionnel Gestionnaire Comptable et Fiscal - Reussite EFC Fomation - Le Blog EFC Formation","description":"Devenez expert en comptabilit\u00e9 avec le titre professionnel gestionnaire comptable et fiscal. Inscrivez-vous maintenant pour booster votre carri\u00e8re !","robots":{"index":"index","follow":"follow","max-snippet":"max-snippet:-1","max-image-preview":"max-image-preview:large","max-video-preview":"max-video-preview:-1"},"canonical":"https:\/\/www.efcformation.com\/reussite-efc\/comptabilite\/efcformation-lance-une-nouvelle-formation-a-distance-le-titre-professionnel-gestionnaire-comptable-et-fiscal\/","og_locale":"fr_FR","og_type":"article","og_title":"EFCformation lance une nouvelle formation \u00e0 distance : Le titre professionnel Gestionnaire Comptable et Fiscal - Reussite EFC Fomation - Le Blog EFC Formation","og_description":"Devenez expert en comptabilit\u00e9 avec le titre professionnel gestionnaire comptable et fiscal. Inscrivez-vous maintenant pour booster votre carri\u00e8re !","og_url":"https:\/\/www.efcformation.com\/reussite-efc\/comptabilite\/efcformation-lance-une-nouvelle-formation-a-distance-le-titre-professionnel-gestionnaire-comptable-et-fiscal\/","og_site_name":"Reussite EFC Fomation - Le Blog EFC Formation","article_published_time":"2023-11-06T13:23:38+00:00","article_modified_time":"2024-04-04T14:26:26+00:00","og_image":[{"width":1200,"height":630,"url":"https:\/\/www.efcformation.com\/reussite-efc\/wp-content\/uploads\/2023\/11\/visuel-actualites-titre-pro-gestionnaire-comptable-fiscal-02.jpg","type":"image\/jpeg"}],"author":"EFCformation","twitter_card":"summary","twitter_misc":{"\u00c9crit par":"EFCformation","Dur\u00e9e de lecture estim\u00e9e":"2 minutes"},"schema":{"@context":"https:\/\/schema.org","@graph":[{"@type":"WebPage","@id":"https:\/\/www.efcformation.com\/reussite-efc\/comptabilite\/efcformation-lance-une-nouvelle-formation-a-distance-le-titre-professionnel-gestionnaire-comptable-et-fiscal\/","url":"https:\/\/www.efcformation.com\/reussite-efc\/comptabilite\/efcformation-lance-une-nouvelle-formation-a-distance-le-titre-professionnel-gestionnaire-comptable-et-fiscal\/","name":"EFCformation lance une nouvelle formation \u00e0 distance : Le titre professionnel Gestionnaire Comptable et Fiscal - Reussite EFC Fomation - Le Blog EFC Formation","isPartOf":{"@id":"https:\/\/www.efcformation.com\/reussite-efc\/#website"},"datePublished":"2023-11-06T13:23:38+00:00","dateModified":"2024-04-04T14:26:26+00:00","author":{"@id":"https:\/\/www.efcformation.com\/reussite-efc\/#\/schema\/person\/6263903b0179d0334456f7512d9d1430"},"description":"Devenez expert en comptabilit\u00e9 avec le titre professionnel gestionnaire comptable et fiscal. Inscrivez-vous maintenant pour booster votre carri\u00e8re !","breadcrumb":{"@id":"https:\/\/www.efcformation.com\/reussite-efc\/comptabilite\/efcformation-lance-une-nouvelle-formation-a-distance-le-titre-professionnel-gestionnaire-comptable-et-fiscal\/#breadcrumb"},"inLanguage":"fr-FR","potentialAction":[{"@type":"ReadAction","target":["https:\/\/www.efcformation.com\/reussite-efc\/comptabilite\/efcformation-lance-une-nouvelle-formation-a-distance-le-titre-professionnel-gestionnaire-comptable-et-fiscal\/"]}]},{"@type":"BreadcrumbList","@id":"https:\/\/www.efcformation.com\/reussite-efc\/comptabilite\/efcformation-lance-une-nouvelle-formation-a-distance-le-titre-professionnel-gestionnaire-comptable-et-fiscal\/#breadcrumb","itemListElement":[{"@type":"ListItem","position":1,"name":"Accueil","item":"https:\/\/www.efcformation.com\/reussite-efc\/"},{"@type":"ListItem","position":2,"name":"EFCformation lance une nouvelle formation \u00e0 distance : Le titre professionnel Gestionnaire Comptable et Fiscal"}]},{"@type":"WebSite","@id":"https:\/\/www.efcformation.com\/reussite-efc\/#website","url":"https:\/\/www.efcformation.com\/reussite-efc\/","name":"Reussite EFC Fomation - Le Blog EFC Formation","description":"","potentialAction":[{"@type":"SearchAction","target":{"@type":"EntryPoint","urlTemplate":"https:\/\/www.efcformation.com\/reussite-efc\/?s={search_term_string}"},"query-input":"required name=search_term_string"}],"inLanguage":"fr-FR"},{"@type":"Person","@id":"https:\/\/www.efcformation.com\/reussite-efc\/#\/schema\/person\/6263903b0179d0334456f7512d9d1430","name":"EFCformation","image":{"@type":"ImageObject","inLanguage":"fr-FR","@id":"https:\/\/www.efcformation.com\/reussite-efc\/#\/schema\/person\/image\/","url":"https:\/\/secure.gravatar.com\/avatar\/98b00a1c17dce21016b9ccce376ec821?s=96&d=mm&r=g","contentUrl":"https:\/\/secure.gravatar.com\/avatar\/98b00a1c17dce21016b9ccce376ec821?s=96&d=mm&r=g","caption":"EFCformation"},"url":"https:\/\/www.efcformation.com\/reussite-efc\/author\/paindesjacobins\/"}]}},"_links":{"self":[{"href":"https:\/\/www.efcformation.com\/reussite-efc\/wp-json\/wp\/v2\/posts\/4110"}],"collection":[{"href":"https:\/\/www.efcformation.com\/reussite-efc\/wp-json\/wp\/v2\/posts"}],"about":[{"href":"https:\/\/www.efcformation.com\/reussite-efc\/wp-json\/wp\/v2\/types\/post"}],"author":[{"embeddable":true,"href":"https:\/\/www.efcformation.com\/reussite-efc\/wp-json\/wp\/v2\/users\/1"}],"replies":[{"embeddable":true,"href":"https:\/\/www.efcformation.com\/reussite-efc\/wp-json\/wp\/v2\/comments?post=4110"}],"version-history":[{"count":6,"href":"https:\/\/www.efcformation.com\/reussite-efc\/wp-json\/wp\/v2\/posts\/4110\/revisions"}],"predecessor-version":[{"id":4134,"href":"https:\/\/www.efcformation.com\/reussite-efc\/wp-json\/wp\/v2\/posts\/4110\/revisions\/4134"}],"wp:featuredmedia":[{"embeddable":true,"href":"https:\/\/www.efcformation.com\/reussite-efc\/wp-json\/wp\/v2\/media\/4142"}],"wp:attachment":[{"href":"https:\/\/www.efcformation.com\/reussite-efc\/wp-json\/wp\/v2\/media?parent=4110"}],"wp:term":[{"taxonomy":"category","embeddable":true,"href":"https:\/\/www.efcformation.com\/reussite-efc\/wp-json\/wp\/v2\/categories?post=4110"},{"taxonomy":"post_tag","embeddable":true,"href":"https:\/\/www.efcformation.com\/reussite-efc\/wp-json\/wp\/v2\/tags?post=4110"}],"curies":[{"name":"wp","href":"https:\/\/api.w.org\/{rel}","templated":true}]}}