{"id":4912,"date":"2024-05-22T15:40:47","date_gmt":"2024-05-22T13:40:47","guid":{"rendered":"https:\/\/www.efcformation.com\/reussite-efc\/?p=4912"},"modified":"2024-05-22T15:40:48","modified_gmt":"2024-05-22T13:40:48","slug":"interview-transformer-sa-carriere-avec-efcformation-le-temoignage-de-christelle-responsable-paie-et-administration-du-personnel","status":"publish","type":"post","link":"https:\/\/www.efcformation.com\/reussite-efc\/ressources-humaines\/interview-transformer-sa-carriere-avec-efcformation-le-temoignage-de-christelle-responsable-paie-et-administration-du-personnel\/","title":{"rendered":"[Interview] Transformer sa carri\u00e8re avec EFCformation : le t\u00e9moignage de Christelle, responsable paie et administration du personnel"},"content":{"rendered":"\n<p><em>En 2017, Christelle a opt\u00e9 pour la formation \u00e0 distance de gestionnaire de paie propos\u00e9e par l\u2019EFCformation. Aujourd\u2019hui, elle est responsable du service de paie de l\u2019entreprise dans laquelle elle travaille. D\u00e9couvrez son parcours.<\/em><\/p>\n\n\n\n<p><strong>Bonjour Christelle ! Nous sommes ravis de vous avoir pour cette interview. Pourriez-vous nous en dire davantage sur votre parcours ?<\/strong><\/p>\n\n\n\n<p>Je m\u2019appelle Christelle et j\u2019ai 36 ans. Mon parcours acad\u00e9mique avait commenc\u00e9 par une licence en Ressources Humaines que je n&rsquo;ai pas achev\u00e9e, mais qui m&rsquo;a ouvert les portes du monde de la paie. J&rsquo;ai rapidement r\u00e9alis\u00e9 que je manquais de bases solides, ce qui m&rsquo;a amen\u00e9e \u00e0 me tourner vers EFCformation pour acqu\u00e9rir les comp\u00e9tences n\u00e9cessaires.<\/p>\n\n\n\n<p><strong>Qu\u2019avez-vous pens\u00e9 de votre formation \u00e0 distance de gestionnaire de paie avec EFCformation ?<\/strong><\/p>\n\n\n\n<p>J\u2019ai choisi EFCformation pour son approche professionnelle et personnalis\u00e9e. Mon conseiller d\u2019\u00e9tude a vraiment \u00e9t\u00e9 \u00e0 l\u2019\u00e9coute de mon projet de formation. J&rsquo;ai commenc\u00e9 cette formation en 2017 et je l\u2019ai achev\u00e9e en juin 2023.<\/p>\n\n\n\n<p>La formation \u00e0 distance chez EFCformation m&rsquo;a permis de b\u00e9n\u00e9ficier d&rsquo;une approche p\u00e9dagogique mixte, utilisant \u00e0 la fois des supports classiques et num\u00e9riques. Cette flexibilit\u00e9 m&rsquo;a permis de poursuivre ma formation m\u00eame pendant les vacances, gr\u00e2ce \u00e0 l&rsquo;acc\u00e8s aux cours sur supports num\u00e9riques.&nbsp; Le logiciel de paie EPB utilis\u00e9 durant la formation est tr\u00e8s complet et similaire \u00e0 d&rsquo;autres logiciels professionnels du march\u00e9, ce qui facilite la transition vers le monde du travail.<\/p>\n\n\n\n<p>Les cours \u00e9taient parfaitement structur\u00e9s, alliant clart\u00e9 des explications et actualisation continue. J&rsquo;ai appr\u00e9ci\u00e9 l&rsquo;autonomie que cette m\u00e9thode d&rsquo;enseignement favorise, bien que cela requiert une discipline personnelle importante. Je recommande vivement cette formation \u00e0 ceux qui cherchent \u00e0 devenir des professionnels comp\u00e9tents et autonomes dans le domaine de la gestion de paie.&nbsp;<\/p>\n\n\n\n<p><strong>Pouvez-vous nous en dire plus sur votre parcours professionnel ? Qu&rsquo;est-ce qui vous pla\u00eet dans votre m\u00e9tier de gestionnaire de paie ?&nbsp;<\/strong><\/p>\n\n\n\n<p>Mon engagement et les comp\u00e9tences acquises pendant ma formation m&rsquo;ont permis d&rsquo;\u00eatre embauch\u00e9e en CDI avant m\u00eame l&rsquo;ach\u00e8vement de mes \u00e9tudes. La certification d\u2019EFCformation est un atout sur le march\u00e9 du travail. J&rsquo;ai pu renforcer mes acquis en poste, ce qui a \u00e9t\u00e9 une excellente premi\u00e8re immersion.<\/p>\n\n\n\n<p>Mon r\u00f4le ne se limite pas au calcul de bulletins de paie ; il implique \u00e9galement une veille juridique et sociale constante, ce qui rend ce travail \u00e0 la fois dynamique et passionnant.<\/p>\n\n\n\n<p>Apr\u00e8s un an en CDI, j&rsquo;ai \u00e9t\u00e9 promue responsable paie et administration du personnel. C\u2019est une grande fiert\u00e9 pour moi.&nbsp;<\/p>\n\n\n\n<p><strong>C\u2019est une belle mont\u00e9e en comp\u00e9tences ! Avez-vous des conseils pour nos \u00e9l\u00e8ves qui suivent actuellement une formation de gestionnaire ou qui envisagent de le faire ?<\/strong><\/p>\n\n\n\n<p>Pour ceux qui envisagent cette formation, soyez motiv\u00e9s et pr\u00eats \u00e0 vous investir pleinement. Les pr\u00e9requis sont essentiels pour tirer le meilleur parti de cette formation enrichissante.<\/p>\n\n\n\n<p><\/p>\n\n\n\n<p><em>Si vous \u00eates int\u00e9ress\u00e9 par une carri\u00e8re en tant que gestionnaire de paie, d\u00e9couvrez <a href=\"https:\/\/www.efcformation.com\/formations\/titre-professionnel-gestionnaire-de-paie\">notre formation \u00e0 distance<\/a>. Notre approche vous aidera \u00e0 atteindre vos objectifs, tout comme elle l&rsquo;a fait pour Christelle.<\/em><\/p>\n\n\n\n<p><\/p>\n","protected":false},"excerpt":{"rendered":"<p>En 2017, Christelle a opt\u00e9 pour la formation \u00e0 distance de gestionnaire de paie propos\u00e9e par l\u2019EFCformation. Aujourd\u2019hui, elle est responsable du service de paie de l\u2019entreprise dans laquelle elle travaille. D\u00e9couvrez son parcours. Bonjour Christelle ! Nous sommes ravis de vous avoir pour cette interview. Pourriez-vous nous en dire davantage sur votre parcours ? [&hellip;]<\/p>\n","protected":false},"author":1,"featured_media":4915,"comment_status":"open","ping_status":"open","sticky":false,"template":"","format":"standard","meta":[],"categories":[29,23],"tags":[],"yoast_head":"<!-- This site is optimized with the Yoast SEO plugin v19.5.1 - https:\/\/yoast.com\/wordpress\/plugins\/seo\/ -->\n<title>[Interview] Transformer sa carri\u00e8re avec EFCformation : le t\u00e9moignage de Christelle, responsable paie et administration du personnel - Reussite EFC Fomation - Le Blog EFC Formation<\/title>\n<meta name=\"robots\" content=\"index, follow, max-snippet:-1, max-image-preview:large, max-video-preview:-1\" \/>\n<link rel=\"canonical\" href=\"https:\/\/www.efcformation.com\/reussite-efc\/ressources-humaines\/interview-transformer-sa-carriere-avec-efcformation-le-temoignage-de-christelle-responsable-paie-et-administration-du-personnel\/\" \/>\n<meta property=\"og:locale\" content=\"fr_FR\" \/>\n<meta property=\"og:type\" content=\"article\" \/>\n<meta property=\"og:title\" content=\"[Interview] Transformer sa carri\u00e8re avec EFCformation : le t\u00e9moignage de Christelle, responsable paie et administration du personnel - Reussite EFC Fomation - Le Blog EFC Formation\" \/>\n<meta property=\"og:description\" content=\"En 2017, Christelle a opt\u00e9 pour la formation \u00e0 distance de gestionnaire de paie propos\u00e9e par l\u2019EFCformation. Aujourd\u2019hui, elle est responsable du service de paie de l\u2019entreprise dans laquelle elle travaille. D\u00e9couvrez son parcours. Bonjour Christelle ! Nous sommes ravis de vous avoir pour cette interview. Pourriez-vous nous en dire davantage sur votre parcours ? [&hellip;]\" \/>\n<meta property=\"og:url\" content=\"https:\/\/www.efcformation.com\/reussite-efc\/ressources-humaines\/interview-transformer-sa-carriere-avec-efcformation-le-temoignage-de-christelle-responsable-paie-et-administration-du-personnel\/\" \/>\n<meta property=\"og:site_name\" content=\"Reussite EFC Fomation - Le Blog EFC Formation\" \/>\n<meta property=\"article:published_time\" content=\"2024-05-22T13:40:47+00:00\" \/>\n<meta property=\"article:modified_time\" content=\"2024-05-22T13:40:48+00:00\" \/>\n<meta property=\"og:image\" content=\"https:\/\/www.efcformation.com\/reussite-efc\/wp-content\/uploads\/2024\/05\/video-eleves-interviews-christelle.jpg\" \/>\n\t<meta property=\"og:image:width\" content=\"1200\" \/>\n\t<meta property=\"og:image:height\" content=\"630\" \/>\n\t<meta property=\"og:image:type\" content=\"image\/jpeg\" \/>\n<meta name=\"author\" content=\"EFCformation\" \/>\n<meta name=\"twitter:card\" content=\"summary\" \/>\n<meta name=\"twitter:label1\" content=\"\u00c9crit par\" \/>\n\t<meta name=\"twitter:data1\" content=\"EFCformation\" \/>\n\t<meta name=\"twitter:label2\" content=\"Dur\u00e9e de lecture estim\u00e9e\" \/>\n\t<meta name=\"twitter:data2\" content=\"3 minutes\" \/>\n<script type=\"application\/ld+json\" class=\"yoast-schema-graph\">{\"@context\":\"https:\/\/schema.org\",\"@graph\":[{\"@type\":\"WebPage\",\"@id\":\"https:\/\/www.efcformation.com\/reussite-efc\/ressources-humaines\/interview-transformer-sa-carriere-avec-efcformation-le-temoignage-de-christelle-responsable-paie-et-administration-du-personnel\/\",\"url\":\"https:\/\/www.efcformation.com\/reussite-efc\/ressources-humaines\/interview-transformer-sa-carriere-avec-efcformation-le-temoignage-de-christelle-responsable-paie-et-administration-du-personnel\/\",\"name\":\"[Interview] Transformer sa carri\u00e8re avec EFCformation : le t\u00e9moignage de Christelle, responsable paie et administration du personnel - Reussite EFC Fomation - Le Blog EFC Formation\",\"isPartOf\":{\"@id\":\"https:\/\/www.efcformation.com\/reussite-efc\/#website\"},\"datePublished\":\"2024-05-22T13:40:47+00:00\",\"dateModified\":\"2024-05-22T13:40:48+00:00\",\"author\":{\"@id\":\"https:\/\/www.efcformation.com\/reussite-efc\/#\/schema\/person\/6263903b0179d0334456f7512d9d1430\"},\"breadcrumb\":{\"@id\":\"https:\/\/www.efcformation.com\/reussite-efc\/ressources-humaines\/interview-transformer-sa-carriere-avec-efcformation-le-temoignage-de-christelle-responsable-paie-et-administration-du-personnel\/#breadcrumb\"},\"inLanguage\":\"fr-FR\",\"potentialAction\":[{\"@type\":\"ReadAction\",\"target\":[\"https:\/\/www.efcformation.com\/reussite-efc\/ressources-humaines\/interview-transformer-sa-carriere-avec-efcformation-le-temoignage-de-christelle-responsable-paie-et-administration-du-personnel\/\"]}]},{\"@type\":\"BreadcrumbList\",\"@id\":\"https:\/\/www.efcformation.com\/reussite-efc\/ressources-humaines\/interview-transformer-sa-carriere-avec-efcformation-le-temoignage-de-christelle-responsable-paie-et-administration-du-personnel\/#breadcrumb\",\"itemListElement\":[{\"@type\":\"ListItem\",\"position\":1,\"name\":\"Accueil\",\"item\":\"https:\/\/www.efcformation.com\/reussite-efc\/\"},{\"@type\":\"ListItem\",\"position\":2,\"name\":\"[Interview] Transformer sa carri\u00e8re avec EFCformation : le t\u00e9moignage de Christelle, responsable paie et administration du personnel\"}]},{\"@type\":\"WebSite\",\"@id\":\"https:\/\/www.efcformation.com\/reussite-efc\/#website\",\"url\":\"https:\/\/www.efcformation.com\/reussite-efc\/\",\"name\":\"Reussite EFC Fomation - Le Blog EFC Formation\",\"description\":\"\",\"potentialAction\":[{\"@type\":\"SearchAction\",\"target\":{\"@type\":\"EntryPoint\",\"urlTemplate\":\"https:\/\/www.efcformation.com\/reussite-efc\/?s={search_term_string}\"},\"query-input\":\"required name=search_term_string\"}],\"inLanguage\":\"fr-FR\"},{\"@type\":\"Person\",\"@id\":\"https:\/\/www.efcformation.com\/reussite-efc\/#\/schema\/person\/6263903b0179d0334456f7512d9d1430\",\"name\":\"EFCformation\",\"image\":{\"@type\":\"ImageObject\",\"inLanguage\":\"fr-FR\",\"@id\":\"https:\/\/www.efcformation.com\/reussite-efc\/#\/schema\/person\/image\/\",\"url\":\"https:\/\/secure.gravatar.com\/avatar\/98b00a1c17dce21016b9ccce376ec821?s=96&d=mm&r=g\",\"contentUrl\":\"https:\/\/secure.gravatar.com\/avatar\/98b00a1c17dce21016b9ccce376ec821?s=96&d=mm&r=g\",\"caption\":\"EFCformation\"},\"url\":\"https:\/\/www.efcformation.com\/reussite-efc\/author\/paindesjacobins\/\"}]}<\/script>\n<!-- \/ Yoast SEO plugin. -->","yoast_head_json":{"title":"[Interview] Transformer sa carri\u00e8re avec EFCformation : le t\u00e9moignage de Christelle, responsable paie et administration du personnel - Reussite EFC Fomation - Le Blog EFC Formation","robots":{"index":"index","follow":"follow","max-snippet":"max-snippet:-1","max-image-preview":"max-image-preview:large","max-video-preview":"max-video-preview:-1"},"canonical":"https:\/\/www.efcformation.com\/reussite-efc\/ressources-humaines\/interview-transformer-sa-carriere-avec-efcformation-le-temoignage-de-christelle-responsable-paie-et-administration-du-personnel\/","og_locale":"fr_FR","og_type":"article","og_title":"[Interview] Transformer sa carri\u00e8re avec EFCformation : le t\u00e9moignage de Christelle, responsable paie et administration du personnel - Reussite EFC Fomation - Le Blog EFC Formation","og_description":"En 2017, Christelle a opt\u00e9 pour la formation \u00e0 distance de gestionnaire de paie propos\u00e9e par l\u2019EFCformation. Aujourd\u2019hui, elle est responsable du service de paie de l\u2019entreprise dans laquelle elle travaille. D\u00e9couvrez son parcours. Bonjour Christelle ! Nous sommes ravis de vous avoir pour cette interview. Pourriez-vous nous en dire davantage sur votre parcours ? [&hellip;]","og_url":"https:\/\/www.efcformation.com\/reussite-efc\/ressources-humaines\/interview-transformer-sa-carriere-avec-efcformation-le-temoignage-de-christelle-responsable-paie-et-administration-du-personnel\/","og_site_name":"Reussite EFC Fomation - Le Blog EFC Formation","article_published_time":"2024-05-22T13:40:47+00:00","article_modified_time":"2024-05-22T13:40:48+00:00","og_image":[{"width":1200,"height":630,"url":"https:\/\/www.efcformation.com\/reussite-efc\/wp-content\/uploads\/2024\/05\/video-eleves-interviews-christelle.jpg","type":"image\/jpeg"}],"author":"EFCformation","twitter_card":"summary","twitter_misc":{"\u00c9crit par":"EFCformation","Dur\u00e9e de lecture estim\u00e9e":"3 minutes"},"schema":{"@context":"https:\/\/schema.org","@graph":[{"@type":"WebPage","@id":"https:\/\/www.efcformation.com\/reussite-efc\/ressources-humaines\/interview-transformer-sa-carriere-avec-efcformation-le-temoignage-de-christelle-responsable-paie-et-administration-du-personnel\/","url":"https:\/\/www.efcformation.com\/reussite-efc\/ressources-humaines\/interview-transformer-sa-carriere-avec-efcformation-le-temoignage-de-christelle-responsable-paie-et-administration-du-personnel\/","name":"[Interview] Transformer sa carri\u00e8re avec EFCformation : le t\u00e9moignage de Christelle, responsable paie et administration du personnel - Reussite EFC Fomation - Le Blog EFC Formation","isPartOf":{"@id":"https:\/\/www.efcformation.com\/reussite-efc\/#website"},"datePublished":"2024-05-22T13:40:47+00:00","dateModified":"2024-05-22T13:40:48+00:00","author":{"@id":"https:\/\/www.efcformation.com\/reussite-efc\/#\/schema\/person\/6263903b0179d0334456f7512d9d1430"},"breadcrumb":{"@id":"https:\/\/www.efcformation.com\/reussite-efc\/ressources-humaines\/interview-transformer-sa-carriere-avec-efcformation-le-temoignage-de-christelle-responsable-paie-et-administration-du-personnel\/#breadcrumb"},"inLanguage":"fr-FR","potentialAction":[{"@type":"ReadAction","target":["https:\/\/www.efcformation.com\/reussite-efc\/ressources-humaines\/interview-transformer-sa-carriere-avec-efcformation-le-temoignage-de-christelle-responsable-paie-et-administration-du-personnel\/"]}]},{"@type":"BreadcrumbList","@id":"https:\/\/www.efcformation.com\/reussite-efc\/ressources-humaines\/interview-transformer-sa-carriere-avec-efcformation-le-temoignage-de-christelle-responsable-paie-et-administration-du-personnel\/#breadcrumb","itemListElement":[{"@type":"ListItem","position":1,"name":"Accueil","item":"https:\/\/www.efcformation.com\/reussite-efc\/"},{"@type":"ListItem","position":2,"name":"[Interview] Transformer sa carri\u00e8re avec EFCformation : le t\u00e9moignage de Christelle, responsable paie et administration du personnel"}]},{"@type":"WebSite","@id":"https:\/\/www.efcformation.com\/reussite-efc\/#website","url":"https:\/\/www.efcformation.com\/reussite-efc\/","name":"Reussite EFC Fomation - Le Blog EFC Formation","description":"","potentialAction":[{"@type":"SearchAction","target":{"@type":"EntryPoint","urlTemplate":"https:\/\/www.efcformation.com\/reussite-efc\/?s={search_term_string}"},"query-input":"required name=search_term_string"}],"inLanguage":"fr-FR"},{"@type":"Person","@id":"https:\/\/www.efcformation.com\/reussite-efc\/#\/schema\/person\/6263903b0179d0334456f7512d9d1430","name":"EFCformation","image":{"@type":"ImageObject","inLanguage":"fr-FR","@id":"https:\/\/www.efcformation.com\/reussite-efc\/#\/schema\/person\/image\/","url":"https:\/\/secure.gravatar.com\/avatar\/98b00a1c17dce21016b9ccce376ec821?s=96&d=mm&r=g","contentUrl":"https:\/\/secure.gravatar.com\/avatar\/98b00a1c17dce21016b9ccce376ec821?s=96&d=mm&r=g","caption":"EFCformation"},"url":"https:\/\/www.efcformation.com\/reussite-efc\/author\/paindesjacobins\/"}]}},"_links":{"self":[{"href":"https:\/\/www.efcformation.com\/reussite-efc\/wp-json\/wp\/v2\/posts\/4912"}],"collection":[{"href":"https:\/\/www.efcformation.com\/reussite-efc\/wp-json\/wp\/v2\/posts"}],"about":[{"href":"https:\/\/www.efcformation.com\/reussite-efc\/wp-json\/wp\/v2\/types\/post"}],"author":[{"embeddable":true,"href":"https:\/\/www.efcformation.com\/reussite-efc\/wp-json\/wp\/v2\/users\/1"}],"replies":[{"embeddable":true,"href":"https:\/\/www.efcformation.com\/reussite-efc\/wp-json\/wp\/v2\/comments?post=4912"}],"version-history":[{"count":3,"href":"https:\/\/www.efcformation.com\/reussite-efc\/wp-json\/wp\/v2\/posts\/4912\/revisions"}],"predecessor-version":[{"id":5037,"href":"https:\/\/www.efcformation.com\/reussite-efc\/wp-json\/wp\/v2\/posts\/4912\/revisions\/5037"}],"wp:featuredmedia":[{"embeddable":true,"href":"https:\/\/www.efcformation.com\/reussite-efc\/wp-json\/wp\/v2\/media\/4915"}],"wp:attachment":[{"href":"https:\/\/www.efcformation.com\/reussite-efc\/wp-json\/wp\/v2\/media?parent=4912"}],"wp:term":[{"taxonomy":"category","embeddable":true,"href":"https:\/\/www.efcformation.com\/reussite-efc\/wp-json\/wp\/v2\/categories?post=4912"},{"taxonomy":"post_tag","embeddable":true,"href":"https:\/\/www.efcformation.com\/reussite-efc\/wp-json\/wp\/v2\/tags?post=4912"}],"curies":[{"name":"wp","href":"https:\/\/api.w.org\/{rel}","templated":true}]}}