{"id":5381,"date":"2024-11-18T12:14:06","date_gmt":"2024-11-18T11:14:06","guid":{"rendered":"https:\/\/www.efcformation.com\/reussite-efc\/?p=5381"},"modified":"2024-11-18T13:51:33","modified_gmt":"2024-11-18T12:51:33","slug":"myriam-eleve-de-lefc-formation-formation-juriste-dentreprise","status":"publish","type":"post","link":"https:\/\/www.efcformation.com\/reussite-efc\/juridique\/myriam-eleve-de-lefc-formation-formation-juriste-dentreprise\/","title":{"rendered":"Myriam, \u00e9l\u00e8ve de l&rsquo;EFC Formation &#8211; Formation Juriste d&rsquo;entreprise."},"content":{"rendered":"\n<figure class=\"wp-block-image size-full is-resized\"><img loading=\"lazy\" src=\"https:\/\/www.efcformation.com\/reussite-efc\/wp-content\/uploads\/2024\/11\/myriam-ok.jpg\" alt=\"\" class=\"wp-image-5413\" width=\"128\" height=\"198\" srcset=\"https:\/\/www.efcformation.com\/reussite-efc\/wp-content\/uploads\/2024\/11\/myriam-ok.jpg 200w, https:\/\/www.efcformation.com\/reussite-efc\/wp-content\/uploads\/2024\/11\/myriam-ok-194x300.jpg 194w\" sizes=\"(max-width: 128px) 100vw, 128px\" \/><figcaption>Myriam, forte d\u2019une exp\u00e9rience en assistance juridique et en affaires juridiques, suit actuellement une formation \u00e0 distance avec l\u2019EFC pour \u00e9largir ses comp\u00e9tences et relever de nouveaux d\u00e9fis professionnels. D\u00e9couvrez son parcours ! <\/figcaption><\/figure>\n\n\n\n<blockquote class=\"wp-block-quote\"><p>Pour ce qui est de l\u2019avenir, il ne s\u2019agit pas de le pr\u00e9voir, mais de le rendre possible !<\/p><\/blockquote>\n\n\n\n<p><strong>Myriam, pour commencer, pourriez-vous nous parler un peu de votre parcours professionnel ?<\/strong><\/p>\n\n\n\n<p>Apr\u00e8s sept ans d\u2019exp\u00e9rience en tant qu\u2019assistante de direction, j\u2019ai choisi de me r\u00e9orienter vers mon domaine de pr\u00e9dilection, le droit.&nbsp;J\u2019ai ainsi acquis trois ans d\u2019exp\u00e9rience en tant qu\u2019assistante juridique dans un cabinet d\u2019avocats, puis bient\u00f4t quatre ans dans un bureau de contr\u00f4le au sein de la Direction des affaires juridiques et contentieuses (DAJC), o\u00f9 j\u2019exerce actuellement.<\/p>\n\n\n\n<p><strong>Pourquoi avoir choisi une formation \u00e0 distance, et pourquoi l\u2019EFC en particulier ?<\/strong><\/p>\n\n\n\n<p>J&rsquo;ai compar\u00e9 plusieurs centres de formation, et l\u2019EFC m\u2019a v\u00e9ritablement convaincue. La formation \u00e0 distance me permet de concilier ma vie professionnelle et familiale, surtout maintenant que ma fille a huit ans. Cela me donne la <strong>flexibilit\u00e9<\/strong> d&rsquo;\u00e9tudier le soir et le week-end.<\/p>\n\n\n\n<p><strong>Quelle est votre motivation \u00e0 suivre cette formation de juriste d&rsquo;entreprise ?<\/strong><\/p>\n\n\n\n<p>Je souhaite me sp\u00e9cialiser et acqu\u00e9rir de nouvelles comp\u00e9tences. Pour moi, cela repr\u00e9sente \u00e0 la fois un accomplissement personnel et professionnel. En approfondissant mes connaissances, je peux non seulement enrichir mon expertise dans le domaine juridique, mais aussi me rendre plus apte \u00e0 r\u00e9pondre \u00e0 certaines situations. Cette formation me permettra d&rsquo;affirmer ma l\u00e9gitimit\u00e9 et d&rsquo;\u00e9largir mes perspectives de carri\u00e8re. En fin de compte, cela me motive \u00e0 relever de nouveaux d\u00e9fis.&nbsp;<\/p>\n\n\n\n<p><strong>Que pensez-vous du programme de formation et des modules ?<\/strong><\/p>\n\n\n\n<p>Les modules sont tr\u00e8s <strong>clairs <\/strong>et bien <strong>structur\u00e9s<\/strong>, chaque chapitre apporte un v\u00e9ritable int\u00e9r\u00eat \u00a0pour la suite.\u00a0Ma formation touche a sa fin et\u00a0j\u2019ai d\u00e9j\u00e0 constat\u00e9 une nette progression dans ma compr\u00e9hension , notamment en droit des soci\u00e9t\u00e9s et en droit social.<\/p>\n\n\n\n<p><strong>Comment cette formation vous a-t-elle aid\u00e9e \u00e0 approfondir vos connaissances dans vos missions ?<\/strong><\/p>\n\n\n\n<p>Cette formation m\u2019a permis d\u2019acqu\u00e9rir des <strong>outils m\u00e9thodologiques <\/strong>et une analyse plus pr\u00e9cise. J&rsquo;ai pu\u00a0consolider mes connaissances et aborder en profondeur des notions que je connaissais d\u00e9j\u00e0.\u00a0Cela me conf\u00e8re \u00e0 une meilleure perception des enjeux juridiques.\u00a0<\/p>\n\n\n\n<p><strong>Un mot sur les professeurs et les supports p\u00e9dagogiques ?<\/strong><\/p>\n\n\n\n<p>Les professeurs sont vraiment g\u00e9niaux ! Ils sont <strong>disponibles,<\/strong> <strong>compr\u00e9hensifs<\/strong> et \u00e0 l\u2019<strong>\u00e9coute des \u00e9l\u00e8ves<\/strong>, ce qui rend l\u2019apprentissage beaucoup plus agr\u00e9able.<\/p>\n\n\n\n<p><strong>Quelles sont les qualit\u00e9s essentielles pour r\u00e9ussir dans le domaine juridique ?<\/strong><\/p>\n\n\n\n<p>Pour r\u00e9ussir dans le domaine juridique, il est essentiel de faire preuve de <strong>rigueur,<\/strong> d\u2019\u00eatre <strong>passionn\u00e9<\/strong> par le droit, de poss\u00e9der un <strong>bon esprit d\u2019analyse<\/strong> et d\u2019agir avec <strong>int\u00e9grit\u00e9<\/strong> . Il est \u00e9galement fondamental d\u2019avoir un sens aigu de l\u2019<strong>\u00e9thique <\/strong>afin d\u2019inspirer <strong>confiance <\/strong>et <strong>cr\u00e9dibilit\u00e9.\u00a0<\/strong><\/p>\n\n\n\n<p><strong>Comment envisagez-vous l\u2019avenir ?<\/strong><\/p>\n\n\n\n<p>La vie est marqu\u00e9e par l\u2019incertitude. Il&nbsp;est donc imp\u00e9ratif de s\u2019y pr\u00e9parer, de se pr\u00e9munir contre l\u2019impr\u00e9visible et de savoir rebondir &nbsp;face aux difficult\u00e9s car l\u2019avenir reste par nature insondable. Il s\u2019illumine d\u2019optimisme&nbsp;d\u00e9s que l\u2019on d\u00e9ploie les moyens n\u00e9cessaires&nbsp;pour surmonter les \u00e9preuves qui jalonnent notre chemin. En alliant discipline et clairvoyance, et en adoptant une d\u00e9marche proactive, chaque obstacle peut devenir une occasion de progresser. Il est primordial de s\u00e9lectionner judicieusement les domaines ou investir son \u00e9nergie &nbsp;et d\u2019y parfaire ses comp\u00e9tences. Il&nbsp;va sans dire que j\u2019ai l\u2019intention de continuer \u00e0 me former car&nbsp;notre richesse d\u00e9coule de nos connaissances.&nbsp;Comme l\u2019a si bien exprim\u00e9 Antoine de Saint-Exup\u00e9ry : <strong>\u00ab Pour ce qui est de l\u2019avenir, il ne s\u2019agit pas de le pr\u00e9voir, mais de le rendre possible. \u00bb<\/strong><\/p>\n","protected":false},"excerpt":{"rendered":"<p>Pour ce qui est de l\u2019avenir, il ne s\u2019agit pas de le pr\u00e9voir, mais de le rendre possible ! Myriam, pour commencer, pourriez-vous nous parler un peu de votre parcours professionnel ? Apr\u00e8s sept ans d\u2019exp\u00e9rience en tant qu\u2019assistante de direction, j\u2019ai choisi de me r\u00e9orienter vers mon domaine de pr\u00e9dilection, le droit.&nbsp;J\u2019ai ainsi acquis [&hellip;]<\/p>\n","protected":false},"author":1,"featured_media":0,"comment_status":"open","ping_status":"open","sticky":false,"template":"","format":"standard","meta":[],"categories":[18,20],"tags":[],"yoast_head":"<!-- This site is optimized with the Yoast SEO plugin v19.5.1 - https:\/\/yoast.com\/wordpress\/plugins\/seo\/ -->\n<title>Myriam, \u00e9l\u00e8ve de l&#039;EFC Formation - Formation Juriste d&#039;entreprise. - Reussite EFC Fomation - Le Blog EFC Formation<\/title>\n<meta name=\"description\" content=\"Myriam suit actuellement une formation \u00e0 distance de juriste d&#039;entreprise avec l\u2019EFC pour \u00e9largir ses comp\u00e9tences en droit et relever de nouveaux d\u00e9fis professionnels.\" \/>\n<meta name=\"robots\" content=\"index, follow, max-snippet:-1, max-image-preview:large, max-video-preview:-1\" \/>\n<link rel=\"canonical\" href=\"https:\/\/www.efcformation.com\/reussite-efc\/juridique\/myriam-eleve-de-lefc-formation-formation-juriste-dentreprise\/\" \/>\n<meta property=\"og:locale\" content=\"fr_FR\" \/>\n<meta property=\"og:type\" content=\"article\" \/>\n<meta property=\"og:title\" content=\"Myriam, \u00e9l\u00e8ve de l&#039;EFC Formation - Formation Juriste d&#039;entreprise. - Reussite EFC Fomation - Le Blog EFC Formation\" \/>\n<meta property=\"og:description\" content=\"Myriam suit actuellement une formation \u00e0 distance de juriste d&#039;entreprise avec l\u2019EFC pour \u00e9largir ses comp\u00e9tences en droit et relever de nouveaux d\u00e9fis professionnels.\" \/>\n<meta property=\"og:url\" content=\"https:\/\/www.efcformation.com\/reussite-efc\/juridique\/myriam-eleve-de-lefc-formation-formation-juriste-dentreprise\/\" \/>\n<meta property=\"og:site_name\" content=\"Reussite EFC Fomation - Le Blog EFC Formation\" \/>\n<meta property=\"article:published_time\" content=\"2024-11-18T11:14:06+00:00\" \/>\n<meta property=\"article:modified_time\" content=\"2024-11-18T12:51:33+00:00\" \/>\n<meta property=\"og:image\" content=\"https:\/\/www.efcformation.com\/reussite-efc\/wp-content\/uploads\/2024\/11\/myriam-ok.jpg\" \/>\n<meta name=\"author\" content=\"EFCformation\" \/>\n<meta name=\"twitter:card\" content=\"summary\" \/>\n<meta name=\"twitter:label1\" content=\"\u00c9crit par\" \/>\n\t<meta name=\"twitter:data1\" content=\"EFCformation\" \/>\n\t<meta name=\"twitter:label2\" content=\"Dur\u00e9e de lecture estim\u00e9e\" \/>\n\t<meta name=\"twitter:data2\" content=\"4 minutes\" \/>\n<script type=\"application\/ld+json\" class=\"yoast-schema-graph\">{\"@context\":\"https:\/\/schema.org\",\"@graph\":[{\"@type\":\"WebPage\",\"@id\":\"https:\/\/www.efcformation.com\/reussite-efc\/juridique\/myriam-eleve-de-lefc-formation-formation-juriste-dentreprise\/\",\"url\":\"https:\/\/www.efcformation.com\/reussite-efc\/juridique\/myriam-eleve-de-lefc-formation-formation-juriste-dentreprise\/\",\"name\":\"Myriam, \u00e9l\u00e8ve de l'EFC Formation - Formation Juriste d'entreprise. - Reussite EFC Fomation - Le Blog EFC Formation\",\"isPartOf\":{\"@id\":\"https:\/\/www.efcformation.com\/reussite-efc\/#website\"},\"datePublished\":\"2024-11-18T11:14:06+00:00\",\"dateModified\":\"2024-11-18T12:51:33+00:00\",\"author\":{\"@id\":\"https:\/\/www.efcformation.com\/reussite-efc\/#\/schema\/person\/6263903b0179d0334456f7512d9d1430\"},\"description\":\"Myriam suit actuellement une formation \u00e0 distance de juriste d'entreprise avec l\u2019EFC pour \u00e9largir ses comp\u00e9tences en droit et relever de nouveaux d\u00e9fis professionnels.\",\"breadcrumb\":{\"@id\":\"https:\/\/www.efcformation.com\/reussite-efc\/juridique\/myriam-eleve-de-lefc-formation-formation-juriste-dentreprise\/#breadcrumb\"},\"inLanguage\":\"fr-FR\",\"potentialAction\":[{\"@type\":\"ReadAction\",\"target\":[\"https:\/\/www.efcformation.com\/reussite-efc\/juridique\/myriam-eleve-de-lefc-formation-formation-juriste-dentreprise\/\"]}]},{\"@type\":\"BreadcrumbList\",\"@id\":\"https:\/\/www.efcformation.com\/reussite-efc\/juridique\/myriam-eleve-de-lefc-formation-formation-juriste-dentreprise\/#breadcrumb\",\"itemListElement\":[{\"@type\":\"ListItem\",\"position\":1,\"name\":\"Accueil\",\"item\":\"https:\/\/www.efcformation.com\/reussite-efc\/\"},{\"@type\":\"ListItem\",\"position\":2,\"name\":\"Myriam, \u00e9l\u00e8ve de l&rsquo;EFC Formation &#8211; Formation Juriste d&rsquo;entreprise.\"}]},{\"@type\":\"WebSite\",\"@id\":\"https:\/\/www.efcformation.com\/reussite-efc\/#website\",\"url\":\"https:\/\/www.efcformation.com\/reussite-efc\/\",\"name\":\"Reussite EFC Fomation - Le Blog EFC Formation\",\"description\":\"\",\"potentialAction\":[{\"@type\":\"SearchAction\",\"target\":{\"@type\":\"EntryPoint\",\"urlTemplate\":\"https:\/\/www.efcformation.com\/reussite-efc\/?s={search_term_string}\"},\"query-input\":\"required name=search_term_string\"}],\"inLanguage\":\"fr-FR\"},{\"@type\":\"Person\",\"@id\":\"https:\/\/www.efcformation.com\/reussite-efc\/#\/schema\/person\/6263903b0179d0334456f7512d9d1430\",\"name\":\"EFCformation\",\"image\":{\"@type\":\"ImageObject\",\"inLanguage\":\"fr-FR\",\"@id\":\"https:\/\/www.efcformation.com\/reussite-efc\/#\/schema\/person\/image\/\",\"url\":\"https:\/\/secure.gravatar.com\/avatar\/98b00a1c17dce21016b9ccce376ec821?s=96&d=mm&r=g\",\"contentUrl\":\"https:\/\/secure.gravatar.com\/avatar\/98b00a1c17dce21016b9ccce376ec821?s=96&d=mm&r=g\",\"caption\":\"EFCformation\"},\"url\":\"https:\/\/www.efcformation.com\/reussite-efc\/author\/paindesjacobins\/\"}]}<\/script>\n<!-- \/ Yoast SEO plugin. -->","yoast_head_json":{"title":"Myriam, \u00e9l\u00e8ve de l'EFC Formation - Formation Juriste d'entreprise. - Reussite EFC Fomation - Le Blog EFC Formation","description":"Myriam suit actuellement une formation \u00e0 distance de juriste d'entreprise avec l\u2019EFC pour \u00e9largir ses comp\u00e9tences en droit et relever de nouveaux d\u00e9fis professionnels.","robots":{"index":"index","follow":"follow","max-snippet":"max-snippet:-1","max-image-preview":"max-image-preview:large","max-video-preview":"max-video-preview:-1"},"canonical":"https:\/\/www.efcformation.com\/reussite-efc\/juridique\/myriam-eleve-de-lefc-formation-formation-juriste-dentreprise\/","og_locale":"fr_FR","og_type":"article","og_title":"Myriam, \u00e9l\u00e8ve de l'EFC Formation - Formation Juriste d'entreprise. - Reussite EFC Fomation - Le Blog EFC Formation","og_description":"Myriam suit actuellement une formation \u00e0 distance de juriste d'entreprise avec l\u2019EFC pour \u00e9largir ses comp\u00e9tences en droit et relever de nouveaux d\u00e9fis professionnels.","og_url":"https:\/\/www.efcformation.com\/reussite-efc\/juridique\/myriam-eleve-de-lefc-formation-formation-juriste-dentreprise\/","og_site_name":"Reussite EFC Fomation - Le Blog EFC Formation","article_published_time":"2024-11-18T11:14:06+00:00","article_modified_time":"2024-11-18T12:51:33+00:00","og_image":[{"url":"https:\/\/www.efcformation.com\/reussite-efc\/wp-content\/uploads\/2024\/11\/myriam-ok.jpg"}],"author":"EFCformation","twitter_card":"summary","twitter_misc":{"\u00c9crit par":"EFCformation","Dur\u00e9e de lecture estim\u00e9e":"4 minutes"},"schema":{"@context":"https:\/\/schema.org","@graph":[{"@type":"WebPage","@id":"https:\/\/www.efcformation.com\/reussite-efc\/juridique\/myriam-eleve-de-lefc-formation-formation-juriste-dentreprise\/","url":"https:\/\/www.efcformation.com\/reussite-efc\/juridique\/myriam-eleve-de-lefc-formation-formation-juriste-dentreprise\/","name":"Myriam, \u00e9l\u00e8ve de l'EFC Formation - Formation Juriste d'entreprise. - Reussite EFC Fomation - Le Blog EFC Formation","isPartOf":{"@id":"https:\/\/www.efcformation.com\/reussite-efc\/#website"},"datePublished":"2024-11-18T11:14:06+00:00","dateModified":"2024-11-18T12:51:33+00:00","author":{"@id":"https:\/\/www.efcformation.com\/reussite-efc\/#\/schema\/person\/6263903b0179d0334456f7512d9d1430"},"description":"Myriam suit actuellement une formation \u00e0 distance de juriste d'entreprise avec l\u2019EFC pour \u00e9largir ses comp\u00e9tences en droit et relever de nouveaux d\u00e9fis professionnels.","breadcrumb":{"@id":"https:\/\/www.efcformation.com\/reussite-efc\/juridique\/myriam-eleve-de-lefc-formation-formation-juriste-dentreprise\/#breadcrumb"},"inLanguage":"fr-FR","potentialAction":[{"@type":"ReadAction","target":["https:\/\/www.efcformation.com\/reussite-efc\/juridique\/myriam-eleve-de-lefc-formation-formation-juriste-dentreprise\/"]}]},{"@type":"BreadcrumbList","@id":"https:\/\/www.efcformation.com\/reussite-efc\/juridique\/myriam-eleve-de-lefc-formation-formation-juriste-dentreprise\/#breadcrumb","itemListElement":[{"@type":"ListItem","position":1,"name":"Accueil","item":"https:\/\/www.efcformation.com\/reussite-efc\/"},{"@type":"ListItem","position":2,"name":"Myriam, \u00e9l\u00e8ve de l&rsquo;EFC Formation &#8211; Formation Juriste d&rsquo;entreprise."}]},{"@type":"WebSite","@id":"https:\/\/www.efcformation.com\/reussite-efc\/#website","url":"https:\/\/www.efcformation.com\/reussite-efc\/","name":"Reussite EFC Fomation - Le Blog EFC Formation","description":"","potentialAction":[{"@type":"SearchAction","target":{"@type":"EntryPoint","urlTemplate":"https:\/\/www.efcformation.com\/reussite-efc\/?s={search_term_string}"},"query-input":"required name=search_term_string"}],"inLanguage":"fr-FR"},{"@type":"Person","@id":"https:\/\/www.efcformation.com\/reussite-efc\/#\/schema\/person\/6263903b0179d0334456f7512d9d1430","name":"EFCformation","image":{"@type":"ImageObject","inLanguage":"fr-FR","@id":"https:\/\/www.efcformation.com\/reussite-efc\/#\/schema\/person\/image\/","url":"https:\/\/secure.gravatar.com\/avatar\/98b00a1c17dce21016b9ccce376ec821?s=96&d=mm&r=g","contentUrl":"https:\/\/secure.gravatar.com\/avatar\/98b00a1c17dce21016b9ccce376ec821?s=96&d=mm&r=g","caption":"EFCformation"},"url":"https:\/\/www.efcformation.com\/reussite-efc\/author\/paindesjacobins\/"}]}},"_links":{"self":[{"href":"https:\/\/www.efcformation.com\/reussite-efc\/wp-json\/wp\/v2\/posts\/5381"}],"collection":[{"href":"https:\/\/www.efcformation.com\/reussite-efc\/wp-json\/wp\/v2\/posts"}],"about":[{"href":"https:\/\/www.efcformation.com\/reussite-efc\/wp-json\/wp\/v2\/types\/post"}],"author":[{"embeddable":true,"href":"https:\/\/www.efcformation.com\/reussite-efc\/wp-json\/wp\/v2\/users\/1"}],"replies":[{"embeddable":true,"href":"https:\/\/www.efcformation.com\/reussite-efc\/wp-json\/wp\/v2\/comments?post=5381"}],"version-history":[{"count":16,"href":"https:\/\/www.efcformation.com\/reussite-efc\/wp-json\/wp\/v2\/posts\/5381\/revisions"}],"predecessor-version":[{"id":5465,"href":"https:\/\/www.efcformation.com\/reussite-efc\/wp-json\/wp\/v2\/posts\/5381\/revisions\/5465"}],"wp:attachment":[{"href":"https:\/\/www.efcformation.com\/reussite-efc\/wp-json\/wp\/v2\/media?parent=5381"}],"wp:term":[{"taxonomy":"category","embeddable":true,"href":"https:\/\/www.efcformation.com\/reussite-efc\/wp-json\/wp\/v2\/categories?post=5381"},{"taxonomy":"post_tag","embeddable":true,"href":"https:\/\/www.efcformation.com\/reussite-efc\/wp-json\/wp\/v2\/tags?post=5381"}],"curies":[{"name":"wp","href":"https:\/\/api.w.org\/{rel}","templated":true}]}}