{"id":5449,"date":"2024-12-20T17:52:00","date_gmt":"2024-12-20T16:52:00","guid":{"rendered":"https:\/\/www.efcformation.com\/reussite-efc\/?p=5449"},"modified":"2025-10-27T20:17:41","modified_gmt":"2025-10-27T19:17:41","slug":"gestion-des-ressources-humaines","status":"publish","type":"post","link":"https:\/\/www.efcformation.com\/reussite-efc\/ressources-humaines\/gestion-des-ressources-humaines\/","title":{"rendered":"Qu&rsquo;est-ce que la gestion des ressources humaines ?"},"content":{"rendered":"\n<p>La <strong>gestion des ressources humaines (GRH) <\/strong>est au c\u0153ur des pr\u00e9occupations des entreprises modernes. Dans un monde en constante \u00e9volution, marqu\u00e9 par la transformation digitale, la \u00ab\u00a0guerre des talents\u00a0\u00bb et une attention accrue port\u00e9e au bien-\u00eatre au travail, comprendre et ma\u00eetriser la GRH est devenu indispensable.<\/p>\n\n\n\n<p>Comment attirer les meilleurs profils ? Comment favoriser l&rsquo;\u00e9panouissement des employ\u00e9s tout en atteignant les objectifs strat\u00e9giques ? Plus qu&rsquo;une simple fonction administrative, la GRH est un levier strat\u00e9gique qui influence directement la performance et la p\u00e9rennit\u00e9 des organisations. EFC Formation vous propose ici d&rsquo;explorer les multiples facettes de la gestion des ressources humaines et de d\u00e9couvrir pourquoi elle est plus que jamais un enjeu majeur pour les entreprises d&rsquo;aujourd&rsquo;hui.<\/p>\n\n\n\n<h2><mark style=\"background-color:rgba(0, 0, 0, 0);color:#0f1555\" class=\"has-inline-color\">\u00c0 retenir sur la <\/mark><mark style=\"background-color:rgba(0, 0, 0, 0);color:#ff7e00\" class=\"has-inline-color\">gestion des ressources humaines<\/mark><\/h2>\n\n\n\n<ul><li><strong>D\u00e9finition :<\/strong> la gestion des ressources humaines (GRH) englobe l\u2019ensemble des pratiques visant \u00e0 recruter, d\u00e9velopper et retenir les talents tout en alignant les objectifs des employ\u00e9s avec ceux de l\u2019entreprise.<\/li><li><strong>Missions cl\u00e9s<\/strong> :<ul><li><strong>Recrutement<\/strong> : identifier et int\u00e9grer les meilleurs profils adapt\u00e9s \u00e0 la culture et aux besoins de l\u2019entreprise.<\/li><li><strong>R\u00e9mun\u00e9ration<\/strong> : offrir une politique salariale attractive et \u00e9quitable.<\/li><li><strong>D\u00e9veloppement<\/strong> : former et accompagner les collaborateurs pour am\u00e9liorer leurs comp\u00e9tences et leur \u00e9panouissement.<\/li><li><strong>Qualit\u00e9 de vie au travail<\/strong> : promouvoir un environnement de travail sain et motivant.<\/li><\/ul><\/li><li><strong>Enjeux strat\u00e9giques<\/strong> : la GRH joue un r\u00f4le crucial dans la performance globale des entreprises en s\u2019alignant avec leurs objectifs strat\u00e9giques et en anticipant les \u00e9volutions du march\u00e9.<\/li><\/ul>\n\n\n\n<h2><mark style=\"background-color:rgba(0, 0, 0, 0);color:#0f1555\" class=\"has-inline-color\">Les principales missions de la <\/mark><mark style=\"background-color:rgba(0, 0, 0, 0);color:#ff7e00\" class=\"has-inline-color\">gestion des ressources humaines<\/mark><\/h2>\n\n\n\n<h3>Recrutement<\/h3>\n\n\n\n<p>L&rsquo;une des t\u00e2ches les plus \u00e9videntes et cruciales de la GRH est le <strong>recrutement<\/strong>. La recherche et la s\u00e9lection des bons candidats pour occuper les postes vacants dans l&rsquo;entreprise demandent une strat\u00e9gie bien d\u00e9finie. Il faut non seulement trouver des personnes qualifi\u00e9es mais aussi s&rsquo;assurer qu&rsquo;elles correspondent \u00e0 la culture de l&rsquo;entreprise.<\/p>\n\n\n\n<p>Le processus de recrutement comprend plusieurs \u00e9tapes&nbsp;:<\/p>\n\n\n\n<ul><li>La d\u00e9finition du profil recherch\u00e9<\/li><li>La r\u00e9daction et la diffusion des offres d&#8217;emploi<\/li><li>La pr\u00e9s\u00e9lection des candidatures<\/li><li>Les entretiens physiques ou virtuels<\/li><li>La d\u00e9cision finale et l&rsquo;int\u00e9gration du nouveau collaborateur<\/li><\/ul>\n\n\n\n<p>\u00c0 chaque \u00e9tape, il est important de suivre une <strong>politique RH<\/strong> adapt\u00e9e pour \u00e9viter les erreurs de casting qui peuvent co\u00fbter cher \u00e0 long terme.<\/p>\n\n\n\n<h3>R\u00e9mun\u00e9ration et avantages sociaux<\/h3>\n\n\n\n<p>Une autre composante cl\u00e9 de la gestion des ressources humaines est la <strong>r\u00e9mun\u00e9ration<\/strong>. Cela inclut les salaires de base, mais pas uniquement. Il faut aussi prendre en compte les divers avantages sociaux tels que les primes, les bonus, les cong\u00e9s pay\u00e9s, et autres b\u00e9n\u00e9fices.<\/p>\n\n\n\n<p>Pour \u00e9tablir une politique de r\u00e9mun\u00e9ration efficace, plusieurs facteurs doivent \u00eatre pris en consid\u00e9ration :<\/p>\n\n\n\n<ul><li>Le positionnement de l&rsquo;entreprise sur le march\u00e9<\/li><li>La comp\u00e9titivit\u00e9 des salaires par rapport aux autres entreprises du m\u00eame secteur<\/li><li>Les comp\u00e9tences sociales et organisationnelles des employ\u00e9s<\/li><li>L&rsquo;\u00e9quit\u00e9 interne pour \u00e9viter les frustrations et les conflits<\/li><\/ul>\n\n\n<div class=\"wp-block-image\">\n<figure class=\"aligncenter size-full\"><img loading=\"lazy\" width=\"750\" height=\"300\" src=\"https:\/\/www.efcformation.com\/reussite-efc\/wp-content\/uploads\/2024\/11\/gestion-ressources-humaines.jpg\" alt=\"trois personnes discutant autour d'un bureau au travail\" class=\"wp-image-5451\" srcset=\"https:\/\/www.efcformation.com\/reussite-efc\/wp-content\/uploads\/2024\/11\/gestion-ressources-humaines.jpg 750w, https:\/\/www.efcformation.com\/reussite-efc\/wp-content\/uploads\/2024\/11\/gestion-ressources-humaines-300x120.jpg 300w\" sizes=\"(max-width: 750px) 100vw, 750px\" \/><\/figure><\/div>\n\n\n<h3>D\u00e9veloppement des ressources humaines<\/h3>\n\n\n\n<p>Le <strong>d\u00e9veloppement des ressources humaines<\/strong> est une mission cruciale qui englobe plusieurs actions visant \u00e0 am\u00e9liorer les performances et la satisfaction des employ\u00e9s. Cela peut inclure des programmes de formation continue, des opportunit\u00e9s de carri\u00e8re et des \u00e9valuations r\u00e9guli\u00e8res.<\/p>\n\n\n\n<p>Investir dans le d\u00e9veloppement des comp\u00e9tences professionnelles et personnelles de ses employ\u00e9s est indispensable non seulement pour leur satisfaction au travail mais aussi pour la <strong>strat\u00e9gie de l&rsquo;entreprise<\/strong> \u00e0 long terme.<\/p>\n\n\n\n<h3>Qualit\u00e9 de vie au travail (QVT)<\/h3>\n\n\n\n<p>La <strong>qualit\u00e9 de vie au travail<\/strong> est devenue une priorit\u00e9 pour beaucoup d&rsquo;entreprises modernes. Un bon environnement de travail contribue \u00e0 la productivit\u00e9 et \u00e0 la r\u00e9tention des talents. La gestion des ressources humaines doit donc s&rsquo;attacher \u00e0 promouvoir une atmosph\u00e8re de travail positive et \u00e9quilibr\u00e9e.<\/p>\n\n\n\n<p>Ceci peut se faire \u00e0 travers diff\u00e9rentes initiatives :<\/p>\n\n\n\n<ul><li>Des conditions de travail flexibles (t\u00e9l\u00e9travail, horaires am\u00e9nag\u00e9s)<\/li><li>Des programmes de bien-\u00eatre (sport, nutrition, relaxation)<\/li><li>Un \u00e9quilibre entre vie professionnelle et personnelle<\/li><li>La reconnaissance et la valorisation des efforts accomplis<\/li><\/ul>\n\n\n\n<h3><strong>Formez-vous pour devenir Assistant(e) Ressources Humaines<\/strong><\/h3>\n\n\n\n<p>Si vous souhaitez d\u00e9velopper vos comp\u00e9tences en gestion des ressources humaines et acc\u00e9der \u00e0 des opportunit\u00e9s professionnelles enrichissantes, la <a href=\"https:\/\/www.efcformation.com\/formations\/assistante-ressources-humaines\" target=\"_blank\" rel=\"noreferrer noopener\">formation assistant(e) ressources humaines<\/a> que nous proposons chez&nbsp;<strong>EFC Formation<\/strong> est id\u00e9ale. Accessible d\u00e8s le niveau 3\u1d49, ce programme \u00e0 distance, d\u2019une dur\u00e9e de 9 mois (400 heures), permet d\u2019acqu\u00e9rir les fondamentaux de la gestion RH : recrutement, administration du personnel, communication interne et bien plus encore.<\/p>\n\n\n\n<p>Gr\u00e2ce \u00e0 son approche flexible et pratique, cette formation est con\u00e7ue pour s\u2019adapter \u00e0 votre rythme, tout en vous pr\u00e9parant aux r\u00e9alit\u00e9s du m\u00e9tier. N&rsquo;h\u00e9sitez pas \u00e0 nous contacter pour en savoir plus \u00e0 ce sujet.<\/p>\n\n\n\n<div class=\"wp-block-media-text alignwide is-stacked-on-mobile is-vertically-aligned-center has-background\" style=\"background-color:#f3f0f0;grid-template-columns:20% auto\"><figure class=\"wp-block-media-text__media\"><img loading=\"lazy\" width=\"128\" height=\"128\" src=\"https:\/\/www.efcformation.com\/reussite-efc\/wp-content\/uploads\/2022\/11\/bouton-dinformation-1.png\" alt=\"\" class=\"wp-image-3051 size-full\" srcset=\"https:\/\/www.efcformation.com\/reussite-efc\/wp-content\/uploads\/2022\/11\/bouton-dinformation-1.png 128w, https:\/\/www.efcformation.com\/reussite-efc\/wp-content\/uploads\/2022\/11\/bouton-dinformation-1-45x45.png 45w\" sizes=\"(max-width: 128px) 100vw, 128px\" \/><\/figure><div class=\"wp-block-media-text__content\">\n<div style=\"height:6px\" aria-hidden=\"true\" class=\"wp-block-spacer\"><\/div>\n\n\n\n<div class=\"wp-container-1 wp-block-group\"><div class=\"wp-block-group__inner-container\">\n<h6 class=\"has-medium-font-size\"><strong>Vous \u00eates int\u00e9ress\u00e9(e) par nos formations en ressources humaines ? <\/strong><\/h6>\n\n\n\n<p style=\"font-size:16px\">Compl\u00e9tez notre demande de renseignements, \u00e9changez avec un conseiller d&rsquo;\u00e9tudes et obtenez toutes les r\u00e9ponses \u00e0 vos questions ! \ud83d\udcac<\/p>\n<\/div><\/div>\n\n\n\n<div class=\"wp-container-2 is-content-justification-left wp-block-buttons\">\n<div class=\"wp-block-button\"><a class=\"wp-block-button__link has-white-color has-text-color has-background\" href=\"#formulaire-efc\" style=\"background-color:#5b0cd1\"><strong>Plus d&rsquo;informations<\/strong><\/a><\/div>\n<\/div>\n\n\n\n<div style=\"height:12px\" aria-hidden=\"true\" class=\"wp-block-spacer\"><\/div>\n<\/div><\/div>\n\n\n\n<h2><mark style=\"background-color:rgba(0, 0, 0, 0);color:#0f1555\" class=\"has-inline-color\">Les volets strat\u00e9giques de la <\/mark><mark style=\"background-color:rgba(0, 0, 0, 0);color:#ff7e00\" class=\"has-inline-color\">gestion des ressources humaines<\/mark><\/h2>\n\n\n\n<h3>Gestion pr\u00e9visionnelle des emplois et des comp\u00e9tences (GPEC)<\/h3>\n\n\n\n<p>La <strong>gestion pr\u00e9visionnelle des emplois et des comp\u00e9tences<\/strong> est un outil strat\u00e9gique permettant d&rsquo;anticiper les besoins en comp\u00e9tences de l&rsquo;entreprise \u00e0 moyen et long terme. Elle combine l&rsquo;analyse de l&rsquo;\u00e9volution des m\u00e9tiers, l&rsquo;\u00e9valuation des comp\u00e9tences actuelles et la planification future.<\/p>\n\n\n\n<p>Cette pratique aide les entreprises \u00e0 s&rsquo;adapter aux changements du march\u00e9 et \u00e0 \u00e9viter les p\u00e9nuries de comp\u00e9tences critiques. En travaillant de mani\u00e8re proactive, elle permet aussi de d\u00e9finir des plans de succession efficaces et de pr\u00e9parer les futurs leaders.<\/p>\n\n\n\n<h3>Interface avec la strat\u00e9gie globale de l&rsquo;entreprise<\/h3>\n\n\n\n<p>La gestion des <a href=\"https:\/\/www.efcformation.com\/reussite-efc\/ressources-humaines\/ressources-humaines\/\" target=\"_blank\" rel=\"noreferrer noopener\">ressources humaines<\/a> ne fonctionne pas en vase clos. Elle doit \u00eatre align\u00e9e avec la <strong>strat\u00e9gie globale de l&rsquo;entreprise<\/strong> pour contribuer \u00e0 son succ\u00e8s. Une coop\u00e9ration \u00e9troite entre les d\u00e9partements est fondamentale pour atteindre les objectifs communs.<\/p>\n\n\n\n<p>Quelques points cl\u00e9s pour cette int\u00e9gration sont :<\/p>\n\n\n\n<ul><li>Alignement des objectifs RH et strat\u00e9giques<\/li><li>Communication inter-services fluide et r\u00e9guli\u00e8re<\/li><li>Flexibilit\u00e9 pour r\u00e9pondre rapidement aux nouvelles directives strat\u00e9giques<\/li><li>Formation des managers pour int\u00e9grer la dimension RH dans leurs pratiques quotidiennes<\/li><\/ul>\n\n\n\n<h2><mark style=\"background-color:rgba(0, 0, 0, 0);color:#0f1555\" class=\"has-inline-color\">Les aspects administratifs de la<\/mark><mark style=\"background-color:rgba(0, 0, 0, 0);color:#ff7e00\" class=\"has-inline-color\"> gestion des ressources humaines<\/mark><\/h2>\n\n\n\n<h3>Administration du personnel<\/h3>\n\n\n\n<p>L&rsquo;<strong>administration du personnel<\/strong> concerne toutes les t\u00e2ches administratives li\u00e9es \u00e0 la gestion des employ\u00e9s. Cela inclut la gestion des contrats de travail, les dossiers individuels des salari\u00e9s, les bulletins de paie, ainsi que les d\u00e9clarations l\u00e9gales et r\u00e9glementaires.<\/p>\n\n\n\n<p>Bien que souvent per\u00e7ue comme moins glamour que d&rsquo;autres aspects de la GRH, l&rsquo;administration du personnel est essentielle pour garantir le respect des obligations l\u00e9gales et maintenir un climat de confiance au sein de l&rsquo;entreprise.<\/p>\n\n\n<div class=\"wp-block-image\">\n<figure class=\"aligncenter size-full\"><img loading=\"lazy\" width=\"750\" height=\"307\" src=\"https:\/\/www.efcformation.com\/reussite-efc\/wp-content\/uploads\/2024\/11\/grh.jpg\" alt=\"trois personnes en r\u00e9union au travail\" class=\"wp-image-5452\" srcset=\"https:\/\/www.efcformation.com\/reussite-efc\/wp-content\/uploads\/2024\/11\/grh.jpg 750w, https:\/\/www.efcformation.com\/reussite-efc\/wp-content\/uploads\/2024\/11\/grh-300x123.jpg 300w\" sizes=\"(max-width: 750px) 100vw, 750px\" \/><\/figure><\/div>\n\n\n<h2><mark style=\"background-color:rgba(0, 0, 0, 0);color:#0f1555\" class=\"has-inline-color\">Exemples pratiques de la <\/mark><mark style=\"background-color:rgba(0, 0, 0, 0);color:#ff7e00\" class=\"has-inline-color\">gestion des ressources humaines<\/mark><\/h2>\n\n\n\n<figure class=\"wp-block-table\"><table><tbody><tr><th>T\u00e2che<\/th><th>Description<\/th><\/tr><tr><td>Analyse des besoins<\/td><td>\u00c9valuation des postes \u00e0 pourvoir et des comp\u00e9tences n\u00e9cessaires<\/td><\/tr><tr><td>Plan de formation<\/td><td>Conception et mise en place de programmes de d\u00e9veloppement des comp\u00e9tences<\/td><\/tr><tr><td>Audit RH<\/td><td>Analyse du climat social et recommandations pour am\u00e9liorer la QVT<\/td><\/tr><tr><td>Entretien annuel<\/td><td>\u00c9valuation des performances individuelles et fixation des objectifs futurs<\/td><\/tr><tr><td>Politique de r\u00e9mun\u00e9ration<\/td><td>R\u00e9vision des grilles salariales et ajustement selon le march\u00e9<\/td><\/tr><\/tbody><\/table><\/figure>\n\n\n\n<h3>Conseils pratiques pour les professionnels de la GRH<\/h3>\n\n\n\n<p>L&rsquo;activit\u00e9 de gestion des ressources humaines \u00e9tant vaste et parfois complexe, voici quelques astuces pour les praticiens du domaine :<\/p>\n\n\n\n<ol><li>Impliquer les collaborateurs dans les d\u00e9cisions qui les concernent, cela favorise l&rsquo;adh\u00e9sion et l&rsquo;engagement.<\/li><li>Utiliser des outils technologiques pour les t\u00e2ches administratives afin de gagner en efficacit\u00e9.<\/li><li>Rester inform\u00e9 des derni\u00e8res tendances du march\u00e9 du travail pour ajuster les pratiques RH en cons\u00e9quence.<\/li><li>Promouvoir une communication transparente au sein de l&rsquo;\u00e9quipe RH et avec les autres d\u00e9partements.<\/li><li>Mettre en place des indicateurs de performance (KPI) pour mesurer et am\u00e9liorer continuellement les processus RH.<\/li><\/ol>\n\n\n\n<p>Adopter ces bonnes pratiques contribuera grandement \u00e0 une gestion optimis\u00e9e et humaine des ressources, reflet du statut de la GRH comme pi\u00e8ce ma\u00eetresse dans le d\u00e9veloppement des entreprises.<\/p>\n\n\n\n<h2><strong><mark style=\"background-color:rgba(0, 0, 0, 0);color:#0f1555\" class=\"has-inline-color\">Vos questions sur la gestion des Ressources Humaines<\/mark><\/strong><\/h2>\n\n\n\n<p><strong>Qu\u2019est-ce que la gestion des ressources humaines ?<\/strong>La gestion des ressources humaines (GRH) regroupe l\u2019ensemble des pratiques visant \u00e0 recruter, former, motiver et fid\u00e9liser les collaborateurs d\u2019une entreprise. Elle veille \u00e0 concilier les besoins de l\u2019organisation et les aspirations des employ\u00e9s.<\/p>\n\n\n\n<p><strong>Pourquoi la gestion des ressources humaines est-elle importante ?<\/strong>Parce qu\u2019elle joue un r\u00f4le cl\u00e9 dans la performance et la stabilit\u00e9 de l\u2019entreprise. Une bonne GRH favorise l\u2019engagement des salari\u00e9s, limite le turnover et soutient la strat\u00e9gie globale de croissance.<\/p>\n\n\n\n<p><strong>Quelles sont les principales missions de la GRH ?<\/strong>Les missions principales sont le&nbsp;<strong>recrutement<\/strong>, la&nbsp;<strong>r\u00e9mun\u00e9ration<\/strong>, la&nbsp;<strong>formation et le d\u00e9veloppement<\/strong>, la&nbsp;<strong>gestion administrative du personnel<\/strong>, et la&nbsp;<strong>qualit\u00e9 de vie au travail (QVT)<\/strong>.<\/p>\n\n\n\n<p><strong>Comment am\u00e9liorer la qualit\u00e9 de vie au travail ?<\/strong>Cela passe par la mise en place d\u2019horaires flexibles, de programmes de bien-\u00eatre, d\u2019un environnement collaboratif et d\u2019une politique de reconnaissance adapt\u00e9e.<\/p>\n\n\n\n<p><strong>Quelles comp\u00e9tences sont n\u00e9cessaires pour travailler en ressources humaines ?<\/strong>Les professionnels RH doivent allier des comp\u00e9tences relationnelles (\u00e9coute, empathie, communication) et techniques (droit du travail, gestion de la paie, outils digitaux RH, analyse de donn\u00e9es sociales).<\/p>\n\n\n\n<p><strong>Comment se former \u00e0 la gestion des ressources humaines ?<\/strong>Des formations \u00e0 distance comme celle d\u2019<strong>Assistant(e) Ressources Humaines propos\u00e9e par EFC Formation<\/strong>\u00a0permettent d\u2019acqu\u00e9rir les bases du m\u00e9tier : recrutement, administration du personnel, communication interne, etc.<\/p>\n\n\n\n<script type=\"application\/ld+json\">\n{\n  \"@context\": \"https:\/\/schema.org\",\n  \"@type\": \"FAQPage\",\n  \"mainEntity\": [\n    {\n      \"@type\": \"Question\",\n      \"name\": \"Qu\u2019est-ce que la gestion des ressources humaines ?\",\n      \"acceptedAnswer\": {\n        \"@type\": \"Answer\",\n        \"text\": \"La gestion des ressources humaines (GRH) regroupe l\u2019ensemble des pratiques visant \u00e0 recruter, former, motiver et fid\u00e9liser les collaborateurs d\u2019une entreprise. Elle veille \u00e0 concilier les besoins de l\u2019organisation et les aspirations des employ\u00e9s.\"\n      }\n    },\n    {\n      \"@type\": \"Question\",\n      \"name\": \"Pourquoi la gestion des ressources humaines est-elle importante ?\",\n      \"acceptedAnswer\": {\n        \"@type\": \"Answer\",\n        \"text\": \"La GRH est essentielle \u00e0 la performance et \u00e0 la p\u00e9rennit\u00e9 de l\u2019entreprise. Une bonne politique RH favorise l\u2019engagement des salari\u00e9s, am\u00e9liore la productivit\u00e9 et soutient la strat\u00e9gie globale.\"\n      }\n    },\n    {\n      \"@type\": \"Question\",\n      \"name\": \"Quelles sont les principales missions de la GRH ?\",\n      \"acceptedAnswer\": {\n        \"@type\": \"Answer\",\n        \"text\": \"Les principales missions sont le recrutement, la r\u00e9mun\u00e9ration, la formation et le d\u00e9veloppement des comp\u00e9tences, la gestion administrative du personnel et la qualit\u00e9 de vie au travail.\"\n      }\n    },\n    {\n      \"@type\": \"Question\",\n      \"name\": \"Comment am\u00e9liorer la qualit\u00e9 de vie au travail ?\",\n      \"acceptedAnswer\": {\n        \"@type\": \"Answer\",\n        \"text\": \"Pour am\u00e9liorer la qualit\u00e9 de vie au travail, les entreprises peuvent proposer des horaires flexibles, des programmes de bien-\u00eatre, un environnement collaboratif et une reconnaissance du travail accompli.\"\n      }\n    },\n    {\n      \"@type\": \"Question\",\n      \"name\": \"Quelles comp\u00e9tences sont n\u00e9cessaires pour travailler en ressources humaines ?\",\n      \"acceptedAnswer\": {\n        \"@type\": \"Answer\",\n        \"text\": \"Les m\u00e9tiers RH exigent des comp\u00e9tences relationnelles (\u00e9coute, empathie, communication) et techniques (droit du travail, gestion de la paie, outils digitaux, analyse de donn\u00e9es sociales).\"\n      }\n    },\n    {\n      \"@type\": \"Question\",\n      \"name\": \"Comment se former \u00e0 la gestion des ressources humaines ?\",\n      \"acceptedAnswer\": {\n        \"@type\": \"Answer\",\n        \"text\": \"Des formations \u00e0 distance comme celle d\u2019Assistant(e) Ressources Humaines propos\u00e9e par EFC Formation permettent d\u2019acqu\u00e9rir les bases du m\u00e9tier : recrutement, administration du personnel et communication interne.\"\n      }\n    }\n  ]\n}\n<\/script>\n\n\n\n<figure class=\"wp-block-embed is-type-video is-provider-youtube wp-block-embed-youtube wp-embed-aspect-16-9 wp-has-aspect-ratio\"><div class=\"wp-block-embed__wrapper\">\n<iframe loading=\"lazy\" title=\"EFCformation : R\u00e9ussite EFC\" width=\"750\" height=\"422\" src=\"https:\/\/www.youtube.com\/embed\/g617ASB9iR4?feature=oembed\" frameborder=\"0\" allow=\"accelerometer; autoplay; clipboard-write; encrypted-media; gyroscope; picture-in-picture; web-share\" referrerpolicy=\"strict-origin-when-cross-origin\" allowfullscreen><\/iframe>\n<\/div><\/figure>\n","protected":false},"excerpt":{"rendered":"<p>La gestion des ressources humaines (GRH) est au c\u0153ur des pr\u00e9occupations des entreprises modernes. Dans un monde en constante \u00e9volution, marqu\u00e9 par la transformation digitale, la \u00ab\u00a0guerre des talents\u00a0\u00bb et une attention accrue port\u00e9e au bien-\u00eatre au travail, comprendre et ma\u00eetriser la GRH est devenu indispensable. Comment attirer les meilleurs profils ? Comment favoriser l&rsquo;\u00e9panouissement [&hellip;]<\/p>\n","protected":false},"author":2,"featured_media":5450,"comment_status":"open","ping_status":"open","sticky":false,"template":"","format":"standard","meta":[],"categories":[29],"tags":[],"yoast_head":"<!-- This site is optimized with the Yoast SEO plugin v19.5.1 - https:\/\/yoast.com\/wordpress\/plugins\/seo\/ -->\n<title>Gestion des ressources humaines : qu&#039;est ce que c&#039;est exactement ?<\/title>\n<meta name=\"description\" content=\"D\u00e9couvrez la gestion des ressources humaines : d\u00e9finition, objectifs et concepts cl\u00e9s pour optimiser la performance et le bien-\u00eatre des collaborateurs.\" \/>\n<meta name=\"robots\" content=\"index, follow, max-snippet:-1, max-image-preview:large, max-video-preview:-1\" \/>\n<link rel=\"canonical\" href=\"https:\/\/www.efcformation.com\/reussite-efc\/ressources-humaines\/gestion-des-ressources-humaines\/\" \/>\n<meta property=\"og:locale\" content=\"fr_FR\" \/>\n<meta property=\"og:type\" content=\"article\" \/>\n<meta property=\"og:title\" content=\"Gestion des ressources humaines : qu&#039;est ce que c&#039;est exactement ?\" \/>\n<meta property=\"og:description\" content=\"D\u00e9couvrez la gestion des ressources humaines : d\u00e9finition, objectifs et concepts cl\u00e9s pour optimiser la performance et le bien-\u00eatre des collaborateurs.\" \/>\n<meta property=\"og:url\" content=\"https:\/\/www.efcformation.com\/reussite-efc\/ressources-humaines\/gestion-des-ressources-humaines\/\" \/>\n<meta property=\"og:site_name\" content=\"Reussite EFC Fomation - Le Blog EFC Formation\" \/>\n<meta property=\"article:published_time\" content=\"2024-12-20T16:52:00+00:00\" \/>\n<meta property=\"article:modified_time\" content=\"2025-10-27T19:17:41+00:00\" \/>\n<meta property=\"og:image\" content=\"https:\/\/www.efcformation.com\/reussite-efc\/wp-content\/uploads\/2024\/11\/gestion-des-ressources-humaines.jpg\" \/>\n\t<meta property=\"og:image:width\" content=\"1200\" \/>\n\t<meta property=\"og:image:height\" content=\"653\" \/>\n\t<meta property=\"og:image:type\" content=\"image\/jpeg\" \/>\n<meta name=\"author\" content=\"Cedric\" \/>\n<meta name=\"twitter:card\" content=\"summary\" \/>\n<meta name=\"twitter:label1\" content=\"\u00c9crit par\" \/>\n\t<meta name=\"twitter:data1\" content=\"Cedric\" \/>\n\t<meta name=\"twitter:label2\" content=\"Dur\u00e9e de lecture estim\u00e9e\" \/>\n\t<meta name=\"twitter:data2\" content=\"10 minutes\" \/>\n<script type=\"application\/ld+json\" class=\"yoast-schema-graph\">{\"@context\":\"https:\/\/schema.org\",\"@graph\":[{\"@type\":\"WebPage\",\"@id\":\"https:\/\/www.efcformation.com\/reussite-efc\/ressources-humaines\/gestion-des-ressources-humaines\/\",\"url\":\"https:\/\/www.efcformation.com\/reussite-efc\/ressources-humaines\/gestion-des-ressources-humaines\/\",\"name\":\"Gestion des ressources humaines : qu'est ce que c'est exactement ?\",\"isPartOf\":{\"@id\":\"https:\/\/www.efcformation.com\/reussite-efc\/#website\"},\"datePublished\":\"2024-12-20T16:52:00+00:00\",\"dateModified\":\"2025-10-27T19:17:41+00:00\",\"author\":{\"@id\":\"https:\/\/www.efcformation.com\/reussite-efc\/#\/schema\/person\/abaed1900276838c79042daed3572b3c\"},\"description\":\"D\u00e9couvrez la gestion des ressources humaines : d\u00e9finition, objectifs et concepts cl\u00e9s pour optimiser la performance et le bien-\u00eatre des collaborateurs.\",\"breadcrumb\":{\"@id\":\"https:\/\/www.efcformation.com\/reussite-efc\/ressources-humaines\/gestion-des-ressources-humaines\/#breadcrumb\"},\"inLanguage\":\"fr-FR\",\"potentialAction\":[{\"@type\":\"ReadAction\",\"target\":[\"https:\/\/www.efcformation.com\/reussite-efc\/ressources-humaines\/gestion-des-ressources-humaines\/\"]}]},{\"@type\":\"BreadcrumbList\",\"@id\":\"https:\/\/www.efcformation.com\/reussite-efc\/ressources-humaines\/gestion-des-ressources-humaines\/#breadcrumb\",\"itemListElement\":[{\"@type\":\"ListItem\",\"position\":1,\"name\":\"Accueil\",\"item\":\"https:\/\/www.efcformation.com\/reussite-efc\/\"},{\"@type\":\"ListItem\",\"position\":2,\"name\":\"Qu&rsquo;est-ce que la gestion des ressources humaines ?\"}]},{\"@type\":\"WebSite\",\"@id\":\"https:\/\/www.efcformation.com\/reussite-efc\/#website\",\"url\":\"https:\/\/www.efcformation.com\/reussite-efc\/\",\"name\":\"Reussite EFC Fomation - Le Blog EFC Formation\",\"description\":\"\",\"potentialAction\":[{\"@type\":\"SearchAction\",\"target\":{\"@type\":\"EntryPoint\",\"urlTemplate\":\"https:\/\/www.efcformation.com\/reussite-efc\/?s={search_term_string}\"},\"query-input\":\"required name=search_term_string\"}],\"inLanguage\":\"fr-FR\"},{\"@type\":\"Person\",\"@id\":\"https:\/\/www.efcformation.com\/reussite-efc\/#\/schema\/person\/abaed1900276838c79042daed3572b3c\",\"name\":\"Cedric\",\"image\":{\"@type\":\"ImageObject\",\"inLanguage\":\"fr-FR\",\"@id\":\"https:\/\/www.efcformation.com\/reussite-efc\/#\/schema\/person\/image\/\",\"url\":\"https:\/\/secure.gravatar.com\/avatar\/a438e79d374ba264c89f89eea94f3dd7?s=96&d=mm&r=g\",\"contentUrl\":\"https:\/\/secure.gravatar.com\/avatar\/a438e79d374ba264c89f89eea94f3dd7?s=96&d=mm&r=g\",\"caption\":\"Cedric\"},\"url\":\"https:\/\/www.efcformation.com\/reussite-efc\/author\/webrivageseo\/\"}]}<\/script>\n<!-- \/ Yoast SEO plugin. -->","yoast_head_json":{"title":"Gestion des ressources humaines : qu'est ce que c'est exactement ?","description":"D\u00e9couvrez la gestion des ressources humaines : d\u00e9finition, objectifs et concepts cl\u00e9s pour optimiser la performance et le bien-\u00eatre des collaborateurs.","robots":{"index":"index","follow":"follow","max-snippet":"max-snippet:-1","max-image-preview":"max-image-preview:large","max-video-preview":"max-video-preview:-1"},"canonical":"https:\/\/www.efcformation.com\/reussite-efc\/ressources-humaines\/gestion-des-ressources-humaines\/","og_locale":"fr_FR","og_type":"article","og_title":"Gestion des ressources humaines : qu'est ce que c'est exactement ?","og_description":"D\u00e9couvrez la gestion des ressources humaines : d\u00e9finition, objectifs et concepts cl\u00e9s pour optimiser la performance et le bien-\u00eatre des collaborateurs.","og_url":"https:\/\/www.efcformation.com\/reussite-efc\/ressources-humaines\/gestion-des-ressources-humaines\/","og_site_name":"Reussite EFC Fomation - Le Blog EFC Formation","article_published_time":"2024-12-20T16:52:00+00:00","article_modified_time":"2025-10-27T19:17:41+00:00","og_image":[{"width":1200,"height":653,"url":"https:\/\/www.efcformation.com\/reussite-efc\/wp-content\/uploads\/2024\/11\/gestion-des-ressources-humaines.jpg","type":"image\/jpeg"}],"author":"Cedric","twitter_card":"summary","twitter_misc":{"\u00c9crit par":"Cedric","Dur\u00e9e de lecture estim\u00e9e":"10 minutes"},"schema":{"@context":"https:\/\/schema.org","@graph":[{"@type":"WebPage","@id":"https:\/\/www.efcformation.com\/reussite-efc\/ressources-humaines\/gestion-des-ressources-humaines\/","url":"https:\/\/www.efcformation.com\/reussite-efc\/ressources-humaines\/gestion-des-ressources-humaines\/","name":"Gestion des ressources humaines : qu'est ce que c'est exactement ?","isPartOf":{"@id":"https:\/\/www.efcformation.com\/reussite-efc\/#website"},"datePublished":"2024-12-20T16:52:00+00:00","dateModified":"2025-10-27T19:17:41+00:00","author":{"@id":"https:\/\/www.efcformation.com\/reussite-efc\/#\/schema\/person\/abaed1900276838c79042daed3572b3c"},"description":"D\u00e9couvrez la gestion des ressources humaines : d\u00e9finition, objectifs et concepts cl\u00e9s pour optimiser la performance et le bien-\u00eatre des collaborateurs.","breadcrumb":{"@id":"https:\/\/www.efcformation.com\/reussite-efc\/ressources-humaines\/gestion-des-ressources-humaines\/#breadcrumb"},"inLanguage":"fr-FR","potentialAction":[{"@type":"ReadAction","target":["https:\/\/www.efcformation.com\/reussite-efc\/ressources-humaines\/gestion-des-ressources-humaines\/"]}]},{"@type":"BreadcrumbList","@id":"https:\/\/www.efcformation.com\/reussite-efc\/ressources-humaines\/gestion-des-ressources-humaines\/#breadcrumb","itemListElement":[{"@type":"ListItem","position":1,"name":"Accueil","item":"https:\/\/www.efcformation.com\/reussite-efc\/"},{"@type":"ListItem","position":2,"name":"Qu&rsquo;est-ce que la gestion des ressources humaines ?"}]},{"@type":"WebSite","@id":"https:\/\/www.efcformation.com\/reussite-efc\/#website","url":"https:\/\/www.efcformation.com\/reussite-efc\/","name":"Reussite EFC Fomation - Le Blog EFC Formation","description":"","potentialAction":[{"@type":"SearchAction","target":{"@type":"EntryPoint","urlTemplate":"https:\/\/www.efcformation.com\/reussite-efc\/?s={search_term_string}"},"query-input":"required name=search_term_string"}],"inLanguage":"fr-FR"},{"@type":"Person","@id":"https:\/\/www.efcformation.com\/reussite-efc\/#\/schema\/person\/abaed1900276838c79042daed3572b3c","name":"Cedric","image":{"@type":"ImageObject","inLanguage":"fr-FR","@id":"https:\/\/www.efcformation.com\/reussite-efc\/#\/schema\/person\/image\/","url":"https:\/\/secure.gravatar.com\/avatar\/a438e79d374ba264c89f89eea94f3dd7?s=96&d=mm&r=g","contentUrl":"https:\/\/secure.gravatar.com\/avatar\/a438e79d374ba264c89f89eea94f3dd7?s=96&d=mm&r=g","caption":"Cedric"},"url":"https:\/\/www.efcformation.com\/reussite-efc\/author\/webrivageseo\/"}]}},"_links":{"self":[{"href":"https:\/\/www.efcformation.com\/reussite-efc\/wp-json\/wp\/v2\/posts\/5449"}],"collection":[{"href":"https:\/\/www.efcformation.com\/reussite-efc\/wp-json\/wp\/v2\/posts"}],"about":[{"href":"https:\/\/www.efcformation.com\/reussite-efc\/wp-json\/wp\/v2\/types\/post"}],"author":[{"embeddable":true,"href":"https:\/\/www.efcformation.com\/reussite-efc\/wp-json\/wp\/v2\/users\/2"}],"replies":[{"embeddable":true,"href":"https:\/\/www.efcformation.com\/reussite-efc\/wp-json\/wp\/v2\/comments?post=5449"}],"version-history":[{"count":2,"href":"https:\/\/www.efcformation.com\/reussite-efc\/wp-json\/wp\/v2\/posts\/5449\/revisions"}],"predecessor-version":[{"id":6065,"href":"https:\/\/www.efcformation.com\/reussite-efc\/wp-json\/wp\/v2\/posts\/5449\/revisions\/6065"}],"wp:featuredmedia":[{"embeddable":true,"href":"https:\/\/www.efcformation.com\/reussite-efc\/wp-json\/wp\/v2\/media\/5450"}],"wp:attachment":[{"href":"https:\/\/www.efcformation.com\/reussite-efc\/wp-json\/wp\/v2\/media?parent=5449"}],"wp:term":[{"taxonomy":"category","embeddable":true,"href":"https:\/\/www.efcformation.com\/reussite-efc\/wp-json\/wp\/v2\/categories?post=5449"},{"taxonomy":"post_tag","embeddable":true,"href":"https:\/\/www.efcformation.com\/reussite-efc\/wp-json\/wp\/v2\/tags?post=5449"}],"curies":[{"name":"wp","href":"https:\/\/api.w.org\/{rel}","templated":true}]}}