{"id":5745,"date":"2025-06-12T11:00:00","date_gmt":"2025-06-12T09:00:00","guid":{"rendered":"https:\/\/www.efcformation.com\/reussite-efc\/?p=5745"},"modified":"2025-06-11T11:28:51","modified_gmt":"2025-06-11T09:28:51","slug":"exemple-lettre-de-motivation-titre-professionnel-gestionnaire-comptable-et-fiscal","status":"publish","type":"post","link":"https:\/\/www.efcformation.com\/reussite-efc\/comptabilite\/exemple-lettre-de-motivation-titre-professionnel-gestionnaire-comptable-et-fiscal\/","title":{"rendered":"Exemple de lettre de motivation pour le Titre Professionnel Gestionnaire Comptable et Fiscal"},"content":{"rendered":"\n<p>R\u00e9diger une lettre de motivation pour int\u00e9grer le <strong>Titre Professionnel Gestionnaire Comptable et Fiscal (TP GCF)<\/strong> est une \u00e9tape cl\u00e9 pour valoriser votre projet de formation. Ce document doit d\u00e9montrer votre engagement, vos comp\u00e9tences et votre volont\u00e9 de vous professionnaliser dans les domaines de la comptabilit\u00e9 et de la fiscalit\u00e9.<\/p>\n\n\n\n<p>Chez EFC Formation, nous proposons une formation 100 % \u00e0 distance au Titre Professionnel Gestionnaire Comptable et Fiscal. Accessible \u00e0 toute personne titulaire d\u2019un dipl\u00f4me ou titre de niveau 4 (BAC ou \u00e9quivalent), cette formation vous permet de ma\u00eetriser la comptabilit\u00e9 g\u00e9n\u00e9rale, les d\u00e9clarations fiscales et bien plus encore. Gr\u00e2ce \u00e0 des supports interactifs, un accompagnement p\u00e9dagogique d\u00e9di\u00e9 et des outils professionnels, vous d\u00e9veloppez les comp\u00e9tences concr\u00e8tes attendues sur le terrain.<\/p>\n\n\n\n<p>\ud83d\udc49<strong> En savoir plus<\/strong> : <a href=\"https:\/\/www.efcformation.com\/formations\/titre-professionnel-gestionnaire-comptable-et-fiscal\" target=\"_blank\" rel=\"noreferrer noopener\">Formation Titre Professionnel Gestionnaire Comptable et Fiscal<\/a><\/p>\n\n\n\n<div class=\"wp-block-media-text alignwide is-stacked-on-mobile is-vertically-aligned-center has-background\" style=\"background-color:#f3f0f0;grid-template-columns:20% auto\"><figure class=\"wp-block-media-text__media\"><img loading=\"lazy\" width=\"128\" height=\"128\" src=\"https:\/\/www.efcformation.com\/reussite-efc\/wp-content\/uploads\/2022\/11\/bouton-dinformation-1.png\" alt=\"\" class=\"wp-image-3051 size-full\" srcset=\"https:\/\/www.efcformation.com\/reussite-efc\/wp-content\/uploads\/2022\/11\/bouton-dinformation-1.png 128w, https:\/\/www.efcformation.com\/reussite-efc\/wp-content\/uploads\/2022\/11\/bouton-dinformation-1-45x45.png 45w\" sizes=\"(max-width: 128px) 100vw, 128px\" \/><\/figure><div class=\"wp-block-media-text__content\">\n<div style=\"height:6px\" aria-hidden=\"true\" class=\"wp-block-spacer\"><\/div>\n\n\n\n<div class=\"wp-container-1 wp-block-group\"><div class=\"wp-block-group__inner-container\">\n<h6 class=\"has-medium-font-size\"><strong>Vous \u00eates int\u00e9ress\u00e9(e) par nos formations en comptabilit\u00e9 ? <\/strong><\/h6>\n\n\n\n<p style=\"font-size:16px\">Compl\u00e9tez notre demande de renseignements, \u00e9changez avec un conseiller d&rsquo;\u00e9tudes et obtenez toutes les r\u00e9ponses \u00e0 vos questions ! \ud83d\udcac<\/p>\n<\/div><\/div>\n\n\n\n<div class=\"wp-container-2 is-content-justification-left wp-block-buttons\">\n<div class=\"wp-block-button\"><a class=\"wp-block-button__link has-white-color has-text-color has-background\" href=\"#formulaire-efc\" style=\"background-color:#5b0cd1\"><strong>Plus d&rsquo;informations<\/strong><\/a><\/div>\n<\/div>\n\n\n\n<div style=\"height:12px\" aria-hidden=\"true\" class=\"wp-block-spacer\"><\/div>\n<\/div><\/div>\n\n\n\n<h2><mark style=\"background-color:rgba(0, 0, 0, 0);color:#0f1555\" class=\"has-inline-color\">Les attentes des recruteurs<\/mark><\/h2>\n\n\n\n<h3><mark style=\"background-color:rgba(0, 0, 0, 0);color:#ff7e00\" class=\"has-inline-color\">Le profil recherch\u00e9<\/mark><\/h3>\n\n\n\n<p>Pour int\u00e9grer une formation au Titre Professionnel Gestionnaire Comptable et Fiscal, les recruteurs s\u2019attendent \u00e0 rencontrer des profils s\u00e9rieux, capables de suivre un programme exigeant et de s\u2019approprier rapidement des comp\u00e9tences techniques avanc\u00e9es. Ils recherchent notamment :<\/p>\n\n\n\n<ul><li>une solide motivation \u00e0 \u00e9voluer dans la comptabilit\u00e9 ou la gestion ;<br><\/li><li>un bon esprit logique et analytique ;<br><\/li><li>une capacit\u00e9 \u00e0 g\u00e9rer des responsabilit\u00e9s croissantes (autonomie, fiabilit\u00e9) ;<br><\/li><li>une bonne organisation pour suivre une formation structur\u00e9e ;<br><\/li><li>un projet professionnel clair : cabinet comptable, entreprise, paie ou fiscalit\u00e9.<br><\/li><\/ul>\n\n\n\n<h3><mark style=\"background-color:rgba(0, 0, 0, 0);color:#ff7e00\" class=\"has-inline-color\">Les comp\u00e9tences \u00e0 mettre en avant<\/mark><\/h3>\n\n\n\n<p>M\u00eame si vous \u00eates en reconversion ou sans exp\u00e9rience directe dans ce domaine, vous pouvez valoriser :<\/p>\n\n\n\n<ul><li>votre aisance avec les chiffres et les logiciels bureautiques (Excel notamment) ;<br><\/li><li>une premi\u00e8re utilisation de logiciels comptables (Sage, EBP, etc.) ;<br><\/li><li>des missions administratives ou de gestion r\u00e9alis\u00e9es dans un emploi pr\u00e9c\u00e9dent ;<br><\/li><li>une formation ant\u00e9rieure en \u00e9conomie, gestion ou comptabilit\u00e9 ;<br><\/li><li>votre capacit\u00e9 \u00e0 apprendre rapidement et \u00e0 respecter des d\u00e9lais.<br><\/li><\/ul>\n\n\n\n<figure class=\"wp-block-embed is-type-video is-provider-youtube wp-block-embed-youtube wp-embed-aspect-16-9 wp-has-aspect-ratio\"><div class=\"wp-block-embed__wrapper\">\n<iframe loading=\"lazy\" title=\"Formez vous avec l\u2019EFC au Titre Professionnel Gestionnaire Comptable et Fiscal\" width=\"750\" height=\"422\" src=\"https:\/\/www.youtube.com\/embed\/XZg97t20dPY?feature=oembed\" frameborder=\"0\" allow=\"accelerometer; autoplay; clipboard-write; encrypted-media; gyroscope; picture-in-picture; web-share\" referrerpolicy=\"strict-origin-when-cross-origin\" allowfullscreen><\/iframe>\n<\/div><\/figure>\n\n\n\n<h2><mark style=\"background-color:rgba(0, 0, 0, 0);color:#0f1555\" class=\"has-inline-color\">Structurer une lettre de motivation convaincante<\/mark><\/h2>\n\n\n\n<h3><mark style=\"background-color:rgba(0, 0, 0, 0);color:#ff7e00\" class=\"has-inline-color\">L\u2019introduction<\/mark><\/h3>\n\n\n\n<p>Commencez par pr\u00e9senter votre projet : pourquoi vous souhaitez suivre cette formation et ce qui vous attire dans le m\u00e9tier de gestionnaire comptable et fiscal.<\/p>\n\n\n\n<p><em>Exemple<\/em> :<br>\u00ab Apr\u00e8s plusieurs ann\u00e9es dans le secteur de la vente, j\u2019ai choisi de me r\u00e9orienter vers la comptabilit\u00e9 et la fiscalit\u00e9. Le Titre Professionnel Gestionnaire Comptable et Fiscal me permettra d\u2019acqu\u00e9rir les comp\u00e9tences concr\u00e8tes et certifiantes dont j\u2019ai besoin pour construire une carri\u00e8re durable dans ce secteur. \u00bb<\/p>\n\n\n\n<h3><mark style=\"background-color:rgba(0, 0, 0, 0);color:#ff7e00\" class=\"has-inline-color\">Le d\u00e9veloppement<\/mark><\/h3>\n\n\n\n<p>D\u00e9crivez votre parcours, vos exp\u00e9riences et ce qui vous rend apte \u00e0 suivre cette formation :<\/p>\n\n\n\n<ul><li>expliquez les raisons de votre reconversion ou de votre choix d\u2019orientation ;<br><\/li><li>d\u00e9crivez vos exp\u00e9riences ou qualit\u00e9s utiles : rigueur, autonomie, capacit\u00e9 d\u2019analyse ;<br><\/li><li>montrez que vous avez r\u00e9fl\u00e9chi \u00e0 votre projet et que le Titre Professionnel Gestionnaire Comptable et Fiscal est une \u00e9tape logique ;<br><\/li><li>pr\u00e9cisez vos objectifs : obtenir un poste dans un cabinet, \u00e9voluer vers un poste de gestion, etc.<br><\/li><\/ul>\n\n\n\n<h3><mark style=\"background-color:rgba(0, 0, 0, 0);color:#ff7e00\" class=\"has-inline-color\">La conclusion<\/mark><\/h3>\n\n\n\n<p>Terminez en remerciant le lecteur pour l\u2019attention port\u00e9e \u00e0 votre dossier, en exprimant votre motivation \u00e0 \u00e9changer davantage.<\/p>\n\n\n<div class=\"wp-block-image\">\n<figure class=\"aligncenter size-full\"><img loading=\"lazy\" width=\"1000\" height=\"1000\" src=\"https:\/\/www.efcformation.com\/reussite-efc\/wp-content\/uploads\/2025\/05\/gestionnaire-comptable-et-fiscal-2.jpg\" alt=\"gestionnaire comptable et fiscal lettre motivation\" class=\"wp-image-5749\" srcset=\"https:\/\/www.efcformation.com\/reussite-efc\/wp-content\/uploads\/2025\/05\/gestionnaire-comptable-et-fiscal-2.jpg 1000w, https:\/\/www.efcformation.com\/reussite-efc\/wp-content\/uploads\/2025\/05\/gestionnaire-comptable-et-fiscal-2-300x300.jpg 300w, https:\/\/www.efcformation.com\/reussite-efc\/wp-content\/uploads\/2025\/05\/gestionnaire-comptable-et-fiscal-2-150x150.jpg 150w, https:\/\/www.efcformation.com\/reussite-efc\/wp-content\/uploads\/2025\/05\/gestionnaire-comptable-et-fiscal-2-768x768.jpg 768w, https:\/\/www.efcformation.com\/reussite-efc\/wp-content\/uploads\/2025\/05\/gestionnaire-comptable-et-fiscal-2-45x45.jpg 45w\" sizes=\"(max-width: 1000px) 100vw, 1000px\" \/><\/figure><\/div>\n\n\n<h2><mark style=\"background-color:rgba(0, 0, 0, 0);color:#0f1555\" class=\"has-inline-color\">Exemple de lettre de motivation pour le TP Gestionnaire Comptable et Fiscal<\/mark><\/h2>\n\n\n\n<p>Voici un exemple de lettre de motivation dont vous pourriez vous inspirer..<\/p>\n\n\n\n<h3><mark style=\"background-color:rgba(0, 0, 0, 0);color:#ff7e00\" class=\"has-inline-color\">Mod\u00e8le de lettre de motivation pour le Titre Professionnel Gestionnaire Comptable et Fiscal<\/mark><\/h3>\n\n\n\n<p>Nom Pr\u00e9nom<br>Adresse<br>Code Postal Ville<br>T\u00e9l\u00e9phone&nbsp;<\/p>\n\n\n\n<p>E-mail<\/p>\n\n\n\n<p><strong>Objet : Candidature au Titre Professionnel Gestionnaire Comptable et Fiscal<\/strong><\/p>\n\n\n\n<p>Madame, Monsieur,<\/p>\n\n\n\n<p>Actuellement en reconversion professionnelle, je souhaite int\u00e9grer la formation au Titre Professionnel Gestionnaire Comptable et Fiscal propos\u00e9e par votre \u00e9tablissement. Mon objectif est de me sp\u00e9cialiser dans la comptabilit\u00e9 et la fiscalit\u00e9, deux domaines qui m\u2019attirent pour leur pr\u00e9cision, leur logique et leur utilit\u00e9 concr\u00e8te dans la gestion d\u2019une entreprise.<\/p>\n\n\n\n<p>Titulaire d\u2019un baccalaur\u00e9at \u00e9conomique et social, j\u2019ai ensuite exerc\u00e9 dans le domaine administratif, o\u00f9 j\u2019ai pu d\u00e9velopper des comp\u00e9tences en organisation, en gestion des priorit\u00e9s et en utilisation d\u2019outils bureautiques. Cette exp\u00e9rience m\u2019a donn\u00e9 envie de me professionnaliser davantage, en me tournant vers un m\u00e9tier plus technique et \u00e0 forte employabilit\u00e9.<\/p>\n\n\n\n<p>La formation au Titre Professionnel Gestionnaire Comptable et Fiscal \u00e0 distance propos\u00e9e par votre organisme me semble id\u00e9ale pour me former de mani\u00e8re flexible, tout en b\u00e9n\u00e9ficiant d\u2019un accompagnement p\u00e9dagogique et de supports interactifs. Je suis particuli\u00e8rement motiv\u00e9 \u00e0 l\u2019id\u00e9e d\u2019acqu\u00e9rir des comp\u00e9tences solides en comptabilit\u00e9 g\u00e9n\u00e9rale, d\u00e9clarations fiscales, paie, et en gestion administrative.<\/p>\n\n\n\n<p>\u00c0 terme, je souhaite int\u00e9grer un cabinet comptable ou un service financier en entreprise, o\u00f9 je pourrai \u00e9voluer progressivement vers des fonctions de responsabilit\u00e9. Je suis pr\u00eat \u00e0 m\u2019investir pleinement dans cette formation pour r\u00e9ussir mon projet de reconversion.<\/p>\n\n\n\n<p>Je reste \u00e0 votre disposition pour tout compl\u00e9ment d\u2019information, et je vous remercie par avance de l\u2019attention port\u00e9e \u00e0 ma candidature.<\/p>\n\n\n\n<p>Veuillez agr\u00e9er, Madame, Monsieur, l\u2019expression de mes salutations distingu\u00e9es.<\/p>\n\n\n\n<p><em>Signature<\/em><\/p>\n\n\n\n<div class=\"wp-container-3 is-content-justification-center wp-block-buttons\">\n<div class=\"wp-block-button\"><a class=\"wp-block-button__link\" href=\"https:\/\/www.efcformation.com\/reussite-efc\/wp-content\/uploads\/2025\/05\/Lettre-de-motivation-pour-le-TP-Gestionnaire-Comptable-et-Fiscal.pdf\" target=\"_blank\" rel=\"noreferrer noopener\"><strong><mark style=\"background-color:rgba(0, 0, 0, 0)\" class=\"has-inline-color has-white-color\">T\u00e9l\u00e9chargez cet exemple de lettre de motivation<\/mark><\/strong><\/a><\/div>\n<\/div>\n\n\n\n<p><\/p>\n\n\n\n<h2><mark style=\"background-color:rgba(0, 0, 0, 0);color:#0f1555\" class=\"has-inline-color\">Les \u00e9l\u00e9ments cl\u00e9s d\u2019une bonne lettre de motivation pour le TP GCF<\/mark><\/h2>\n\n\n\n<p>Pour donner encore plus d\u2019impact \u00e0 votre lettre de motivation, pensez \u00e0 :<\/p>\n\n\n\n<ul><li>personnaliser votre lettre en fonction de la formation et de votre projet ;<br><\/li><li>montrer que vous connaissez les enjeux du m\u00e9tier et du titre vis\u00e9 ;<br><\/li><li>mettre en valeur vos exp\u00e9riences, m\u00eame dans d\u2019autres domaines ;<br><\/li><li>valoriser vos qualit\u00e9s personnelles : rigueur, logique, fiabilit\u00e9 ;<br><\/li><li>\u00e9crire dans un style fluide, sans fautes, avec une structure claire.<\/li><\/ul>\n\n\n\n<h3><mark style=\"background-color:rgba(0, 0, 0, 0);color:#ff7e00\" class=\"has-inline-color\">Les erreurs \u00e0 \u00e9viter<\/mark><\/h3>\n\n\n\n<p>Certaines maladresses peuvent nuire \u00e0 la qualit\u00e9 de votre candidature. Attention \u00e0 ne pas :<\/p>\n\n\n\n<ul><li>envoyer une lettre trop g\u00e9n\u00e9rale ou copier-coll\u00e9e ;<br><\/li><li>oublier d\u2019expliquer pourquoi vous choisissez la comptabilit\u00e9 ou la fiscalit\u00e9 ;<br><\/li><li>lister vos exp\u00e9riences sans lien avec le m\u00e9tier vis\u00e9 ;<br><\/li><li>laisser des fautes d\u2019orthographe ou une mise en page n\u00e9glig\u00e9e ;<br><\/li><li>oublier de conclure ou de montrer que vous \u00eates disponible pour un entretien.<\/li><\/ul>\n\n\n\n<div class=\"wp-block-media-text alignwide is-stacked-on-mobile is-vertically-aligned-center has-background\" style=\"background-color:#f3f0f0;grid-template-columns:20% auto\"><figure class=\"wp-block-media-text__media\"><img loading=\"lazy\" width=\"128\" height=\"128\" src=\"https:\/\/www.efcformation.com\/reussite-efc\/wp-content\/uploads\/2022\/11\/bouton-dinformation-1.png\" alt=\"\" class=\"wp-image-3051 size-full\" srcset=\"https:\/\/www.efcformation.com\/reussite-efc\/wp-content\/uploads\/2022\/11\/bouton-dinformation-1.png 128w, https:\/\/www.efcformation.com\/reussite-efc\/wp-content\/uploads\/2022\/11\/bouton-dinformation-1-45x45.png 45w\" sizes=\"(max-width: 128px) 100vw, 128px\" \/><\/figure><div class=\"wp-block-media-text__content\">\n<div style=\"height:6px\" aria-hidden=\"true\" class=\"wp-block-spacer\"><\/div>\n\n\n\n<div class=\"wp-container-4 wp-block-group\"><div class=\"wp-block-group__inner-container\">\n<h6 class=\"has-medium-font-size\"><strong>Vous \u00eates int\u00e9ress\u00e9(e) par nos formations en comptabilit\u00e9 ? <\/strong><\/h6>\n\n\n\n<p style=\"font-size:16px\">Compl\u00e9tez notre demande de renseignements, \u00e9changez avec un conseiller d&rsquo;\u00e9tudes et obtenez toutes les r\u00e9ponses \u00e0 vos questions ! \ud83d\udcac<\/p>\n<\/div><\/div>\n\n\n\n<div class=\"wp-container-5 is-content-justification-left wp-block-buttons\">\n<div class=\"wp-block-button\"><a class=\"wp-block-button__link has-white-color has-text-color has-background\" href=\"#formulaire-efc\" style=\"background-color:#5b0cd1\"><strong>Plus d&rsquo;informations<\/strong><\/a><\/div>\n<\/div>\n\n\n\n<div style=\"height:12px\" aria-hidden=\"true\" class=\"wp-block-spacer\"><\/div>\n<\/div><\/div>\n","protected":false},"excerpt":{"rendered":"<p>R\u00e9diger une lettre de motivation pour int\u00e9grer le Titre Professionnel Gestionnaire Comptable et Fiscal (TP GCF) est une \u00e9tape cl\u00e9 pour valoriser votre projet de formation. Ce document doit d\u00e9montrer votre engagement, vos comp\u00e9tences et votre volont\u00e9 de vous professionnaliser dans les domaines de la comptabilit\u00e9 et de la fiscalit\u00e9. Chez EFC Formation, nous proposons [&hellip;]<\/p>\n","protected":false},"author":2,"featured_media":5748,"comment_status":"open","ping_status":"open","sticky":false,"template":"","format":"standard","meta":[],"categories":[13],"tags":[],"yoast_head":"<!-- This site is optimized with the Yoast SEO plugin v19.5.1 - https:\/\/yoast.com\/wordpress\/plugins\/seo\/ -->\n<title>Lettre de motivation TP gestionnaire comptable et fiscal<\/title>\n<meta name=\"description\" content=\"Mod\u00e8le de lettre de motivation pour le Titre Gestionnaire Comptable et Fiscal \u00e0 adapter selon votre parcours \ud83d\udcdd\" \/>\n<meta name=\"robots\" content=\"index, follow, max-snippet:-1, max-image-preview:large, max-video-preview:-1\" \/>\n<link rel=\"canonical\" href=\"https:\/\/www.efcformation.com\/reussite-efc\/comptabilite\/exemple-lettre-de-motivation-titre-professionnel-gestionnaire-comptable-et-fiscal\/\" \/>\n<meta property=\"og:locale\" content=\"fr_FR\" \/>\n<meta property=\"og:type\" content=\"article\" \/>\n<meta property=\"og:title\" content=\"Lettre de motivation TP gestionnaire comptable et fiscal\" \/>\n<meta property=\"og:description\" content=\"Mod\u00e8le de lettre de motivation pour le Titre Gestionnaire Comptable et Fiscal \u00e0 adapter selon votre parcours \ud83d\udcdd\" \/>\n<meta property=\"og:url\" content=\"https:\/\/www.efcformation.com\/reussite-efc\/comptabilite\/exemple-lettre-de-motivation-titre-professionnel-gestionnaire-comptable-et-fiscal\/\" \/>\n<meta property=\"og:site_name\" content=\"Reussite EFC Fomation - Le Blog EFC Formation\" \/>\n<meta property=\"article:published_time\" content=\"2025-06-12T09:00:00+00:00\" \/>\n<meta property=\"article:modified_time\" content=\"2025-06-11T09:28:51+00:00\" \/>\n<meta property=\"og:image\" content=\"https:\/\/www.efcformation.com\/reussite-efc\/wp-content\/uploads\/2025\/05\/gestionnaire-comptable-et-fiscal-lettre-motivation.jpg\" \/>\n\t<meta property=\"og:image:width\" content=\"1000\" \/>\n\t<meta property=\"og:image:height\" content=\"667\" \/>\n\t<meta property=\"og:image:type\" content=\"image\/jpeg\" \/>\n<meta name=\"author\" content=\"Cedric\" \/>\n<meta name=\"twitter:card\" content=\"summary\" \/>\n<meta name=\"twitter:label1\" content=\"\u00c9crit par\" \/>\n\t<meta name=\"twitter:data1\" content=\"Cedric\" \/>\n\t<meta name=\"twitter:label2\" content=\"Dur\u00e9e de lecture estim\u00e9e\" \/>\n\t<meta name=\"twitter:data2\" content=\"6 minutes\" \/>\n<script type=\"application\/ld+json\" class=\"yoast-schema-graph\">{\"@context\":\"https:\/\/schema.org\",\"@graph\":[{\"@type\":\"WebPage\",\"@id\":\"https:\/\/www.efcformation.com\/reussite-efc\/comptabilite\/exemple-lettre-de-motivation-titre-professionnel-gestionnaire-comptable-et-fiscal\/\",\"url\":\"https:\/\/www.efcformation.com\/reussite-efc\/comptabilite\/exemple-lettre-de-motivation-titre-professionnel-gestionnaire-comptable-et-fiscal\/\",\"name\":\"Lettre de motivation TP gestionnaire comptable et fiscal\",\"isPartOf\":{\"@id\":\"https:\/\/www.efcformation.com\/reussite-efc\/#website\"},\"datePublished\":\"2025-06-12T09:00:00+00:00\",\"dateModified\":\"2025-06-11T09:28:51+00:00\",\"author\":{\"@id\":\"https:\/\/www.efcformation.com\/reussite-efc\/#\/schema\/person\/abaed1900276838c79042daed3572b3c\"},\"description\":\"Mod\u00e8le de lettre de motivation pour le Titre Gestionnaire Comptable et Fiscal \u00e0 adapter selon votre parcours \ud83d\udcdd\",\"breadcrumb\":{\"@id\":\"https:\/\/www.efcformation.com\/reussite-efc\/comptabilite\/exemple-lettre-de-motivation-titre-professionnel-gestionnaire-comptable-et-fiscal\/#breadcrumb\"},\"inLanguage\":\"fr-FR\",\"potentialAction\":[{\"@type\":\"ReadAction\",\"target\":[\"https:\/\/www.efcformation.com\/reussite-efc\/comptabilite\/exemple-lettre-de-motivation-titre-professionnel-gestionnaire-comptable-et-fiscal\/\"]}]},{\"@type\":\"BreadcrumbList\",\"@id\":\"https:\/\/www.efcformation.com\/reussite-efc\/comptabilite\/exemple-lettre-de-motivation-titre-professionnel-gestionnaire-comptable-et-fiscal\/#breadcrumb\",\"itemListElement\":[{\"@type\":\"ListItem\",\"position\":1,\"name\":\"Accueil\",\"item\":\"https:\/\/www.efcformation.com\/reussite-efc\/\"},{\"@type\":\"ListItem\",\"position\":2,\"name\":\"Exemple de lettre de motivation pour le Titre Professionnel Gestionnaire Comptable et Fiscal\"}]},{\"@type\":\"WebSite\",\"@id\":\"https:\/\/www.efcformation.com\/reussite-efc\/#website\",\"url\":\"https:\/\/www.efcformation.com\/reussite-efc\/\",\"name\":\"Reussite EFC Fomation - Le Blog EFC Formation\",\"description\":\"\",\"potentialAction\":[{\"@type\":\"SearchAction\",\"target\":{\"@type\":\"EntryPoint\",\"urlTemplate\":\"https:\/\/www.efcformation.com\/reussite-efc\/?s={search_term_string}\"},\"query-input\":\"required name=search_term_string\"}],\"inLanguage\":\"fr-FR\"},{\"@type\":\"Person\",\"@id\":\"https:\/\/www.efcformation.com\/reussite-efc\/#\/schema\/person\/abaed1900276838c79042daed3572b3c\",\"name\":\"Cedric\",\"image\":{\"@type\":\"ImageObject\",\"inLanguage\":\"fr-FR\",\"@id\":\"https:\/\/www.efcformation.com\/reussite-efc\/#\/schema\/person\/image\/\",\"url\":\"https:\/\/secure.gravatar.com\/avatar\/a438e79d374ba264c89f89eea94f3dd7?s=96&d=mm&r=g\",\"contentUrl\":\"https:\/\/secure.gravatar.com\/avatar\/a438e79d374ba264c89f89eea94f3dd7?s=96&d=mm&r=g\",\"caption\":\"Cedric\"},\"url\":\"https:\/\/www.efcformation.com\/reussite-efc\/author\/webrivageseo\/\"}]}<\/script>\n<!-- \/ Yoast SEO plugin. -->","yoast_head_json":{"title":"Lettre de motivation TP gestionnaire comptable et fiscal","description":"Mod\u00e8le de lettre de motivation pour le Titre Gestionnaire Comptable et Fiscal \u00e0 adapter selon votre parcours \ud83d\udcdd","robots":{"index":"index","follow":"follow","max-snippet":"max-snippet:-1","max-image-preview":"max-image-preview:large","max-video-preview":"max-video-preview:-1"},"canonical":"https:\/\/www.efcformation.com\/reussite-efc\/comptabilite\/exemple-lettre-de-motivation-titre-professionnel-gestionnaire-comptable-et-fiscal\/","og_locale":"fr_FR","og_type":"article","og_title":"Lettre de motivation TP gestionnaire comptable et fiscal","og_description":"Mod\u00e8le de lettre de motivation pour le Titre Gestionnaire Comptable et Fiscal \u00e0 adapter selon votre parcours \ud83d\udcdd","og_url":"https:\/\/www.efcformation.com\/reussite-efc\/comptabilite\/exemple-lettre-de-motivation-titre-professionnel-gestionnaire-comptable-et-fiscal\/","og_site_name":"Reussite EFC Fomation - Le Blog EFC Formation","article_published_time":"2025-06-12T09:00:00+00:00","article_modified_time":"2025-06-11T09:28:51+00:00","og_image":[{"width":1000,"height":667,"url":"https:\/\/www.efcformation.com\/reussite-efc\/wp-content\/uploads\/2025\/05\/gestionnaire-comptable-et-fiscal-lettre-motivation.jpg","type":"image\/jpeg"}],"author":"Cedric","twitter_card":"summary","twitter_misc":{"\u00c9crit par":"Cedric","Dur\u00e9e de lecture estim\u00e9e":"6 minutes"},"schema":{"@context":"https:\/\/schema.org","@graph":[{"@type":"WebPage","@id":"https:\/\/www.efcformation.com\/reussite-efc\/comptabilite\/exemple-lettre-de-motivation-titre-professionnel-gestionnaire-comptable-et-fiscal\/","url":"https:\/\/www.efcformation.com\/reussite-efc\/comptabilite\/exemple-lettre-de-motivation-titre-professionnel-gestionnaire-comptable-et-fiscal\/","name":"Lettre de motivation TP gestionnaire comptable et fiscal","isPartOf":{"@id":"https:\/\/www.efcformation.com\/reussite-efc\/#website"},"datePublished":"2025-06-12T09:00:00+00:00","dateModified":"2025-06-11T09:28:51+00:00","author":{"@id":"https:\/\/www.efcformation.com\/reussite-efc\/#\/schema\/person\/abaed1900276838c79042daed3572b3c"},"description":"Mod\u00e8le de lettre de motivation pour le Titre Gestionnaire Comptable et Fiscal \u00e0 adapter selon votre parcours \ud83d\udcdd","breadcrumb":{"@id":"https:\/\/www.efcformation.com\/reussite-efc\/comptabilite\/exemple-lettre-de-motivation-titre-professionnel-gestionnaire-comptable-et-fiscal\/#breadcrumb"},"inLanguage":"fr-FR","potentialAction":[{"@type":"ReadAction","target":["https:\/\/www.efcformation.com\/reussite-efc\/comptabilite\/exemple-lettre-de-motivation-titre-professionnel-gestionnaire-comptable-et-fiscal\/"]}]},{"@type":"BreadcrumbList","@id":"https:\/\/www.efcformation.com\/reussite-efc\/comptabilite\/exemple-lettre-de-motivation-titre-professionnel-gestionnaire-comptable-et-fiscal\/#breadcrumb","itemListElement":[{"@type":"ListItem","position":1,"name":"Accueil","item":"https:\/\/www.efcformation.com\/reussite-efc\/"},{"@type":"ListItem","position":2,"name":"Exemple de lettre de motivation pour le Titre Professionnel Gestionnaire Comptable et Fiscal"}]},{"@type":"WebSite","@id":"https:\/\/www.efcformation.com\/reussite-efc\/#website","url":"https:\/\/www.efcformation.com\/reussite-efc\/","name":"Reussite EFC Fomation - Le Blog EFC Formation","description":"","potentialAction":[{"@type":"SearchAction","target":{"@type":"EntryPoint","urlTemplate":"https:\/\/www.efcformation.com\/reussite-efc\/?s={search_term_string}"},"query-input":"required name=search_term_string"}],"inLanguage":"fr-FR"},{"@type":"Person","@id":"https:\/\/www.efcformation.com\/reussite-efc\/#\/schema\/person\/abaed1900276838c79042daed3572b3c","name":"Cedric","image":{"@type":"ImageObject","inLanguage":"fr-FR","@id":"https:\/\/www.efcformation.com\/reussite-efc\/#\/schema\/person\/image\/","url":"https:\/\/secure.gravatar.com\/avatar\/a438e79d374ba264c89f89eea94f3dd7?s=96&d=mm&r=g","contentUrl":"https:\/\/secure.gravatar.com\/avatar\/a438e79d374ba264c89f89eea94f3dd7?s=96&d=mm&r=g","caption":"Cedric"},"url":"https:\/\/www.efcformation.com\/reussite-efc\/author\/webrivageseo\/"}]}},"_links":{"self":[{"href":"https:\/\/www.efcformation.com\/reussite-efc\/wp-json\/wp\/v2\/posts\/5745"}],"collection":[{"href":"https:\/\/www.efcformation.com\/reussite-efc\/wp-json\/wp\/v2\/posts"}],"about":[{"href":"https:\/\/www.efcformation.com\/reussite-efc\/wp-json\/wp\/v2\/types\/post"}],"author":[{"embeddable":true,"href":"https:\/\/www.efcformation.com\/reussite-efc\/wp-json\/wp\/v2\/users\/2"}],"replies":[{"embeddable":true,"href":"https:\/\/www.efcformation.com\/reussite-efc\/wp-json\/wp\/v2\/comments?post=5745"}],"version-history":[{"count":6,"href":"https:\/\/www.efcformation.com\/reussite-efc\/wp-json\/wp\/v2\/posts\/5745\/revisions"}],"predecessor-version":[{"id":5789,"href":"https:\/\/www.efcformation.com\/reussite-efc\/wp-json\/wp\/v2\/posts\/5745\/revisions\/5789"}],"wp:featuredmedia":[{"embeddable":true,"href":"https:\/\/www.efcformation.com\/reussite-efc\/wp-json\/wp\/v2\/media\/5748"}],"wp:attachment":[{"href":"https:\/\/www.efcformation.com\/reussite-efc\/wp-json\/wp\/v2\/media?parent=5745"}],"wp:term":[{"taxonomy":"category","embeddable":true,"href":"https:\/\/www.efcformation.com\/reussite-efc\/wp-json\/wp\/v2\/categories?post=5745"},{"taxonomy":"post_tag","embeddable":true,"href":"https:\/\/www.efcformation.com\/reussite-efc\/wp-json\/wp\/v2\/tags?post=5745"}],"curies":[{"name":"wp","href":"https:\/\/api.w.org\/{rel}","templated":true}]}}