{"id":5868,"date":"2025-09-13T17:46:00","date_gmt":"2025-09-13T15:46:00","guid":{"rendered":"https:\/\/www.efcformation.com\/reussite-efc\/?p=5868"},"modified":"2025-09-11T10:38:23","modified_gmt":"2025-09-11T08:38:23","slug":"qualites-rh","status":"publish","type":"post","link":"https:\/\/www.efcformation.com\/reussite-efc\/ressources-humaines\/qualites-rh\/","title":{"rendered":"Quelles sont les qualit\u00e9s d&rsquo;un bon professionnel RH ?"},"content":{"rendered":"\n<p>Le professionnel des ressources humaines occupe une position unique dans l&rsquo;entreprise. V\u00e9ritable interface entre les collaborateurs, les managers et la direction, il constitue un pilier essentiel du bien-\u00eatre et de la performance organisationnelle. Ce r\u00f4le strat\u00e9gique requiert un \u00e9quilibre subtil entre expertise technique et intelligence relationnelle.<\/p>\n\n\n\n<h2><mark style=\"background-color:rgba(0, 0, 0, 0);color:#0f1555\" class=\"has-inline-color\">Les qualit\u00e9s humaines (soft skills) <\/mark><mark style=\"background-color:rgba(0, 0, 0, 0);color:#ff7e00\" class=\"has-inline-color\">indispensables d&rsquo;un bon professionnel RH<\/mark><\/h2>\n\n\n\n<p>Les comp\u00e9tences relationnelles forment le socle du m\u00e9tier RH. Elles d\u00e9terminent la capacit\u00e9 du professionnel \u00e0 cr\u00e9er un climat de confiance, \u00e0 r\u00e9soudre les tensions et \u00e0 accompagner efficacement les transformations humaines de l&rsquo;entreprise.<\/p>\n\n\n\n<h3>\u00c9coute active et empathie<\/h3>\n\n\n\n<p>L&rsquo;\u00e9coute active constitue la premi\u00e8re des&nbsp;<strong>qualit\u00e9s RH<\/strong>&nbsp;fondamentales. Elle va bien au-del\u00e0 de l&rsquo;audition passive : elle implique une attention totale \u00e0 l&rsquo;interlocuteur, une capacit\u00e9 \u00e0 d\u00e9coder les non-dits et \u00e0 comprendre les enjeux \u00e9motionnels sous-jacents. Cette qualit\u00e9 permet d&rsquo;instaurer un climat de confiance indispensable pour recueillir les vraies pr\u00e9occupations des collaborateurs.<\/p>\n\n\n\n<p>L&#8217;empathie compl\u00e8te cette \u00e9coute en permettant au professionnel RH de se mettre \u00e0 la place de son interlocuteur sans pour autant perdre son objectivit\u00e9. Cette capacit\u00e9 s&rsquo;av\u00e8re pr\u00e9cieuse pour pr\u00e9venir les conflits, accompagner les collaborateurs en difficult\u00e9 ou simplement cr\u00e9er un environnement de travail plus serein. Un professionnel empathique sait reconna\u00eetre les signaux de d\u00e9tresse et adapter son approche selon les personnalit\u00e9s et les situations.<\/p>\n\n\n\n<h3>Communication claire et relationnel<\/h3>\n\n\n\n<p>Savoir communiquer efficacement repr\u00e9sente un atout majeur dans le quotidien RH. Cette comp\u00e9tence se d\u00e9cline sous plusieurs formes : la communication orale lors des entretiens et r\u00e9unions, la communication \u00e9crite pour les proc\u00e9dures et les comptes-rendus, et la communication non-verbale qui influence consid\u00e9rablement les interactions.<\/p>\n\n\n\n<p>Le professionnel RH doit ma\u00eetriser l&rsquo;art de la diplomatie pour transmettre des d\u00e9cisions parfois difficiles, mener des n\u00e9gociations d\u00e9licates ou maintenir un climat serein lors de situations tendues. Sa capacit\u00e9 \u00e0 adapter son niveau de langage selon ses interlocuteurs, collaborateurs, managers, direction, partenaires sociaux, d\u00e9termine largement son efficacit\u00e9.<\/p>\n\n\n<div class=\"wp-block-image\">\n<figure class=\"aligncenter size-full\"><img loading=\"lazy\" width=\"1000\" height=\"667\" src=\"https:\/\/www.efcformation.com\/reussite-efc\/wp-content\/uploads\/2025\/08\/un-bon-rh.jpg\" alt=\"qualit\u00e9s d'un bon rh\" class=\"wp-image-5911\" srcset=\"https:\/\/www.efcformation.com\/reussite-efc\/wp-content\/uploads\/2025\/08\/un-bon-rh.jpg 1000w, https:\/\/www.efcformation.com\/reussite-efc\/wp-content\/uploads\/2025\/08\/un-bon-rh-300x200.jpg 300w, https:\/\/www.efcformation.com\/reussite-efc\/wp-content\/uploads\/2025\/08\/un-bon-rh-768x512.jpg 768w\" sizes=\"(max-width: 1000px) 100vw, 1000px\" \/><\/figure><\/div>\n\n\n<h3>Adaptabilit\u00e9 et ouverture d&rsquo;esprit<\/h3>\n\n\n\n<p>L&rsquo;adaptabilit\u00e9 s&rsquo;impose comme une qualit\u00e9 cruciale dans un environnement professionnel en constante \u00e9volution. Le professionnel RH doit s&rsquo;ajuster aux \u00e9volutions r\u00e9glementaires, aux nouvelles attentes g\u00e9n\u00e9rationnelles, \u00e0 l&rsquo;arriv\u00e9e de nouveaux outils technologiques et aux changements organisationnels fr\u00e9quents.<\/p>\n\n\n\n<p>Cette ouverture d&rsquo;esprit se traduit par une curiosit\u00e9 naturelle envers les innovations, une capacit\u00e9 \u00e0 remettre en question ses pratiques et une volont\u00e9 d&rsquo;apprendre en permanence. Elle permet \u00e9galement d&rsquo;accueillir favorablement la diversit\u00e9 des profils et des approches, enrichissant ainsi la r\u00e9flexion strat\u00e9gique RH.<\/p>\n\n\n\n<h3>Esprit d&rsquo;\u00e9quipe et coh\u00e9sion<\/h3>\n\n\n\n<p>Bien que souvent per\u00e7u comme un m\u00e9diateur, le <strong>professionnel RH doit lui-m\u00eame faire preuve d&rsquo;un excellent esprit d&rsquo;\u00e9quipe<\/strong>. Il collabore quotidiennement avec de multiples acteurs : direction g\u00e9n\u00e9rale, managers op\u00e9rationnels, collaborateurs, repr\u00e9sentants du personnel, prestataires externes.<\/p>\n\n\n\n<p>Sa capacit\u00e9 \u00e0 f\u00e9d\u00e9rer ces diff\u00e9rents interlocuteurs autour d&rsquo;objectifs communs influence directement l&rsquo;efficacit\u00e9 des projets RH. Il doit savoir cr\u00e9er des synergies, favoriser les \u00e9changes constructifs et promouvoir un fonctionnement collectif harmonieux m\u00eame dans des contextes complexes.<\/p>\n\n\n\n<h3>Leadership humain<\/h3>\n\n\n\n<p>Le leadership du professionnel RH se distingue par sa dimension humaine. Il ne s&rsquo;agit pas d&rsquo;imposer des d\u00e9cisions par l&rsquo;autorit\u00e9, mais plut\u00f4t de guider, d&rsquo;inspirer et d&rsquo;accompagner les transformations. Cette forme de leadership s&rsquo;appuie sur l&rsquo;exemplarit\u00e9, la coh\u00e9rence entre les paroles et les actes, et la capacit\u00e9 \u00e0 mobiliser les \u00e9nergies autour d&rsquo;une vision partag\u00e9e.<\/p>\n\n\n\n<p>Cette qualit\u00e9 se manifeste \u00e9galement dans la capacit\u00e9 \u00e0 d\u00e9l\u00e9guer efficacement, \u00e0 faire confiance et \u00e0 responsabiliser les \u00e9quipes. Le leader RH sait faire preuve d&rsquo;autorit\u00e9 quand la situation l&rsquo;exige, tout en conservant une approche bienveillante et respectueuse.<\/p>\n\n\n\n<h3>Prise de d\u00e9cision et r\u00e9solution de conflits<\/h3>\n\n\n\n<p>La fonction RH implique r\u00e9guli\u00e8rement des prises de d\u00e9cision dans des contextes sensibles o\u00f9 les enjeux humains sont importants. Cette responsabilit\u00e9 exige du discernement, une capacit\u00e9 d&rsquo;analyse approfondie et le courage d&rsquo;assumer des choix parfois difficiles.<\/p>\n\n\n\n<p>La r\u00e9solution de conflits constitue l&rsquo;un des aspects les plus d\u00e9licats du m\u00e9tier. Elle n\u00e9cessite une approche m\u00e9thodique, une neutralit\u00e9 bienveillante et des techniques de m\u00e9diation \u00e9prouv\u00e9es. Le professionnel RH doit savoir d\u00e9passionner les d\u00e9bats, identifier les vrais enjeux et proposer des solutions acceptables pour toutes les parties.<\/p>\n\n\n\n<h2><mark style=\"background-color:rgba(0, 0, 0, 0);color:#0f1555\" class=\"has-inline-color\">Les comp\u00e9tences techniques (hard skills) essentielles d&rsquo;un bon <\/mark><mark style=\"background-color:rgba(0, 0, 0, 0);color:#ff7e00\" class=\"has-inline-color\">professionnel RH<\/mark><\/h2>\n\n\n\n<p>Au-del\u00e0 des qualit\u00e9s relationnelles, le professionnel RH moderne doit ma\u00eetriser un socle de comp\u00e9tences techniques solide. Ces expertises garantissent la fiabilit\u00e9 de son action et sa cr\u00e9dibilit\u00e9 aupr\u00e8s de tous les interlocuteurs.<\/p>\n\n\n\n<h3>Connaissances juridiques et droit du travail<\/h3>\n\n\n\n<p>La <strong>ma\u00eetrise du droit du travail<\/strong> constitue le fondement technique de la profession RH. Cette expertise couvre de multiples domaines : r\u00e9daction et gestion des contrats de travail, application des conventions collectives, respect des proc\u00e9dures disciplinaires, organisation du dialogue social.<\/p>\n\n\n\n<p>Le professionnel RH doit \u00e9galement comprendre les enjeux li\u00e9s aux instances repr\u00e9sentatives du personnel, aux n\u00e9gociations collectives et aux proc\u00e9dures de consultation obligatoires. Cette connaissance juridique lui permet de s\u00e9curiser les d\u00e9cisions de l&rsquo;entreprise et de conseiller efficacement les managers dans leurs pratiques manag\u00e9riales.<\/p>\n\n\n\n<h3>Ma\u00eetrise des outils et logiciels RH<\/h3>\n\n\n\n<p>La digitalisation transforme profond\u00e9ment les m\u00e9tiers RH. La ma\u00eetrise des syst\u00e8mes d&rsquo;information de ressources humaines (SIRH), des applicant tracking systems (ATS) pour le recrutement, et des plateformes de gestion de la paie devient indispensable.<\/p>\n\n\n\n<p>Ces outils permettent de fiabiliser les processus, de gagner en efficacit\u00e9 et de produire des analyses plus fines. Le professionnel RH moderne doit savoir exploiter ces technologies pour automatiser les t\u00e2ches r\u00e9p\u00e9titives et se concentrer sur les missions \u00e0 plus forte valeur ajout\u00e9e.<\/p>\n\n\n\n<div class=\"wp-block-media-text alignwide is-stacked-on-mobile is-vertically-aligned-center has-background\" style=\"background-color:#f3f0f0;grid-template-columns:20% auto\"><figure class=\"wp-block-media-text__media\"><img loading=\"lazy\" width=\"128\" height=\"128\" src=\"https:\/\/www.efcformation.com\/reussite-efc\/wp-content\/uploads\/2022\/11\/bouton-dinformation-1.png\" alt=\"\" class=\"wp-image-3051 size-full\" srcset=\"https:\/\/www.efcformation.com\/reussite-efc\/wp-content\/uploads\/2022\/11\/bouton-dinformation-1.png 128w, https:\/\/www.efcformation.com\/reussite-efc\/wp-content\/uploads\/2022\/11\/bouton-dinformation-1-45x45.png 45w\" sizes=\"(max-width: 128px) 100vw, 128px\" \/><\/figure><div class=\"wp-block-media-text__content\">\n<div style=\"height:6px\" aria-hidden=\"true\" class=\"wp-block-spacer\"><\/div>\n\n\n\n<div class=\"wp-container-1 wp-block-group\"><div class=\"wp-block-group__inner-container\">\n<h6 class=\"has-medium-font-size\"><strong>Vous \u00eates int\u00e9ress\u00e9(e) par nos formations en ressources humaines ? <\/strong><\/h6>\n\n\n\n<p style=\"font-size:16px\">Compl\u00e9tez notre demande de renseignements, \u00e9changez avec un conseiller d&rsquo;\u00e9tudes et obtenez toutes les r\u00e9ponses \u00e0 vos questions ! \ud83d\udcac<\/p>\n<\/div><\/div>\n\n\n\n<div class=\"wp-container-2 is-content-justification-left wp-block-buttons\">\n<div class=\"wp-block-button\"><a class=\"wp-block-button__link has-white-color has-text-color has-background\" href=\"#formulaire-efc\" style=\"background-color:#5b0cd1\"><strong>Plus d&rsquo;informations<\/strong><\/a><\/div>\n<\/div>\n\n\n\n<div style=\"height:12px\" aria-hidden=\"true\" class=\"wp-block-spacer\"><\/div>\n<\/div><\/div>\n\n\n\n<h3>Recrutement et administration du personnel<\/h3>\n\n\n\n<p>L&rsquo;expertise en recrutement englobe toute la cha\u00eene : d\u00e9finition du besoin, r\u00e9daction d&rsquo;annonces, sourcing des candidats, conduite d&rsquo;entretiens, techniques d&rsquo;\u00e9valuation et processus d&rsquo;int\u00e9gration. Cette comp\u00e9tence exige une bonne connaissance des m\u00e9tiers de l&rsquo;entreprise et des \u00e9volutions du march\u00e9 de l&#8217;emploi.<\/p>\n\n\n\n<p>L&rsquo;administration du personnel, bien que moins visible, reste cruciale. Elle comprend la gestion des contrats, le suivi des carri\u00e8res, l&rsquo;organisation des formations, la gestion des cong\u00e9s et absences. Cette rigueur administrative garantit le respect des obligations l\u00e9gales et la qualit\u00e9 du service rendu aux collaborateurs.<\/p>\n\n\n\n<h3>Gestion du temps et organisation<\/h3>\n\n\n\n<p>La multiplicit\u00e9 des responsabilit\u00e9s RH exige une organisation rigoureuse. Le professionnel doit savoir prioriser ses t\u00e2ches, planifier ses activit\u00e9s et respecter des d\u00e9lais souvent contraints. Cette comp\u00e9tence organisationnelle lui permet de g\u00e9rer simultan\u00e9ment des dossiers urgents et des projets de long terme.<\/p>\n\n\n\n<p>La gestion du temps inclut \u00e9galement la <strong>capacit\u00e9 \u00e0 anticiper les pics d&rsquo;activit\u00e9<\/strong>, \u00e0 d\u00e9l\u00e9guer efficacement et \u00e0 maintenir un niveau de service constant malgr\u00e9 la pression temporelle.<\/p>\n\n\n\n<h2><mark style=\"background-color:rgba(0, 0, 0, 0);color:#0f1555\" class=\"has-inline-color\">Comp\u00e9tences d&rsquo;avenir : anticiper les <\/mark><mark style=\"background-color:rgba(0, 0, 0, 0);color:#ff7e00\" class=\"has-inline-color\">enjeux RH de demain<\/mark><\/h2>\n\n\n\n<p>Le m\u00e9tier RH \u00e9volue rapidement sous l&rsquo;influence des transformations technologiques et soci\u00e9tales. Les professionnels doivent d\u00e9velopper de nouvelles comp\u00e9tences pour rester pertinents et efficaces dans ce contexte changeant.<\/p>\n\n\n\n<h3>People analytics et gestion strat\u00e9gique<\/h3>\n\n\n\n<p><strong>L&rsquo;analyse des donn\u00e9es RH (people analytics)<\/strong> transforme l&rsquo;approche traditionnelle du m\u00e9tier. Cette comp\u00e9tence permet d&rsquo;utiliser les donn\u00e9es pour \u00e9clairer les d\u00e9cisions strat\u00e9giques : pr\u00e9diction du turnover, optimisation des processus de recrutement, mesure de l&rsquo;engagement des collaborateurs.<\/p>\n\n\n\n<p>Le professionnel RH devient ainsi un v\u00e9ritable business partner, capable de d\u00e9montrer l&rsquo;impact de ses actions sur la performance de l&rsquo;entreprise. Cette approche data-driven n\u00e9cessite des comp\u00e9tences en analyse statistique et une capacit\u00e9 \u00e0 traduire les donn\u00e9es en recommandations op\u00e9rationnelles.<\/p>\n\n\n\n<h3>Conduite du changement et conseil<\/h3>\n\n\n\n<p>L&rsquo;acc\u00e9l\u00e9ration des transformations organisationnelles place la conduite du changement au c\u0153ur des missions RH. Cette comp\u00e9tence implique une compr\u00e9hension fine des r\u00e9sistances humaines, une ma\u00eetrise des m\u00e9thodologies d&rsquo;accompagnement et une capacit\u00e9 \u00e0 proposer des parcours innovants.<\/p>\n\n\n\n<p>Le r\u00f4le de conseil interne se d\u00e9veloppe \u00e9galement : le professionnel RH devient un expert qui \u00e9claire les d\u00e9cisions strat\u00e9giques et propose des solutions cr\u00e9atives aux d\u00e9fis organisationnels.<\/p>\n\n\n<div class=\"wp-block-image\">\n<figure class=\"aligncenter size-full\"><img loading=\"lazy\" width=\"1000\" height=\"667\" src=\"https:\/\/www.efcformation.com\/reussite-efc\/wp-content\/uploads\/2025\/08\/qualites-dun-bon-rh-2.jpg\" alt=\"qualit\u00e9s d'un bon rh\" class=\"wp-image-5910\" srcset=\"https:\/\/www.efcformation.com\/reussite-efc\/wp-content\/uploads\/2025\/08\/qualites-dun-bon-rh-2.jpg 1000w, https:\/\/www.efcformation.com\/reussite-efc\/wp-content\/uploads\/2025\/08\/qualites-dun-bon-rh-2-300x200.jpg 300w, https:\/\/www.efcformation.com\/reussite-efc\/wp-content\/uploads\/2025\/08\/qualites-dun-bon-rh-2-768x512.jpg 768w\" sizes=\"(max-width: 1000px) 100vw, 1000px\" \/><\/figure><\/div>\n\n\n<h3>\u00c9thique, vie priv\u00e9e et RGPD<\/h3>\n\n\n\n<p>La protection des donn\u00e9es personnelles et le respect de la vie priv\u00e9e des collaborateurs constituent des enjeux majeurs. Le professionnel RH doit ma\u00eetriser les exigences du RGPD, les principes de minimisation des donn\u00e9es et les r\u00e8gles de consentement.<\/p>\n\n\n\n<p>Cette comp\u00e9tence s&rsquo;\u00e9tend \u00e0 une r\u00e9flexion plus large sur l&rsquo;\u00e9thique RH : \u00e9quit\u00e9 dans les processus, lutte contre les discriminations, transparence des d\u00e9cisions. Ces pr\u00e9occupations influencent d\u00e9sormais toutes les pratiques RH.<\/p>\n\n\n\n<h3>R\u00e9silience, collaboration interservices et gestion de projets<\/h3>\n\n\n\n<p>La complexit\u00e9 croissante des organisations exige des professionnels RH r\u00e9silients, capables de maintenir leur efficacit\u00e9 dans des environnements incertains. Cette r\u00e9silience se nourrit d&rsquo;une capacit\u00e9 d&rsquo;adaptation constante et d&rsquo;une gestion efficace du stress.<\/p>\n\n\n\n<p>La collaboration interservices devient \u00e9galement cruciale : le professionnel RH travaille de plus en plus avec les directions informatique, juridique, marketing ou encore finance. Cette transversalit\u00e9 n\u00e9cessite une ouverture d&rsquo;esprit et une capacit\u00e9 \u00e0 comprendre les enjeux de chaque m\u00e9tier.<\/p>\n\n\n\n<p>La gestion de projets RH innovants compl\u00e8te ce panel de comp\u00e9tences futures. Elle implique une ma\u00eetrise des m\u00e9thodologies projet, une capacit\u00e9 \u00e0 f\u00e9d\u00e9rer des \u00e9quipes pluridisciplinaires et un sens du r\u00e9sultat.<\/p>\n\n\n\n<p>\ud83d\udc49 <strong>Vous souhaitez travailler dans les ressources humaines ?<\/strong> <\/p>\n\n\n\n<p>Chez EFC Formation nous proposons des <a href=\"https:\/\/www.efcformation.com\/secteurs\/paie-ressources-humaines\" target=\"_blank\" rel=\"noreferrer noopener\">formations \u00e0 distance pour devenir un professionnel RH<\/a>. <br>D\u00e9couvrez notamment notre <a href=\"https:\/\/www.efcformation.com\/formations\/gestionnaire-ressources-humaines\" target=\"_blank\" rel=\"noreferrer noopener\">Formation Gestionnaire Ressources Humaines<\/a> et notre <a href=\"https:\/\/www.efcformation.com\/formations\/titre-professionnel-assistante-ressources-humaines\" target=\"_blank\" rel=\"noreferrer noopener\">formation au Titre professionnel Assistant.e Ressources Humaines<\/a>. <\/p>\n\n\n\n<p><strong>N&rsquo;h\u00e9sitez pas \u00e0 nous contacter directement pour en savoir plus.<br><\/strong><\/p>\n","protected":false},"excerpt":{"rendered":"<p>Le professionnel des ressources humaines occupe une position unique dans l&rsquo;entreprise. V\u00e9ritable interface entre les collaborateurs, les managers et la direction, il constitue un pilier essentiel du bien-\u00eatre et de la performance organisationnelle. Ce r\u00f4le strat\u00e9gique requiert un \u00e9quilibre subtil entre expertise technique et intelligence relationnelle. Les qualit\u00e9s humaines (soft skills) indispensables d&rsquo;un bon professionnel [&hellip;]<\/p>\n","protected":false},"author":2,"featured_media":5909,"comment_status":"open","ping_status":"open","sticky":false,"template":"","format":"standard","meta":[],"categories":[29],"tags":[],"yoast_head":"<!-- This site is optimized with the Yoast SEO plugin v19.5.1 - https:\/\/yoast.com\/wordpress\/plugins\/seo\/ -->\n<title>Les qualit\u00e9s essentielles d\u2019un bon RH en entreprise<\/title>\n<meta name=\"description\" content=\"\u00catre un bon RH demande des qualit\u00e9s cl\u00e9s pour accompagner, recruter et g\u00e9rer avec justesse. D\u00e9couvrez-en plus \ud83d\udc49\" \/>\n<meta name=\"robots\" content=\"index, follow, max-snippet:-1, max-image-preview:large, max-video-preview:-1\" \/>\n<link rel=\"canonical\" href=\"https:\/\/www.efcformation.com\/reussite-efc\/ressources-humaines\/qualites-rh\/\" \/>\n<meta property=\"og:locale\" content=\"fr_FR\" \/>\n<meta property=\"og:type\" content=\"article\" \/>\n<meta property=\"og:title\" content=\"Les qualit\u00e9s essentielles d\u2019un bon RH en entreprise\" \/>\n<meta property=\"og:description\" content=\"\u00catre un bon RH demande des qualit\u00e9s cl\u00e9s pour accompagner, recruter et g\u00e9rer avec justesse. D\u00e9couvrez-en plus \ud83d\udc49\" \/>\n<meta property=\"og:url\" content=\"https:\/\/www.efcformation.com\/reussite-efc\/ressources-humaines\/qualites-rh\/\" \/>\n<meta property=\"og:site_name\" content=\"Reussite EFC Fomation - Le Blog EFC Formation\" \/>\n<meta property=\"article:published_time\" content=\"2025-09-13T15:46:00+00:00\" \/>\n<meta property=\"article:modified_time\" content=\"2025-09-11T08:38:23+00:00\" \/>\n<meta property=\"og:image\" content=\"https:\/\/www.efcformation.com\/reussite-efc\/wp-content\/uploads\/2025\/08\/qualites-dun-bon-rh.jpg\" \/>\n\t<meta property=\"og:image:width\" content=\"1000\" \/>\n\t<meta property=\"og:image:height\" content=\"667\" \/>\n\t<meta property=\"og:image:type\" content=\"image\/jpeg\" \/>\n<meta name=\"author\" content=\"Cedric\" \/>\n<meta name=\"twitter:card\" content=\"summary\" \/>\n<meta name=\"twitter:label1\" content=\"\u00c9crit par\" \/>\n\t<meta name=\"twitter:data1\" content=\"Cedric\" \/>\n\t<meta name=\"twitter:label2\" content=\"Dur\u00e9e de lecture estim\u00e9e\" \/>\n\t<meta name=\"twitter:data2\" content=\"9 minutes\" \/>\n<script type=\"application\/ld+json\" class=\"yoast-schema-graph\">{\"@context\":\"https:\/\/schema.org\",\"@graph\":[{\"@type\":\"WebPage\",\"@id\":\"https:\/\/www.efcformation.com\/reussite-efc\/ressources-humaines\/qualites-rh\/\",\"url\":\"https:\/\/www.efcformation.com\/reussite-efc\/ressources-humaines\/qualites-rh\/\",\"name\":\"Les qualit\u00e9s essentielles d\u2019un bon RH en entreprise\",\"isPartOf\":{\"@id\":\"https:\/\/www.efcformation.com\/reussite-efc\/#website\"},\"datePublished\":\"2025-09-13T15:46:00+00:00\",\"dateModified\":\"2025-09-11T08:38:23+00:00\",\"author\":{\"@id\":\"https:\/\/www.efcformation.com\/reussite-efc\/#\/schema\/person\/abaed1900276838c79042daed3572b3c\"},\"description\":\"\u00catre un bon RH demande des qualit\u00e9s cl\u00e9s pour accompagner, recruter et g\u00e9rer avec justesse. D\u00e9couvrez-en plus \ud83d\udc49\",\"breadcrumb\":{\"@id\":\"https:\/\/www.efcformation.com\/reussite-efc\/ressources-humaines\/qualites-rh\/#breadcrumb\"},\"inLanguage\":\"fr-FR\",\"potentialAction\":[{\"@type\":\"ReadAction\",\"target\":[\"https:\/\/www.efcformation.com\/reussite-efc\/ressources-humaines\/qualites-rh\/\"]}]},{\"@type\":\"BreadcrumbList\",\"@id\":\"https:\/\/www.efcformation.com\/reussite-efc\/ressources-humaines\/qualites-rh\/#breadcrumb\",\"itemListElement\":[{\"@type\":\"ListItem\",\"position\":1,\"name\":\"Accueil\",\"item\":\"https:\/\/www.efcformation.com\/reussite-efc\/\"},{\"@type\":\"ListItem\",\"position\":2,\"name\":\"Quelles sont les qualit\u00e9s d&rsquo;un bon professionnel RH ?\"}]},{\"@type\":\"WebSite\",\"@id\":\"https:\/\/www.efcformation.com\/reussite-efc\/#website\",\"url\":\"https:\/\/www.efcformation.com\/reussite-efc\/\",\"name\":\"Reussite EFC Fomation - Le Blog EFC Formation\",\"description\":\"\",\"potentialAction\":[{\"@type\":\"SearchAction\",\"target\":{\"@type\":\"EntryPoint\",\"urlTemplate\":\"https:\/\/www.efcformation.com\/reussite-efc\/?s={search_term_string}\"},\"query-input\":\"required name=search_term_string\"}],\"inLanguage\":\"fr-FR\"},{\"@type\":\"Person\",\"@id\":\"https:\/\/www.efcformation.com\/reussite-efc\/#\/schema\/person\/abaed1900276838c79042daed3572b3c\",\"name\":\"Cedric\",\"image\":{\"@type\":\"ImageObject\",\"inLanguage\":\"fr-FR\",\"@id\":\"https:\/\/www.efcformation.com\/reussite-efc\/#\/schema\/person\/image\/\",\"url\":\"https:\/\/secure.gravatar.com\/avatar\/a438e79d374ba264c89f89eea94f3dd7?s=96&d=mm&r=g\",\"contentUrl\":\"https:\/\/secure.gravatar.com\/avatar\/a438e79d374ba264c89f89eea94f3dd7?s=96&d=mm&r=g\",\"caption\":\"Cedric\"},\"url\":\"https:\/\/www.efcformation.com\/reussite-efc\/author\/webrivageseo\/\"}]}<\/script>\n<!-- \/ Yoast SEO plugin. -->","yoast_head_json":{"title":"Les qualit\u00e9s essentielles d\u2019un bon RH en entreprise","description":"\u00catre un bon RH demande des qualit\u00e9s cl\u00e9s pour accompagner, recruter et g\u00e9rer avec justesse. D\u00e9couvrez-en plus \ud83d\udc49","robots":{"index":"index","follow":"follow","max-snippet":"max-snippet:-1","max-image-preview":"max-image-preview:large","max-video-preview":"max-video-preview:-1"},"canonical":"https:\/\/www.efcformation.com\/reussite-efc\/ressources-humaines\/qualites-rh\/","og_locale":"fr_FR","og_type":"article","og_title":"Les qualit\u00e9s essentielles d\u2019un bon RH en entreprise","og_description":"\u00catre un bon RH demande des qualit\u00e9s cl\u00e9s pour accompagner, recruter et g\u00e9rer avec justesse. D\u00e9couvrez-en plus \ud83d\udc49","og_url":"https:\/\/www.efcformation.com\/reussite-efc\/ressources-humaines\/qualites-rh\/","og_site_name":"Reussite EFC Fomation - Le Blog EFC Formation","article_published_time":"2025-09-13T15:46:00+00:00","article_modified_time":"2025-09-11T08:38:23+00:00","og_image":[{"width":1000,"height":667,"url":"https:\/\/www.efcformation.com\/reussite-efc\/wp-content\/uploads\/2025\/08\/qualites-dun-bon-rh.jpg","type":"image\/jpeg"}],"author":"Cedric","twitter_card":"summary","twitter_misc":{"\u00c9crit par":"Cedric","Dur\u00e9e de lecture estim\u00e9e":"9 minutes"},"schema":{"@context":"https:\/\/schema.org","@graph":[{"@type":"WebPage","@id":"https:\/\/www.efcformation.com\/reussite-efc\/ressources-humaines\/qualites-rh\/","url":"https:\/\/www.efcformation.com\/reussite-efc\/ressources-humaines\/qualites-rh\/","name":"Les qualit\u00e9s essentielles d\u2019un bon RH en entreprise","isPartOf":{"@id":"https:\/\/www.efcformation.com\/reussite-efc\/#website"},"datePublished":"2025-09-13T15:46:00+00:00","dateModified":"2025-09-11T08:38:23+00:00","author":{"@id":"https:\/\/www.efcformation.com\/reussite-efc\/#\/schema\/person\/abaed1900276838c79042daed3572b3c"},"description":"\u00catre un bon RH demande des qualit\u00e9s cl\u00e9s pour accompagner, recruter et g\u00e9rer avec justesse. D\u00e9couvrez-en plus \ud83d\udc49","breadcrumb":{"@id":"https:\/\/www.efcformation.com\/reussite-efc\/ressources-humaines\/qualites-rh\/#breadcrumb"},"inLanguage":"fr-FR","potentialAction":[{"@type":"ReadAction","target":["https:\/\/www.efcformation.com\/reussite-efc\/ressources-humaines\/qualites-rh\/"]}]},{"@type":"BreadcrumbList","@id":"https:\/\/www.efcformation.com\/reussite-efc\/ressources-humaines\/qualites-rh\/#breadcrumb","itemListElement":[{"@type":"ListItem","position":1,"name":"Accueil","item":"https:\/\/www.efcformation.com\/reussite-efc\/"},{"@type":"ListItem","position":2,"name":"Quelles sont les qualit\u00e9s d&rsquo;un bon professionnel RH ?"}]},{"@type":"WebSite","@id":"https:\/\/www.efcformation.com\/reussite-efc\/#website","url":"https:\/\/www.efcformation.com\/reussite-efc\/","name":"Reussite EFC Fomation - Le Blog EFC Formation","description":"","potentialAction":[{"@type":"SearchAction","target":{"@type":"EntryPoint","urlTemplate":"https:\/\/www.efcformation.com\/reussite-efc\/?s={search_term_string}"},"query-input":"required name=search_term_string"}],"inLanguage":"fr-FR"},{"@type":"Person","@id":"https:\/\/www.efcformation.com\/reussite-efc\/#\/schema\/person\/abaed1900276838c79042daed3572b3c","name":"Cedric","image":{"@type":"ImageObject","inLanguage":"fr-FR","@id":"https:\/\/www.efcformation.com\/reussite-efc\/#\/schema\/person\/image\/","url":"https:\/\/secure.gravatar.com\/avatar\/a438e79d374ba264c89f89eea94f3dd7?s=96&d=mm&r=g","contentUrl":"https:\/\/secure.gravatar.com\/avatar\/a438e79d374ba264c89f89eea94f3dd7?s=96&d=mm&r=g","caption":"Cedric"},"url":"https:\/\/www.efcformation.com\/reussite-efc\/author\/webrivageseo\/"}]}},"_links":{"self":[{"href":"https:\/\/www.efcformation.com\/reussite-efc\/wp-json\/wp\/v2\/posts\/5868"}],"collection":[{"href":"https:\/\/www.efcformation.com\/reussite-efc\/wp-json\/wp\/v2\/posts"}],"about":[{"href":"https:\/\/www.efcformation.com\/reussite-efc\/wp-json\/wp\/v2\/types\/post"}],"author":[{"embeddable":true,"href":"https:\/\/www.efcformation.com\/reussite-efc\/wp-json\/wp\/v2\/users\/2"}],"replies":[{"embeddable":true,"href":"https:\/\/www.efcformation.com\/reussite-efc\/wp-json\/wp\/v2\/comments?post=5868"}],"version-history":[{"count":4,"href":"https:\/\/www.efcformation.com\/reussite-efc\/wp-json\/wp\/v2\/posts\/5868\/revisions"}],"predecessor-version":[{"id":5918,"href":"https:\/\/www.efcformation.com\/reussite-efc\/wp-json\/wp\/v2\/posts\/5868\/revisions\/5918"}],"wp:featuredmedia":[{"embeddable":true,"href":"https:\/\/www.efcformation.com\/reussite-efc\/wp-json\/wp\/v2\/media\/5909"}],"wp:attachment":[{"href":"https:\/\/www.efcformation.com\/reussite-efc\/wp-json\/wp\/v2\/media?parent=5868"}],"wp:term":[{"taxonomy":"category","embeddable":true,"href":"https:\/\/www.efcformation.com\/reussite-efc\/wp-json\/wp\/v2\/categories?post=5868"},{"taxonomy":"post_tag","embeddable":true,"href":"https:\/\/www.efcformation.com\/reussite-efc\/wp-json\/wp\/v2\/tags?post=5868"}],"curies":[{"name":"wp","href":"https:\/\/api.w.org\/{rel}","templated":true}]}}