{"id":5877,"date":"2025-09-17T18:25:00","date_gmt":"2025-09-17T16:25:00","guid":{"rendered":"https:\/\/www.efcformation.com\/reussite-efc\/?p=5877"},"modified":"2025-09-11T10:43:22","modified_gmt":"2025-09-11T08:43:22","slug":"principe-de-peter","status":"publish","type":"post","link":"https:\/\/www.efcformation.com\/reussite-efc\/gestion\/principe-de-peter\/","title":{"rendered":"Principe de Peter : quel impact sur le management en entreprise ?"},"content":{"rendered":"\n<p>Il arrive qu\u2019un employ\u00e9 brillant, reconnu pour son expertise et ses r\u00e9sultats, se r\u00e9v\u00e8le bien moins performant apr\u00e8s une promotion. Ce paradoxe est au c\u0153ur du&nbsp;<strong>principe de Peter<\/strong>, qui d\u00e9crit comment, dans une organisation hi\u00e9rarchique, chacun tend \u00e0 \u00eatre promu jusqu\u2019\u00e0 atteindre un poste o\u00f9 il devient incomp\u00e9tent. Ce ph\u00e9nom\u00e8ne, loin d\u2019\u00eatre anecdotique, a des effets profonds sur l\u2019efficacit\u00e9 manag\u00e9riale et la performance globale d\u2019une entreprise.<\/p>\n\n\n\n<h2><mark style=\"background-color:rgba(0, 0, 0, 0);color:#0f1555\" class=\"has-inline-color\">Origine et <\/mark><mark style=\"background-color:rgba(0, 0, 0, 0);color:#ff7e00\" class=\"has-inline-color\">fondements th\u00e9oriques<\/mark><\/h2>\n\n\n\n<p>Avant d\u2019analyser ses effets concrets, il est utile de revenir sur l\u2019origine et le fonctionnement du principe.<\/p>\n\n\n\n<h3>Historique et auteur<\/h3>\n\n\n\n<p>Le&nbsp;<strong>principe de Peter<\/strong>&nbsp;a \u00e9t\u00e9 formul\u00e9 en 1969 par Laurence J. Peter et Raymond Hull dans leur ouvrage&nbsp;<em>Le Principe de Peter<\/em>. Pr\u00e9sent\u00e9 avec humour et ironie, il repose n\u00e9anmoins sur une observation r\u00e9aliste du fonctionnement des organisations hi\u00e9rarchiques : les promotions s\u2019appuient souvent sur la performance dans un poste, sans garantir que les comp\u00e9tences n\u00e9cessaires pour le poste sup\u00e9rieur soient pr\u00e9sentes.<\/p>\n\n\n\n<h3>M\u00e9canismes \u00e0 l\u2019\u0153uvre<\/h3>\n\n\n\n<p>Le m\u00e9canisme est simple. Un salari\u00e9 comp\u00e9tent est promu. Il r\u00e9ussit, et continue d\u2019\u00e9voluer. Jusqu\u2019au jour o\u00f9 ses comp\u00e9tences, excellentes \u00e0 un niveau, ne suffisent plus au niveau sup\u00e9rieur. \u00c0 partir de ce moment, il atteint ce que Peter appelle son&nbsp;<strong>seuil d\u2019incomp\u00e9tence<\/strong>. Corollaire : si ce processus se r\u00e9p\u00e8te pour tous, de nombreux postes finissent occup\u00e9s par des personnes qui ne sont pas r\u00e9ellement adapt\u00e9es \u00e0 leur fonction.<\/p>\n\n\n<div class=\"wp-block-image\">\n<figure class=\"aligncenter size-full\"><img loading=\"lazy\" width=\"1000\" height=\"668\" src=\"https:\/\/www.efcformation.com\/reussite-efc\/wp-content\/uploads\/2025\/08\/principe-de-peter-management-en-entreprise-3.jpg\" alt=\"principe de peter management en entreprise\" class=\"wp-image-5890\" srcset=\"https:\/\/www.efcformation.com\/reussite-efc\/wp-content\/uploads\/2025\/08\/principe-de-peter-management-en-entreprise-3.jpg 1000w, https:\/\/www.efcformation.com\/reussite-efc\/wp-content\/uploads\/2025\/08\/principe-de-peter-management-en-entreprise-3-300x200.jpg 300w, https:\/\/www.efcformation.com\/reussite-efc\/wp-content\/uploads\/2025\/08\/principe-de-peter-management-en-entreprise-3-768x513.jpg 768w\" sizes=\"(max-width: 1000px) 100vw, 1000px\" \/><\/figure><\/div>\n\n\n<h2><mark style=\"background-color:rgba(0, 0, 0, 0);color:#0f1555\" class=\"has-inline-color\">Cons\u00e9quences pour le management <\/mark><mark style=\"background-color:rgba(0, 0, 0, 0);color:#ff7e00\" class=\"has-inline-color\">et la performance<\/mark><\/h2>\n\n\n\n<p>Ce principe, lorsqu\u2019il se v\u00e9rifie dans une organisation, peut avoir des cons\u00e9quences significatives.<\/p>\n\n\n\n<h3>Impact sur l\u2019efficience organisationnelle<\/h3>\n\n\n\n<p>Le r\u00e9sultat direct est une baisse d\u2019efficacit\u00e9. Des managers mal pr\u00e9par\u00e9s peuvent freiner la productivit\u00e9, d\u00e9sorganiser les \u00e9quipes et cr\u00e9er de la frustration. L\u2019incomp\u00e9tence, \u00e0 des postes strat\u00e9giques, entra\u00eene souvent un effet domino : lenteur d\u00e9cisionnelle, erreurs strat\u00e9giques et perte de motivation des collaborateurs.<\/p>\n\n\n\n<h3>\u00c9tudes et validations<\/h3>\n\n\n\n<p>Des recherches empiriques et des simulations confirment la pertinence du principe. Certaines \u00e9tudes montrent qu\u2019une&nbsp;<strong>promotion al\u00e9atoire<\/strong>&nbsp;peut paradoxalement produire de meilleurs r\u00e9sultats globaux qu\u2019un syst\u00e8me bas\u00e9 uniquement sur les performances pass\u00e9es. Une analyse men\u00e9e sur 214 entreprises am\u00e9ricaines a \u00e9galement r\u00e9v\u00e9l\u00e9 que les meilleurs performeurs ne faisaient pas toujours de bons managers, et que ces erreurs de promotion co\u00fbtaient cher en termes financiers et humains.<\/p>\n\n\n\n<p>Les effets les plus observ\u00e9s sont :<\/p>\n\n\n\n<ul><li>une d\u00e9motivation croissante des \u00e9quipes dirig\u00e9es par des managers inadapt\u00e9s,<\/li><li>une perte d\u2019efficacit\u00e9 op\u00e9rationnelle et strat\u00e9gique,<\/li><li>un co\u00fbt cach\u00e9 important en termes de turnover et de formation.<\/li><\/ul>\n\n\n\n<h2><mark style=\"background-color:rgba(0, 0, 0, 0);color:#0f1555\" class=\"has-inline-color\">Solutions pour contrer le pi\u00e8ge du <\/mark><mark style=\"background-color:rgba(0, 0, 0, 0);color:#ff7e00\" class=\"has-inline-color\">principe de Peter<\/mark><\/h2>\n\n\n\n<p>Les entreprises disposent de plusieurs leviers pour \u00e9viter que la hi\u00e9rarchie ne se transforme en pi\u00e8ge.<\/p>\n\n\n\n<h3>Alternatives aux promotions automatiques<\/h3>\n\n\n\n<p>Une piste est de diversifier les parcours professionnels. Plut\u00f4t que de consid\u00e9rer la hi\u00e9rarchie comme l\u2019unique voie d\u2019\u00e9volution, il est possible de d\u00e9velopper des fili\u00e8res d\u2019<strong>experts techniques<\/strong>, offrant une reconnaissance \u00e9quivalente \u00e0 celle des postes manag\u00e9riaux. Parall\u00e8lement, instaurer des programmes de&nbsp;<strong>feedback continu, de mentorat et de formation<\/strong>&nbsp;permet de pr\u00e9parer progressivement les collaborateurs \u00e0 de nouvelles responsabilit\u00e9s.<\/p>\n\n\n\n<div class=\"wp-block-media-text alignwide is-stacked-on-mobile is-vertically-aligned-center has-background\" style=\"background-color:#f3f0f0;grid-template-columns:20% auto\"><figure class=\"wp-block-media-text__media\"><img loading=\"lazy\" width=\"128\" height=\"128\" src=\"https:\/\/www.efcformation.com\/reussite-efc\/wp-content\/uploads\/2022\/11\/bouton-dinformation-1.png\" alt=\"\" class=\"wp-image-3051 size-full\" srcset=\"https:\/\/www.efcformation.com\/reussite-efc\/wp-content\/uploads\/2022\/11\/bouton-dinformation-1.png 128w, https:\/\/www.efcformation.com\/reussite-efc\/wp-content\/uploads\/2022\/11\/bouton-dinformation-1-45x45.png 45w\" sizes=\"(max-width: 128px) 100vw, 128px\" \/><\/figure><div class=\"wp-block-media-text__content\">\n<div style=\"height:6px\" aria-hidden=\"true\" class=\"wp-block-spacer\"><\/div>\n\n\n\n<div class=\"wp-container-1 wp-block-group\"><div class=\"wp-block-group__inner-container\">\n<h6 class=\"has-medium-font-size\"><strong>Vous \u00eates int\u00e9ress\u00e9(e) par nos formations en gestion ? <\/strong><\/h6>\n\n\n\n<p style=\"font-size:16px\">Compl\u00e9tez notre demande de renseignements, \u00e9changez avec un conseiller d&rsquo;\u00e9tudes et obtenez toutes les r\u00e9ponses \u00e0 vos questions ! \ud83d\udcac<\/p>\n<\/div><\/div>\n\n\n\n<div class=\"wp-container-2 is-content-justification-left wp-block-buttons\">\n<div class=\"wp-block-button\"><a class=\"wp-block-button__link has-white-color has-text-color has-background\" href=\"#formulaire-efc\" style=\"background-color:#5b0cd1\"><strong>Plus d&rsquo;informations<\/strong><\/a><\/div>\n<\/div>\n\n\n\n<div style=\"height:12px\" aria-hidden=\"true\" class=\"wp-block-spacer\"><\/div>\n<\/div><\/div>\n\n\n\n<h3>Promotion sur le potentiel, pas uniquement la performance<\/h3>\n\n\n\n<p>Au lieu de se baser uniquement sur les r\u00e9sultats pass\u00e9s, les entreprises peuvent \u00e9valuer les qualit\u00e9s relationnelles, la capacit\u00e9 d\u2019adaptation, ou encore le sens du collectif. Miser sur le&nbsp;<strong>potentiel manag\u00e9rial<\/strong>, et pas seulement sur la performance individuelle, r\u00e9duit le risque de voir un collaborateur comp\u00e9tent \u00e9chouer \u00e0 un poste qui ne correspond pas \u00e0 ses atouts.<\/p>\n\n\n\n<p>Quelques crit\u00e8res cl\u00e9s peuvent guider ces promotions :<\/p>\n\n\n\n<ul><li>la capacit\u00e9 \u00e0 motiver et f\u00e9d\u00e9rer une \u00e9quipe,<\/li><li>la gestion des conflits et la communication claire,<\/li><li>l\u2019aptitude \u00e0 prendre des d\u00e9cisions dans un cadre incertain.<\/li><\/ul>\n\n\n\n<h2><mark style=\"background-color:rgba(0, 0, 0, 0);color:#0f1555\" class=\"has-inline-color\">Alternatives modernes et <\/mark><mark style=\"background-color:rgba(0, 0, 0, 0);color:#ff7e00\" class=\"has-inline-color\">approches compl\u00e9mentaires<\/mark><\/h2>\n\n\n\n<p>Certaines \u00e9volutions organisationnelles viennent aussi limiter l\u2019impact du principe de Peter.<\/p>\n\n\n\n<h3>Syst\u00e8mes hybrides et flexibles<\/h3>\n\n\n\n<p>Les structures en mode projet, les organisations matricielles ou encore les d\u00e9marches agiles permettent de r\u00e9duire l\u2019importance d\u2019une hi\u00e9rarchie verticale trop rigide. Ces syst\u00e8mes donnent plus de place \u00e0 la collaboration et au travail transversal, att\u00e9nuant les effets n\u00e9gatifs li\u00e9s \u00e0 une promotion mal adapt\u00e9e.<\/p>\n\n\n\n<h3>Rapprochement humoristique avec le Principe de Dilbert<\/h3>\n\n\n<div class=\"wp-block-image\">\n<figure class=\"aligncenter size-full\"><img loading=\"lazy\" width=\"1000\" height=\"667\" src=\"https:\/\/www.efcformation.com\/reussite-efc\/wp-content\/uploads\/2025\/08\/principe-de-peter-management-en-entreprise.jpg\" alt=\"principe de peter management en entreprise\" class=\"wp-image-5891\" srcset=\"https:\/\/www.efcformation.com\/reussite-efc\/wp-content\/uploads\/2025\/08\/principe-de-peter-management-en-entreprise.jpg 1000w, https:\/\/www.efcformation.com\/reussite-efc\/wp-content\/uploads\/2025\/08\/principe-de-peter-management-en-entreprise-300x200.jpg 300w, https:\/\/www.efcformation.com\/reussite-efc\/wp-content\/uploads\/2025\/08\/principe-de-peter-management-en-entreprise-768x512.jpg 768w\" sizes=\"(max-width: 1000px) 100vw, 1000px\" \/><\/figure><\/div>\n\n\n<p>\u00c0 l\u2019oppos\u00e9, le&nbsp;<strong>principe de Dilbert<\/strong>&nbsp;caricature une situation o\u00f9 les moins comp\u00e9tents sont propuls\u00e9s managers, tandis que les plus comp\u00e9tents restent bloqu\u00e9s dans leurs fonctions techniques. Ce clin d\u2019\u0153il humoristique souligne n\u00e9anmoins un enjeu r\u00e9el : repenser les crit\u00e8res de promotion et de reconnaissance interne.<\/p>\n\n\n\n<p>\ud83d\udc49 Pour d\u00e9passer ces paradoxes et \u00e9viter le pi\u00e8ge des promotions mal adapt\u00e9es, il est essentiel d\u2019outiller les collaborateurs qui aspirent \u00e0 plus de responsabilit\u00e9s. C\u2019est pr\u00e9cis\u00e9ment l\u2019objectif de la&nbsp;<a href=\"https:\/\/www.efcformation.com\/formations\/formation-chef-de-projet\" target=\"_blank\" rel=\"noreferrer noopener\">formation Chef de Projet<\/a>&nbsp;que nous proposons chez EFC Formation. Enti\u00e8rement \u00e0 distance et accessible d\u00e8s la fin de la troisi\u00e8me, elle permet d\u2019acqu\u00e9rir les comp\u00e9tences cl\u00e9s du pilotage de projet : planification, gestion des risques, coordination d\u2019\u00e9quipe, m\u00e9thodes agiles et suivi op\u00e9rationnel. Avec ses 153 heures de cours accompagn\u00e9es de supports num\u00e9riques et de fascicules, cette formation offre une mont\u00e9e en comp\u00e9tences progressive et adapt\u00e9e au rythme de chacun.&nbsp;<strong>N&rsquo;h\u00e9sitez pas \u00e0 nous contacter pour en savoir plus sur cette formation.<\/strong><\/p>\n\n\n\n<p>En proposant un tel parcours, l\u2019entreprise ouvre \u00e0 ses collaborateurs une voie d\u2019\u00e9volution professionnelle solide, qui valorise autant l\u2019expertise que les aptitudes manag\u00e9riales, tout en limitant les d\u00e9rives mises en lumi\u00e8re par le principe de Peter.<\/p>\n\n\n\n<p>Le principe de Peter rappelle une v\u00e9rit\u00e9 parfois d\u00e9rangeante : exceller dans un m\u00e9tier ne garantit pas d\u2019\u00eatre un bon manager. Pour les entreprises, la solution n\u2019est pas d\u2019abandonner les promotions, mais de mieux les pr\u00e9parer, en tenant compte du potentiel, des aspirations et des comp\u00e9tences r\u00e9elles. C\u2019est \u00e0 cette condition que l\u2019on peut transformer la hi\u00e9rarchie en un levier de performance, plut\u00f4t qu\u2019en un frein \u00e0 l\u2019efficacit\u00e9 collective.<\/p>\n\n\n\n<figure class=\"wp-block-embed is-type-video is-provider-youtube wp-block-embed-youtube wp-embed-aspect-16-9 wp-has-aspect-ratio\"><div class=\"wp-block-embed__wrapper\">\n<iframe loading=\"lazy\" title=\"Elisa se forme \u00e0 distance avec EFCformation\" width=\"750\" height=\"422\" src=\"https:\/\/www.youtube.com\/embed\/Mv_XIq5Qbc0?feature=oembed\" frameborder=\"0\" allow=\"accelerometer; autoplay; clipboard-write; encrypted-media; gyroscope; picture-in-picture; web-share\" referrerpolicy=\"strict-origin-when-cross-origin\" allowfullscreen><\/iframe>\n<\/div><\/figure>\n\n\n\n<h2>FAQ sur le principe de Peter en management<\/h2>\n\n\n\n<div class=\"schema-faq wp-block-yoast-faq-block\"><div class=\"schema-faq-section\" id=\"faq-question-1755707072321\"><strong class=\"schema-faq-question\">Qu\u2019est-ce que le principe de Peter en quelques mots ?<\/strong> <p class=\"schema-faq-answer\">C\u2019est l\u2019id\u00e9e qu\u2019un salari\u00e9 est souvent promu jusqu\u2019\u00e0 atteindre un poste o\u00f9 ses comp\u00e9tences deviennent insuffisantes, ce qui r\u00e9duit son efficacit\u00e9 et celle de l\u2019organisation.<\/p> <\/div> <div class=\"schema-faq-section\" id=\"faq-question-1755707078449\"><strong class=\"schema-faq-question\"><strong>Pourquoi ce principe pose-t-il probl\u00e8me dans les entreprises ?<\/strong><\/strong> <p class=\"schema-faq-answer\">Parce qu\u2019il conduit \u00e0 placer des personnes comp\u00e9tentes dans des fonctions o\u00f9 elles ne le sont plus, ce qui g\u00e9n\u00e8re d\u00e9motivation, erreurs strat\u00e9giques et perte de performance collective.<\/p> <\/div> <div class=\"schema-faq-section\" id=\"faq-question-1755707085787\"><strong class=\"schema-faq-question\">Le principe de Peter est-il in\u00e9vitable ?<\/strong> <p class=\"schema-faq-answer\">Non. Les entreprises peuvent limiter son impact en diversifiant les parcours (experts techniques, fili\u00e8res sp\u00e9cialis\u00e9es), en valorisant le potentiel manag\u00e9rial plut\u00f4t que la seule performance pass\u00e9e, et en investissant dans la formation continue.<\/p> <\/div> <div class=\"schema-faq-section\" id=\"faq-question-1755707095144\"><strong class=\"schema-faq-question\">Quelles solutions concr\u00e8tes existent pour contrer ses effets ?<\/strong> <p class=\"schema-faq-answer\">&#8211; Mettre en place des programmes de mentorat et de feedback continu.<br\/>&#8211; \u00c9valuer les comp\u00e9tences relationnelles et manag\u00e9riales avant une promotion.<br\/>&#8211; Offrir des formations adapt\u00e9es, comme celles orient\u00e9es vers la gestion de projet ou le management.<\/p> <\/div> <div class=\"schema-faq-section\" id=\"faq-question-1755707112075\"><strong class=\"schema-faq-question\">Quel lien avec le principe de Dilbert ?<\/strong> <p class=\"schema-faq-answer\">Le principe de Dilbert est une caricature : il sugg\u00e8re que les moins comp\u00e9tents sont volontairement promus managers pour limiter leurs d\u00e9g\u00e2ts ailleurs. Bien que humoristique, il met en \u00e9vidence la n\u00e9cessit\u00e9 de mieux repenser les crit\u00e8res de promotion.<\/p> <\/div> <div class=\"schema-faq-section\" id=\"faq-question-1755707120474\"><strong class=\"schema-faq-question\"><strong>Comment la formation peut-elle aider \u00e0 \u00e9viter le pi\u00e8ge du principe de Peter ?<\/strong><\/strong> <p class=\"schema-faq-answer\">En donnant aux futurs managers des outils concrets : planification, gestion des risques, communication et animation d\u2019\u00e9quipe. Par exemple, la formation en ligne <strong>Chef de Projet propos\u00e9e par EFC Formation<\/strong> permet d\u2019acqu\u00e9rir ces comp\u00e9tences avant d\u2019acc\u00e9der \u00e0 de nouvelles responsabilit\u00e9s.<\/p> <\/div> <\/div>\n","protected":false},"excerpt":{"rendered":"<p>Il arrive qu\u2019un employ\u00e9 brillant, reconnu pour son expertise et ses r\u00e9sultats, se r\u00e9v\u00e8le bien moins performant apr\u00e8s une promotion. Ce paradoxe est au c\u0153ur du&nbsp;principe de Peter, qui d\u00e9crit comment, dans une organisation hi\u00e9rarchique, chacun tend \u00e0 \u00eatre promu jusqu\u2019\u00e0 atteindre un poste o\u00f9 il devient incomp\u00e9tent. Ce ph\u00e9nom\u00e8ne, loin d\u2019\u00eatre anecdotique, a des [&hellip;]<\/p>\n","protected":false},"author":2,"featured_media":5889,"comment_status":"open","ping_status":"open","sticky":false,"template":"","format":"standard","meta":[],"categories":[30],"tags":[],"yoast_head":"<!-- This site is optimized with the Yoast SEO plugin v19.5.1 - https:\/\/yoast.com\/wordpress\/plugins\/seo\/ -->\n<title>Principe de Peter et management en entreprise<\/title>\n<meta name=\"description\" content=\"En entreprise, le principe de Peter impacte le management et ses r\u00e9sultats : explication claire ici.\" \/>\n<meta name=\"robots\" content=\"index, follow, max-snippet:-1, max-image-preview:large, max-video-preview:-1\" \/>\n<link rel=\"canonical\" href=\"https:\/\/www.efcformation.com\/reussite-efc\/gestion\/principe-de-peter\/\" \/>\n<meta property=\"og:locale\" content=\"fr_FR\" \/>\n<meta property=\"og:type\" content=\"article\" \/>\n<meta property=\"og:title\" content=\"Principe de Peter et management en entreprise\" \/>\n<meta property=\"og:description\" content=\"En entreprise, le principe de Peter impacte le management et ses r\u00e9sultats : explication claire ici.\" \/>\n<meta property=\"og:url\" content=\"https:\/\/www.efcformation.com\/reussite-efc\/gestion\/principe-de-peter\/\" \/>\n<meta property=\"og:site_name\" content=\"Reussite EFC Fomation - Le Blog EFC Formation\" \/>\n<meta property=\"article:published_time\" content=\"2025-09-17T16:25:00+00:00\" \/>\n<meta property=\"article:modified_time\" content=\"2025-09-11T08:43:22+00:00\" \/>\n<meta property=\"og:image\" content=\"https:\/\/www.efcformation.com\/reussite-efc\/wp-content\/uploads\/2025\/08\/principe-de-peter-management-en-entreprise-2.jpg\" \/>\n\t<meta property=\"og:image:width\" content=\"1000\" \/>\n\t<meta property=\"og:image:height\" content=\"717\" \/>\n\t<meta property=\"og:image:type\" content=\"image\/jpeg\" \/>\n<meta name=\"author\" content=\"Cedric\" \/>\n<meta name=\"twitter:card\" content=\"summary\" \/>\n<meta name=\"twitter:label1\" content=\"\u00c9crit par\" \/>\n\t<meta name=\"twitter:data1\" content=\"Cedric\" \/>\n\t<meta name=\"twitter:label2\" content=\"Dur\u00e9e de lecture estim\u00e9e\" \/>\n\t<meta name=\"twitter:data2\" content=\"7 minutes\" \/>\n<script type=\"application\/ld+json\" class=\"yoast-schema-graph\">{\"@context\":\"https:\/\/schema.org\",\"@graph\":[{\"@type\":[\"WebPage\",\"FAQPage\"],\"@id\":\"https:\/\/www.efcformation.com\/reussite-efc\/gestion\/principe-de-peter\/\",\"url\":\"https:\/\/www.efcformation.com\/reussite-efc\/gestion\/principe-de-peter\/\",\"name\":\"Principe de Peter et management en entreprise\",\"isPartOf\":{\"@id\":\"https:\/\/www.efcformation.com\/reussite-efc\/#website\"},\"datePublished\":\"2025-09-17T16:25:00+00:00\",\"dateModified\":\"2025-09-11T08:43:22+00:00\",\"author\":{\"@id\":\"https:\/\/www.efcformation.com\/reussite-efc\/#\/schema\/person\/abaed1900276838c79042daed3572b3c\"},\"description\":\"En entreprise, le principe de Peter impacte le management et ses r\u00e9sultats : explication claire ici.\",\"breadcrumb\":{\"@id\":\"https:\/\/www.efcformation.com\/reussite-efc\/gestion\/principe-de-peter\/#breadcrumb\"},\"mainEntity\":[{\"@id\":\"https:\/\/www.efcformation.com\/reussite-efc\/gestion\/principe-de-peter\/#faq-question-1755707072321\"},{\"@id\":\"https:\/\/www.efcformation.com\/reussite-efc\/gestion\/principe-de-peter\/#faq-question-1755707078449\"},{\"@id\":\"https:\/\/www.efcformation.com\/reussite-efc\/gestion\/principe-de-peter\/#faq-question-1755707085787\"},{\"@id\":\"https:\/\/www.efcformation.com\/reussite-efc\/gestion\/principe-de-peter\/#faq-question-1755707095144\"},{\"@id\":\"https:\/\/www.efcformation.com\/reussite-efc\/gestion\/principe-de-peter\/#faq-question-1755707112075\"},{\"@id\":\"https:\/\/www.efcformation.com\/reussite-efc\/gestion\/principe-de-peter\/#faq-question-1755707120474\"}],\"inLanguage\":\"fr-FR\",\"potentialAction\":[{\"@type\":\"ReadAction\",\"target\":[\"https:\/\/www.efcformation.com\/reussite-efc\/gestion\/principe-de-peter\/\"]}]},{\"@type\":\"BreadcrumbList\",\"@id\":\"https:\/\/www.efcformation.com\/reussite-efc\/gestion\/principe-de-peter\/#breadcrumb\",\"itemListElement\":[{\"@type\":\"ListItem\",\"position\":1,\"name\":\"Accueil\",\"item\":\"https:\/\/www.efcformation.com\/reussite-efc\/\"},{\"@type\":\"ListItem\",\"position\":2,\"name\":\"Principe de Peter : quel impact sur le management en entreprise ?\"}]},{\"@type\":\"WebSite\",\"@id\":\"https:\/\/www.efcformation.com\/reussite-efc\/#website\",\"url\":\"https:\/\/www.efcformation.com\/reussite-efc\/\",\"name\":\"Reussite EFC Fomation - Le Blog EFC Formation\",\"description\":\"\",\"potentialAction\":[{\"@type\":\"SearchAction\",\"target\":{\"@type\":\"EntryPoint\",\"urlTemplate\":\"https:\/\/www.efcformation.com\/reussite-efc\/?s={search_term_string}\"},\"query-input\":\"required name=search_term_string\"}],\"inLanguage\":\"fr-FR\"},{\"@type\":\"Person\",\"@id\":\"https:\/\/www.efcformation.com\/reussite-efc\/#\/schema\/person\/abaed1900276838c79042daed3572b3c\",\"name\":\"Cedric\",\"image\":{\"@type\":\"ImageObject\",\"inLanguage\":\"fr-FR\",\"@id\":\"https:\/\/www.efcformation.com\/reussite-efc\/#\/schema\/person\/image\/\",\"url\":\"https:\/\/secure.gravatar.com\/avatar\/a438e79d374ba264c89f89eea94f3dd7?s=96&d=mm&r=g\",\"contentUrl\":\"https:\/\/secure.gravatar.com\/avatar\/a438e79d374ba264c89f89eea94f3dd7?s=96&d=mm&r=g\",\"caption\":\"Cedric\"},\"url\":\"https:\/\/www.efcformation.com\/reussite-efc\/author\/webrivageseo\/\"},{\"@type\":\"Question\",\"@id\":\"https:\/\/www.efcformation.com\/reussite-efc\/gestion\/principe-de-peter\/#faq-question-1755707072321\",\"position\":1,\"url\":\"https:\/\/www.efcformation.com\/reussite-efc\/gestion\/principe-de-peter\/#faq-question-1755707072321\",\"name\":\"Qu\u2019est-ce que le principe de Peter en quelques mots ?\",\"answerCount\":1,\"acceptedAnswer\":{\"@type\":\"Answer\",\"text\":\"C\u2019est l\u2019id\u00e9e qu\u2019un salari\u00e9 est souvent promu jusqu\u2019\u00e0 atteindre un poste o\u00f9 ses comp\u00e9tences deviennent insuffisantes, ce qui r\u00e9duit son efficacit\u00e9 et celle de l\u2019organisation.\",\"inLanguage\":\"fr-FR\"},\"inLanguage\":\"fr-FR\"},{\"@type\":\"Question\",\"@id\":\"https:\/\/www.efcformation.com\/reussite-efc\/gestion\/principe-de-peter\/#faq-question-1755707078449\",\"position\":2,\"url\":\"https:\/\/www.efcformation.com\/reussite-efc\/gestion\/principe-de-peter\/#faq-question-1755707078449\",\"name\":\"Pourquoi ce principe pose-t-il probl\u00e8me dans les entreprises ?\",\"answerCount\":1,\"acceptedAnswer\":{\"@type\":\"Answer\",\"text\":\"Parce qu\u2019il conduit \u00e0 placer des personnes comp\u00e9tentes dans des fonctions o\u00f9 elles ne le sont plus, ce qui g\u00e9n\u00e8re d\u00e9motivation, erreurs strat\u00e9giques et perte de performance collective.\",\"inLanguage\":\"fr-FR\"},\"inLanguage\":\"fr-FR\"},{\"@type\":\"Question\",\"@id\":\"https:\/\/www.efcformation.com\/reussite-efc\/gestion\/principe-de-peter\/#faq-question-1755707085787\",\"position\":3,\"url\":\"https:\/\/www.efcformation.com\/reussite-efc\/gestion\/principe-de-peter\/#faq-question-1755707085787\",\"name\":\"Le principe de Peter est-il in\u00e9vitable ?\",\"answerCount\":1,\"acceptedAnswer\":{\"@type\":\"Answer\",\"text\":\"Non. Les entreprises peuvent limiter son impact en diversifiant les parcours (experts techniques, fili\u00e8res sp\u00e9cialis\u00e9es), en valorisant le potentiel manag\u00e9rial plut\u00f4t que la seule performance pass\u00e9e, et en investissant dans la formation continue.\",\"inLanguage\":\"fr-FR\"},\"inLanguage\":\"fr-FR\"},{\"@type\":\"Question\",\"@id\":\"https:\/\/www.efcformation.com\/reussite-efc\/gestion\/principe-de-peter\/#faq-question-1755707095144\",\"position\":4,\"url\":\"https:\/\/www.efcformation.com\/reussite-efc\/gestion\/principe-de-peter\/#faq-question-1755707095144\",\"name\":\"Quelles solutions concr\u00e8tes existent pour contrer ses effets ?\",\"answerCount\":1,\"acceptedAnswer\":{\"@type\":\"Answer\",\"text\":\"- Mettre en place des programmes de mentorat et de feedback continu.<br\/>- \u00c9valuer les comp\u00e9tences relationnelles et manag\u00e9riales avant une promotion.<br\/>- Offrir des formations adapt\u00e9es, comme celles orient\u00e9es vers la gestion de projet ou le management.\",\"inLanguage\":\"fr-FR\"},\"inLanguage\":\"fr-FR\"},{\"@type\":\"Question\",\"@id\":\"https:\/\/www.efcformation.com\/reussite-efc\/gestion\/principe-de-peter\/#faq-question-1755707112075\",\"position\":5,\"url\":\"https:\/\/www.efcformation.com\/reussite-efc\/gestion\/principe-de-peter\/#faq-question-1755707112075\",\"name\":\"Quel lien avec le principe de Dilbert ?\",\"answerCount\":1,\"acceptedAnswer\":{\"@type\":\"Answer\",\"text\":\"Le principe de Dilbert est une caricature : il sugg\u00e8re que les moins comp\u00e9tents sont volontairement promus managers pour limiter leurs d\u00e9g\u00e2ts ailleurs. Bien que humoristique, il met en \u00e9vidence la n\u00e9cessit\u00e9 de mieux repenser les crit\u00e8res de promotion.\",\"inLanguage\":\"fr-FR\"},\"inLanguage\":\"fr-FR\"},{\"@type\":\"Question\",\"@id\":\"https:\/\/www.efcformation.com\/reussite-efc\/gestion\/principe-de-peter\/#faq-question-1755707120474\",\"position\":6,\"url\":\"https:\/\/www.efcformation.com\/reussite-efc\/gestion\/principe-de-peter\/#faq-question-1755707120474\",\"name\":\"Comment la formation peut-elle aider \u00e0 \u00e9viter le pi\u00e8ge du principe de Peter ?\",\"answerCount\":1,\"acceptedAnswer\":{\"@type\":\"Answer\",\"text\":\"En donnant aux futurs managers des outils concrets : planification, gestion des risques, communication et animation d\u2019\u00e9quipe. Par exemple, la formation en ligne <strong>Chef de Projet propos\u00e9e par EFC Formation<\/strong> permet d\u2019acqu\u00e9rir ces comp\u00e9tences avant d\u2019acc\u00e9der \u00e0 de nouvelles responsabilit\u00e9s.\",\"inLanguage\":\"fr-FR\"},\"inLanguage\":\"fr-FR\"}]}<\/script>\n<!-- \/ Yoast SEO plugin. -->","yoast_head_json":{"title":"Principe de Peter et management en entreprise","description":"En entreprise, le principe de Peter impacte le management et ses r\u00e9sultats : explication claire ici.","robots":{"index":"index","follow":"follow","max-snippet":"max-snippet:-1","max-image-preview":"max-image-preview:large","max-video-preview":"max-video-preview:-1"},"canonical":"https:\/\/www.efcformation.com\/reussite-efc\/gestion\/principe-de-peter\/","og_locale":"fr_FR","og_type":"article","og_title":"Principe de Peter et management en entreprise","og_description":"En entreprise, le principe de Peter impacte le management et ses r\u00e9sultats : explication claire ici.","og_url":"https:\/\/www.efcformation.com\/reussite-efc\/gestion\/principe-de-peter\/","og_site_name":"Reussite EFC Fomation - Le Blog EFC Formation","article_published_time":"2025-09-17T16:25:00+00:00","article_modified_time":"2025-09-11T08:43:22+00:00","og_image":[{"width":1000,"height":717,"url":"https:\/\/www.efcformation.com\/reussite-efc\/wp-content\/uploads\/2025\/08\/principe-de-peter-management-en-entreprise-2.jpg","type":"image\/jpeg"}],"author":"Cedric","twitter_card":"summary","twitter_misc":{"\u00c9crit par":"Cedric","Dur\u00e9e de lecture estim\u00e9e":"7 minutes"},"schema":{"@context":"https:\/\/schema.org","@graph":[{"@type":["WebPage","FAQPage"],"@id":"https:\/\/www.efcformation.com\/reussite-efc\/gestion\/principe-de-peter\/","url":"https:\/\/www.efcformation.com\/reussite-efc\/gestion\/principe-de-peter\/","name":"Principe de Peter et management en entreprise","isPartOf":{"@id":"https:\/\/www.efcformation.com\/reussite-efc\/#website"},"datePublished":"2025-09-17T16:25:00+00:00","dateModified":"2025-09-11T08:43:22+00:00","author":{"@id":"https:\/\/www.efcformation.com\/reussite-efc\/#\/schema\/person\/abaed1900276838c79042daed3572b3c"},"description":"En entreprise, le principe de Peter impacte le management et ses r\u00e9sultats : explication claire ici.","breadcrumb":{"@id":"https:\/\/www.efcformation.com\/reussite-efc\/gestion\/principe-de-peter\/#breadcrumb"},"mainEntity":[{"@id":"https:\/\/www.efcformation.com\/reussite-efc\/gestion\/principe-de-peter\/#faq-question-1755707072321"},{"@id":"https:\/\/www.efcformation.com\/reussite-efc\/gestion\/principe-de-peter\/#faq-question-1755707078449"},{"@id":"https:\/\/www.efcformation.com\/reussite-efc\/gestion\/principe-de-peter\/#faq-question-1755707085787"},{"@id":"https:\/\/www.efcformation.com\/reussite-efc\/gestion\/principe-de-peter\/#faq-question-1755707095144"},{"@id":"https:\/\/www.efcformation.com\/reussite-efc\/gestion\/principe-de-peter\/#faq-question-1755707112075"},{"@id":"https:\/\/www.efcformation.com\/reussite-efc\/gestion\/principe-de-peter\/#faq-question-1755707120474"}],"inLanguage":"fr-FR","potentialAction":[{"@type":"ReadAction","target":["https:\/\/www.efcformation.com\/reussite-efc\/gestion\/principe-de-peter\/"]}]},{"@type":"BreadcrumbList","@id":"https:\/\/www.efcformation.com\/reussite-efc\/gestion\/principe-de-peter\/#breadcrumb","itemListElement":[{"@type":"ListItem","position":1,"name":"Accueil","item":"https:\/\/www.efcformation.com\/reussite-efc\/"},{"@type":"ListItem","position":2,"name":"Principe de Peter : quel impact sur le management en entreprise ?"}]},{"@type":"WebSite","@id":"https:\/\/www.efcformation.com\/reussite-efc\/#website","url":"https:\/\/www.efcformation.com\/reussite-efc\/","name":"Reussite EFC Fomation - Le Blog EFC Formation","description":"","potentialAction":[{"@type":"SearchAction","target":{"@type":"EntryPoint","urlTemplate":"https:\/\/www.efcformation.com\/reussite-efc\/?s={search_term_string}"},"query-input":"required name=search_term_string"}],"inLanguage":"fr-FR"},{"@type":"Person","@id":"https:\/\/www.efcformation.com\/reussite-efc\/#\/schema\/person\/abaed1900276838c79042daed3572b3c","name":"Cedric","image":{"@type":"ImageObject","inLanguage":"fr-FR","@id":"https:\/\/www.efcformation.com\/reussite-efc\/#\/schema\/person\/image\/","url":"https:\/\/secure.gravatar.com\/avatar\/a438e79d374ba264c89f89eea94f3dd7?s=96&d=mm&r=g","contentUrl":"https:\/\/secure.gravatar.com\/avatar\/a438e79d374ba264c89f89eea94f3dd7?s=96&d=mm&r=g","caption":"Cedric"},"url":"https:\/\/www.efcformation.com\/reussite-efc\/author\/webrivageseo\/"},{"@type":"Question","@id":"https:\/\/www.efcformation.com\/reussite-efc\/gestion\/principe-de-peter\/#faq-question-1755707072321","position":1,"url":"https:\/\/www.efcformation.com\/reussite-efc\/gestion\/principe-de-peter\/#faq-question-1755707072321","name":"Qu\u2019est-ce que le principe de Peter en quelques mots ?","answerCount":1,"acceptedAnswer":{"@type":"Answer","text":"C\u2019est l\u2019id\u00e9e qu\u2019un salari\u00e9 est souvent promu jusqu\u2019\u00e0 atteindre un poste o\u00f9 ses comp\u00e9tences deviennent insuffisantes, ce qui r\u00e9duit son efficacit\u00e9 et celle de l\u2019organisation.","inLanguage":"fr-FR"},"inLanguage":"fr-FR"},{"@type":"Question","@id":"https:\/\/www.efcformation.com\/reussite-efc\/gestion\/principe-de-peter\/#faq-question-1755707078449","position":2,"url":"https:\/\/www.efcformation.com\/reussite-efc\/gestion\/principe-de-peter\/#faq-question-1755707078449","name":"Pourquoi ce principe pose-t-il probl\u00e8me dans les entreprises ?","answerCount":1,"acceptedAnswer":{"@type":"Answer","text":"Parce qu\u2019il conduit \u00e0 placer des personnes comp\u00e9tentes dans des fonctions o\u00f9 elles ne le sont plus, ce qui g\u00e9n\u00e8re d\u00e9motivation, erreurs strat\u00e9giques et perte de performance collective.","inLanguage":"fr-FR"},"inLanguage":"fr-FR"},{"@type":"Question","@id":"https:\/\/www.efcformation.com\/reussite-efc\/gestion\/principe-de-peter\/#faq-question-1755707085787","position":3,"url":"https:\/\/www.efcformation.com\/reussite-efc\/gestion\/principe-de-peter\/#faq-question-1755707085787","name":"Le principe de Peter est-il in\u00e9vitable ?","answerCount":1,"acceptedAnswer":{"@type":"Answer","text":"Non. Les entreprises peuvent limiter son impact en diversifiant les parcours (experts techniques, fili\u00e8res sp\u00e9cialis\u00e9es), en valorisant le potentiel manag\u00e9rial plut\u00f4t que la seule performance pass\u00e9e, et en investissant dans la formation continue.","inLanguage":"fr-FR"},"inLanguage":"fr-FR"},{"@type":"Question","@id":"https:\/\/www.efcformation.com\/reussite-efc\/gestion\/principe-de-peter\/#faq-question-1755707095144","position":4,"url":"https:\/\/www.efcformation.com\/reussite-efc\/gestion\/principe-de-peter\/#faq-question-1755707095144","name":"Quelles solutions concr\u00e8tes existent pour contrer ses effets ?","answerCount":1,"acceptedAnswer":{"@type":"Answer","text":"- Mettre en place des programmes de mentorat et de feedback continu.<br\/>- \u00c9valuer les comp\u00e9tences relationnelles et manag\u00e9riales avant une promotion.<br\/>- Offrir des formations adapt\u00e9es, comme celles orient\u00e9es vers la gestion de projet ou le management.","inLanguage":"fr-FR"},"inLanguage":"fr-FR"},{"@type":"Question","@id":"https:\/\/www.efcformation.com\/reussite-efc\/gestion\/principe-de-peter\/#faq-question-1755707112075","position":5,"url":"https:\/\/www.efcformation.com\/reussite-efc\/gestion\/principe-de-peter\/#faq-question-1755707112075","name":"Quel lien avec le principe de Dilbert ?","answerCount":1,"acceptedAnswer":{"@type":"Answer","text":"Le principe de Dilbert est une caricature : il sugg\u00e8re que les moins comp\u00e9tents sont volontairement promus managers pour limiter leurs d\u00e9g\u00e2ts ailleurs. Bien que humoristique, il met en \u00e9vidence la n\u00e9cessit\u00e9 de mieux repenser les crit\u00e8res de promotion.","inLanguage":"fr-FR"},"inLanguage":"fr-FR"},{"@type":"Question","@id":"https:\/\/www.efcformation.com\/reussite-efc\/gestion\/principe-de-peter\/#faq-question-1755707120474","position":6,"url":"https:\/\/www.efcformation.com\/reussite-efc\/gestion\/principe-de-peter\/#faq-question-1755707120474","name":"Comment la formation peut-elle aider \u00e0 \u00e9viter le pi\u00e8ge du principe de Peter ?","answerCount":1,"acceptedAnswer":{"@type":"Answer","text":"En donnant aux futurs managers des outils concrets : planification, gestion des risques, communication et animation d\u2019\u00e9quipe. Par exemple, la formation en ligne <strong>Chef de Projet propos\u00e9e par EFC Formation<\/strong> permet d\u2019acqu\u00e9rir ces comp\u00e9tences avant d\u2019acc\u00e9der \u00e0 de nouvelles responsabilit\u00e9s.","inLanguage":"fr-FR"},"inLanguage":"fr-FR"}]}},"_links":{"self":[{"href":"https:\/\/www.efcformation.com\/reussite-efc\/wp-json\/wp\/v2\/posts\/5877"}],"collection":[{"href":"https:\/\/www.efcformation.com\/reussite-efc\/wp-json\/wp\/v2\/posts"}],"about":[{"href":"https:\/\/www.efcformation.com\/reussite-efc\/wp-json\/wp\/v2\/types\/post"}],"author":[{"embeddable":true,"href":"https:\/\/www.efcformation.com\/reussite-efc\/wp-json\/wp\/v2\/users\/2"}],"replies":[{"embeddable":true,"href":"https:\/\/www.efcformation.com\/reussite-efc\/wp-json\/wp\/v2\/comments?post=5877"}],"version-history":[{"count":5,"href":"https:\/\/www.efcformation.com\/reussite-efc\/wp-json\/wp\/v2\/posts\/5877\/revisions"}],"predecessor-version":[{"id":5931,"href":"https:\/\/www.efcformation.com\/reussite-efc\/wp-json\/wp\/v2\/posts\/5877\/revisions\/5931"}],"wp:featuredmedia":[{"embeddable":true,"href":"https:\/\/www.efcformation.com\/reussite-efc\/wp-json\/wp\/v2\/media\/5889"}],"wp:attachment":[{"href":"https:\/\/www.efcformation.com\/reussite-efc\/wp-json\/wp\/v2\/media?parent=5877"}],"wp:term":[{"taxonomy":"category","embeddable":true,"href":"https:\/\/www.efcformation.com\/reussite-efc\/wp-json\/wp\/v2\/categories?post=5877"},{"taxonomy":"post_tag","embeddable":true,"href":"https:\/\/www.efcformation.com\/reussite-efc\/wp-json\/wp\/v2\/tags?post=5877"}],"curies":[{"name":"wp","href":"https:\/\/api.w.org\/{rel}","templated":true}]}}