{"id":6146,"date":"2026-01-10T18:32:00","date_gmt":"2026-01-10T17:32:00","guid":{"rendered":"https:\/\/www.efcformation.com\/reussite-efc\/?p=6146"},"modified":"2026-01-07T11:27:04","modified_gmt":"2026-01-07T10:27:04","slug":"pourquoi-travailler-dans-la-comptabilite-et-la-gestion","status":"publish","type":"post","link":"https:\/\/www.efcformation.com\/reussite-efc\/comptabilite\/pourquoi-travailler-dans-la-comptabilite-et-la-gestion\/","title":{"rendered":"Pourquoi travailler dans la comptabilit\u00e9 et la gestion : 5 raisons motivantes pour votre carri\u00e8re"},"content":{"rendered":"\n<p>La comptabilit\u00e9 et la gestion constituent le socle de toute organisation performante. Derri\u00e8re les chiffres, ce sont des d\u00e9cisions concr\u00e8tes qui se pr\u00e9parent : investir, recruter, s\u00e9curiser une tr\u00e9sorerie, ajuster une strat\u00e9gie. \u00c0 l\u2019heure o\u00f9 les entreprises \u00e9voluent dans un environnement \u00e9conomique instable et fortement r\u00e9glement\u00e9, ces m\u00e9tiers n\u2019ont jamais \u00e9t\u00e9 aussi strat\u00e9giques.<br>Voici 5 raisons motivantes pour d\u00e9marrer une carri\u00e8re dans la comptabilit\u00e9 gestion d\u00e8s maintenant.<\/p>\n\n\n\n<h2><strong><mark style=\"background-color:rgba(0, 0, 0, 0);color:#0f1555\" class=\"has-inline-color\">1. Des m\u00e9tiers indispensables <\/mark><mark style=\"background-color:rgba(0, 0, 0, 0);color:#ff7e00\" class=\"has-inline-color\">\u00e0 toutes les entreprises<\/mark><\/strong><\/h2>\n\n\n\n<p>Aucune structure ne peut fonctionner sans une gestion financi\u00e8re rigoureuse. De la tr\u00e8s petite entreprise au grand groupe international, la comptabilit\u00e9 et la gestion assurent la continuit\u00e9 et la conformit\u00e9 de l\u2019activit\u00e9.<\/p>\n\n\n\n<p>La comptabilit\u00e9 garantit la fiabilit\u00e9 des donn\u00e9es financi\u00e8res. Elle permet de respecter les obligations fiscales, sociales et l\u00e9gales, tout en offrant une vision claire de la situation \u00e9conomique. La gestion compl\u00e8te cette approche en transformant les chiffres en outils d\u2019aide \u00e0 la d\u00e9cision.<\/p>\n\n\n\n<p>Concr\u00e8tement, un comptable peut \u00eatre amen\u00e9 \u00e0 :<\/p>\n\n\n\n<ul><li>suivre les flux financiers quotidiens,<br><\/li><li>pr\u00e9parer les d\u00e9clarations obligatoires,<br><\/li><li>participer aux cl\u00f4tures comptables.<br><\/li><\/ul>\n\n\n\n<p>Un professionnel de la gestion, lui, va analyser les r\u00e9sultats, comparer les pr\u00e9visions aux r\u00e9alisations et proposer des actions correctrices.<\/p>\n\n\n\n<p><strong>\ud83d\udc49 Bon \u00e0 savoir :&nbsp;<\/strong>selon l\u2019Insee et France Comp\u00e9tences, les fonctions comptables figurent parmi les plus pr\u00e9sentes dans les offres d\u2019emploi administratives, tous secteurs confondus.<\/p>\n\n\n\n<p>Cette omnipr\u00e9sence explique pourquoi les profils form\u00e9s trouvent des d\u00e9bouch\u00e9s dans des environnements tr\u00e8s vari\u00e9s, sans d\u00e9pendre d\u2019un secteur unique.<\/p>\n\n\n\n<h2><strong><mark style=\"background-color:rgba(0, 0, 0, 0);color:#0f1555\" class=\"has-inline-color\">2. Une stabilit\u00e9 professionnelle <\/mark><mark style=\"background-color:rgba(0, 0, 0, 0);color:#ff7e00\" class=\"has-inline-color\">durable<\/mark><\/strong><\/h2>\n\n\n\n<p>La stabilit\u00e9 de l\u2019emploi est l\u2019une des principales raisons invoqu\u00e9es par celles et ceux qui choisissent ces m\u00e9tiers. Les obligations comptables et financi\u00e8res s\u2019imposent aux entreprises quelles que soient les conditions \u00e9conomiques.<\/p>\n\n\n\n<p>En p\u00e9riode de croissance, les entreprises se d\u00e9veloppent et recrutent. En p\u00e9riode plus tendue, elles renforcent leur pilotage financier pour s\u00e9curiser leur activit\u00e9. Dans les deux cas, les comp\u00e9tences en comptabilit\u00e9 et en gestion restent indispensables.<\/p>\n\n\n\n<p>Dans la r\u00e9alit\u00e9 professionnelle, cela se traduit par :<\/p>\n\n\n\n<ul><li>une forte demande sur le march\u00e9 de l\u2019emploi,<br><\/li><li>des postes p\u00e9rennes,<br><\/li><li>une r\u00e9sistance accrue aux crises \u00e9conomiques.<br><\/li><\/ul>\n\n\n\n<p><strong>\ud83d\udc49 Le saviez-vous ? :&nbsp;<\/strong>France Strat\u00e9gie identifie les m\u00e9tiers de la comptabilit\u00e9 et de la gestion parmi ceux b\u00e9n\u00e9ficiant d\u2019un fort renouvellement g\u00e9n\u00e9rationnel, li\u00e9 aux d\u00e9parts \u00e0 la retraite et \u00e0 l\u2019\u00e9volution des normes.<\/p>\n\n\n\n<p>Pour une personne en reconversion ou en recherche de s\u00e9curit\u00e9 professionnelle, ces \u00e9l\u00e9ments constituent un argument majeur.<\/p>\n\n\n\n<div class=\"wp-block-media-text alignwide is-stacked-on-mobile is-vertically-aligned-center has-background\" style=\"background-color:#f3f0f0;grid-template-columns:20% auto\"><figure class=\"wp-block-media-text__media\"><img loading=\"lazy\" width=\"128\" height=\"128\" src=\"https:\/\/www.efcformation.com\/reussite-efc\/wp-content\/uploads\/2022\/11\/bouton-dinformation-1.png\" alt=\"\" class=\"wp-image-3051 size-full\" srcset=\"https:\/\/www.efcformation.com\/reussite-efc\/wp-content\/uploads\/2022\/11\/bouton-dinformation-1.png 128w, https:\/\/www.efcformation.com\/reussite-efc\/wp-content\/uploads\/2022\/11\/bouton-dinformation-1-45x45.png 45w\" sizes=\"(max-width: 128px) 100vw, 128px\" \/><\/figure><div class=\"wp-block-media-text__content\">\n<div style=\"height:6px\" aria-hidden=\"true\" class=\"wp-block-spacer\"><\/div>\n\n\n\n<div class=\"wp-container-1 wp-block-group\"><div class=\"wp-block-group__inner-container\">\n<h6 class=\"has-medium-font-size\"><strong>Vous \u00eates int\u00e9ress\u00e9(e) par nos formations en comptabilit\u00e9 et gestion ? <\/strong><\/h6>\n\n\n\n<p style=\"font-size:16px\">Compl\u00e9tez notre demande de renseignements, \u00e9changez avec un conseiller d&rsquo;\u00e9tudes et obtenez toutes les r\u00e9ponses \u00e0 vos questions ! \ud83d\udcac<\/p>\n<\/div><\/div>\n\n\n\n<div class=\"wp-container-2 is-content-justification-left wp-block-buttons\">\n<div class=\"wp-block-button\"><a class=\"wp-block-button__link has-white-color has-text-color has-background\" href=\"#formulaire-efc\" style=\"background-color:#5b0cd1\"><strong>Plus d&rsquo;informations<\/strong><\/a><\/div>\n<\/div>\n\n\n\n<div style=\"height:12px\" aria-hidden=\"true\" class=\"wp-block-spacer\"><\/div>\n<\/div><\/div>\n\n\n\n<h2><strong><mark style=\"background-color:rgba(0, 0, 0, 0);color:#0f1555\" class=\"has-inline-color\">3. Des missions vari\u00e9es <\/mark><mark style=\"background-color:rgba(0, 0, 0, 0);color:#ff7e00\" class=\"has-inline-color\">et \u00e9volutives<\/mark><\/strong><\/h2>\n\n\n\n<p>Contrairement \u00e0 l\u2019image parfois v\u00e9hicul\u00e9e, travailler dans la comptabilit\u00e9 et la gestion ne se limite pas \u00e0 des t\u00e2ches r\u00e9p\u00e9titives. Les missions \u00e9voluent avec l\u2019exp\u00e9rience, le niveau de responsabilit\u00e9 et la taille de l\u2019organisation.<\/p>\n\n\n\n<p>Un parcours classique d\u00e9bute souvent par des fonctions op\u00e9rationnelles. Avec le temps, le professionnel gagne en autonomie et intervient sur des missions \u00e0 plus forte valeur ajout\u00e9e.<\/p>\n\n\n\n<p>Cette \u00e9volution peut prendre diff\u00e9rentes formes :<\/p>\n\n\n\n<figure class=\"wp-block-table\"><table><tbody><tr><td><strong>Niveau d\u2019exp\u00e9rience<\/strong><\/td><td><strong>Comptabilit\u00e9<\/strong><\/td><td><strong>Gestion<\/strong><\/td><\/tr><tr><td>D\u00e9butant<\/td><td>Saisie, contr\u00f4le des pi\u00e8ces, d\u00e9clarations courantes<\/td><td>Suivi budg\u00e9taire simple<\/td><\/tr><tr><td>Interm\u00e9diaire<\/td><td>R\u00e9vision des comptes, cl\u00f4tures, fiscalit\u00e9<\/td><td>Analyse des co\u00fbts, reporting<\/td><\/tr><tr><td>Confirm\u00e9<\/td><td>Supervision, conseil, optimisation<\/td><td>Pilotage strat\u00e9gique, aide \u00e0 la d\u00e9cision<\/td><\/tr><\/tbody><\/table><\/figure>\n\n\n\n<p>Cette progression permet d\u2019enrichir continuellement son r\u00f4le, sans rupture brutale, tout en d\u00e9veloppant une expertise recherch\u00e9e.<\/p>\n\n\n\n<h2><strong><mark style=\"background-color:rgba(0, 0, 0, 0);color:#0f1555\" class=\"has-inline-color\">4. Un r\u00f4le strat\u00e9gique <\/mark><mark style=\"background-color:rgba(0, 0, 0, 0);color:#ff7e00\" class=\"has-inline-color\">dans la prise de d\u00e9cision<\/mark><\/strong><\/h2>\n\n\n\n<p>La dimension strat\u00e9gique est souvent sous-estim\u00e9e lorsqu\u2019on se demande&nbsp;<strong>pourquoi travailler dans la comptabilit\u00e9 et la gestion<\/strong>. Pourtant, ces m\u00e9tiers occupent une place centrale dans les choix structurants de l\u2019entreprise.<\/p>\n\n\n\n<p>Les chiffres produits ne sont pas de simples donn\u00e9es. Ils servent \u00e0 anticiper, arbitrer et s\u00e9curiser. Un \u00e9cart budg\u00e9taire, une tension de tr\u00e9sorerie ou une baisse de rentabilit\u00e9 d\u00e9tect\u00e9s \u00e0 temps peuvent \u00e9viter des d\u00e9cisions lourdes de cons\u00e9quences.<\/p>\n\n\n\n<p>Dans de nombreuses structures, le comptable ou le gestionnaire :<\/p>\n\n\n\n<ul><li>alerte la direction sur les risques financiers,<br><\/li><li>accompagne les choix d\u2019investissement,<br><\/li><li>participe aux r\u00e9flexions strat\u00e9giques.<br><\/li><\/ul>\n\n\n\n<p><strong>\ud83d\udc49 Le saviez-vous ?<\/strong>&nbsp;: dans les PME, les fonctions comptables et de gestion figurent parmi les postes les plus proches du dirigeant, notamment lors des phases de croissance ou de restructuration.<\/p>\n\n\n\n<p>Cette proximit\u00e9 renforce la reconnaissance professionnelle et donne un v\u00e9ritable sens au travail quotidien.<\/p>\n\n\n\n<figure class=\"wp-block-embed is-type-video is-provider-youtube wp-block-embed-youtube wp-embed-aspect-16-9 wp-has-aspect-ratio\"><div class=\"wp-block-embed__wrapper\">\n<iframe loading=\"lazy\" title=\"Formez vous avec l\u2019EFC au Titre Professionnel Gestionnaire Comptable et Fiscal\" width=\"750\" height=\"422\" src=\"https:\/\/www.youtube.com\/embed\/XZg97t20dPY?feature=oembed\" frameborder=\"0\" allow=\"accelerometer; autoplay; clipboard-write; encrypted-media; gyroscope; picture-in-picture; web-share\" referrerpolicy=\"strict-origin-when-cross-origin\" allowfullscreen><\/iframe>\n<\/div><\/figure>\n\n\n\n<h2><strong><mark style=\"background-color:rgba(0, 0, 0, 0);color:#0f1555\" class=\"has-inline-color\">5. Des comp\u00e9tences transf\u00e9rables et valorisables <\/mark><mark style=\"background-color:rgba(0, 0, 0, 0);color:#ff7e00\" class=\"has-inline-color\">\u00e0 long terme<\/mark><\/strong><\/h2>\n\n\n\n<p>Les&nbsp;<a href=\"https:\/\/www.efcformation.com\/reussite-efc\/comptabilite\/les-metiers-du-secteur-comptabilite-et-gestion\/\">m\u00e9tiers de la comptabilit\u00e9 et de la gestion<\/a>&nbsp;permettent de d\u00e9velopper des comp\u00e9tences solides et durables. Rigueur, organisation, analyse, fiabilit\u00e9 : ces qualit\u00e9s sont recherch\u00e9es bien au-del\u00e0 du p\u00e9rim\u00e8tre financier.<\/p>\n\n\n\n<p>Un professionnel form\u00e9 \u00e0 la gestion comprend rapidement les enjeux \u00e9conomiques d\u2019un projet. Il sait structurer l\u2019information, hi\u00e9rarchiser les priorit\u00e9s et s\u00e9curiser les processus.<\/p>\n\n\n\n<p>Parmi les comp\u00e9tences les plus transf\u00e9rables, on retrouve :<\/p>\n\n\n\n<ul><li>la capacit\u00e9 d\u2019analyse et de synth\u00e8se,<br><\/li><li>la ma\u00eetrise des outils num\u00e9riques,<br><\/li><li>la compr\u00e9hension globale du fonctionnement d\u2019une entreprise,<br><\/li><li>la communication avec des interlocuteurs vari\u00e9s.<br><\/li><\/ul>\n\n\n\n<p><strong>\ud83d\udc49 Bon \u00e0 savoir :&nbsp;<\/strong>de nombreux profils issus de la comptabilit\u00e9 \u00e9voluent vers des postes de management administratif, de conseil ou de pilotage de projet.<\/p>\n\n\n\n<p>Ces comp\u00e9tences restent pertinentes tout au long de la carri\u00e8re, m\u00eame en cas de changement de secteur ou de fonction.<\/p>\n\n\n\n<h2><strong><mark style=\"background-color:rgba(0, 0, 0, 0);color:#0f1555\" class=\"has-inline-color\">Se former \u00e0 la comptabilit\u00e9 et \u00e0 la gestion avec nos formations <\/mark><mark style=\"background-color:rgba(0, 0, 0, 0);color:#ff7e00\" class=\"has-inline-color\">chez EFC Formation<\/mark><\/strong><\/h2>\n\n\n\n<p>Pour acc\u00e9der \u00e0 ces m\u00e9tiers ou \u00e9voluer professionnellement, la formation joue un r\u00f4le cl\u00e9. Chez EFC Formation, nous proposons des&nbsp;<a href=\"https:\/\/www.efcformation.com\/secteurs\/comptabilite\"><strong>formations en ligne en comptabilit\u00e9<\/strong><\/a><strong>&nbsp;et&nbsp;<\/strong><a href=\"https:\/\/www.efcformation.com\/secteurs\/gestion\"><strong>en gestion<\/strong><\/a>, con\u00e7ues pour r\u00e9pondre aux besoins concrets du march\u00e9 de l\u2019emploi.<\/p>\n\n\n\n<p>Nos formations permettent d\u2019acqu\u00e9rir des comp\u00e9tences op\u00e9rationnelles, directement applicables en entreprise. Elles s\u2019adressent aussi bien aux personnes en reconversion qu\u2019\u00e0 celles qui souhaitent renforcer ou actualiser leurs connaissances.<\/p>\n\n\n\n<p>Gr\u00e2ce \u00e0 un enseignement progressif, flexible et encadr\u00e9, nos formations couvrent :<\/p>\n\n\n\n<ul><li>les fondamentaux de la comptabilit\u00e9,<br><\/li><li>les outils de gestion et de pilotage,<br><\/li><li>les pratiques professionnelles attendues par les employeurs.<br><\/li><\/ul>\n\n\n\n<p>Cette approche favorise une mont\u00e9e en comp\u00e9tences solide et r\u00e9aliste, compatible avec une activit\u00e9 professionnelle ou personnelle.<\/p>\n\n\n\n<h2><strong><mark style=\"background-color:rgba(0, 0, 0, 0);color:#0f1555\" class=\"has-inline-color\">En r\u00e9sum\u00e9 : Pourquoi travailler dans la <\/mark><mark style=\"background-color:rgba(0, 0, 0, 0);color:#ff7e00\" class=\"has-inline-color\">comptabilit\u00e9 et la gestion ?<\/mark><\/strong><\/h2>\n\n\n\n<p>Travailler dans la comptabilit\u00e9 et la gestion permet de choisir des m\u00e9tiers essentiels \u00e0 toutes les entreprises, offrant stabilit\u00e9, perspectives d\u2019\u00e9volution et r\u00f4le strat\u00e9gique. Ces fonctions d\u00e9veloppent des comp\u00e9tences durables, transf\u00e9rables et fortement recherch\u00e9es. Pour celles et ceux qui souhaitent une carri\u00e8re s\u00e9curis\u00e9e, utile et \u00e9volutive, la comptabilit\u00e9 et la gestion repr\u00e9sentent une orientation professionnelle particuli\u00e8rement pertinente.<\/p>\n\n\n<div class=\"wp-block-image\">\n<figure class=\"aligncenter size-full\"><img loading=\"lazy\" width=\"1000\" height=\"667\" src=\"https:\/\/www.efcformation.com\/reussite-efc\/wp-content\/uploads\/2026\/01\/travailler-dans-les-comptabilite-gestion-2.jpg\" alt=\"une femme au travail devant un ordinateur et plusieurs \u00e9crans\" class=\"wp-image-6149\" srcset=\"https:\/\/www.efcformation.com\/reussite-efc\/wp-content\/uploads\/2026\/01\/travailler-dans-les-comptabilite-gestion-2.jpg 1000w, https:\/\/www.efcformation.com\/reussite-efc\/wp-content\/uploads\/2026\/01\/travailler-dans-les-comptabilite-gestion-2-300x200.jpg 300w, https:\/\/www.efcformation.com\/reussite-efc\/wp-content\/uploads\/2026\/01\/travailler-dans-les-comptabilite-gestion-2-768x512.jpg 768w\" sizes=\"(max-width: 1000px) 100vw, 1000px\" \/><\/figure><\/div>\n\n\n<h2><strong><mark style=\"background-color:rgba(0, 0, 0, 0);color:#0f1555\" class=\"has-inline-color\">FAQ : <\/mark><mark style=\"background-color:rgba(0, 0, 0, 0);color:#ff7e00\" class=\"has-inline-color\">Travailler dans la comptabilit\u00e9 et la gestion<\/mark><\/strong><\/h2>\n\n\n\n<h3><strong>Faut-il \u00eatre expert en math\u00e9matiques pour travailler dans la comptabilit\u00e9 et la gestion ?<\/strong><\/h3>\n\n\n\n<p>Un bon raisonnement logique est utile, mais les math\u00e9matiques avanc\u00e9es ne sont pas indispensables. La rigueur et la compr\u00e9hension des r\u00e8gles comptables sont prioritaires.<\/p>\n\n\n\n<h3><strong>Ces m\u00e9tiers sont-ils accessibles en reconversion professionnelle ?<\/strong><\/h3>\n\n\n\n<p>Oui. La comptabilit\u00e9 et la gestion figurent parmi les domaines les plus ouverts \u00e0 la reconversion, notamment gr\u00e2ce \u00e0 des formations adapt\u00e9es aux adultes.<\/p>\n\n\n\n<h3><strong>Quelle est la diff\u00e9rence entre comptabilit\u00e9 et gestion ?<\/strong><\/h3>\n\n\n\n<p>La comptabilit\u00e9 enregistre et s\u00e9curise les donn\u00e9es financi\u00e8res. La gestion analyse ces donn\u00e9es pour piloter l\u2019activit\u00e9 et aider \u00e0 la d\u00e9cision.<\/p>\n\n\n\n<h3><strong>Peut-on \u00e9voluer rapidement dans ces m\u00e9tiers ?<\/strong><\/h3>\n\n\n\n<p>Avec de l\u2019implication et des comp\u00e9tences solides, l\u2019\u00e9volution peut \u00eatre rapide, notamment vers des postes \u00e0 responsabilit\u00e9s ou de conseil.<\/p>\n\n\n\n<h3><strong>L\u2019automatisation menace-t-elle ces professions ?<\/strong><\/h3>\n\n\n\n<p>Les t\u00e2ches r\u00e9p\u00e9titives \u00e9voluent, mais l\u2019analyse, le contr\u00f4le et le conseil restent indispensables et prennent de plus en plus d\u2019importance.<\/p>\n\n\n\n<div class=\"wp-block-media-text alignwide is-stacked-on-mobile is-vertically-aligned-center has-background\" style=\"background-color:#f3f0f0;grid-template-columns:20% auto\"><figure class=\"wp-block-media-text__media\"><img loading=\"lazy\" width=\"128\" height=\"128\" src=\"https:\/\/www.efcformation.com\/reussite-efc\/wp-content\/uploads\/2022\/11\/bouton-dinformation-1.png\" alt=\"\" class=\"wp-image-3051 size-full\" srcset=\"https:\/\/www.efcformation.com\/reussite-efc\/wp-content\/uploads\/2022\/11\/bouton-dinformation-1.png 128w, https:\/\/www.efcformation.com\/reussite-efc\/wp-content\/uploads\/2022\/11\/bouton-dinformation-1-45x45.png 45w\" sizes=\"(max-width: 128px) 100vw, 128px\" \/><\/figure><div class=\"wp-block-media-text__content\">\n<div style=\"height:6px\" aria-hidden=\"true\" class=\"wp-block-spacer\"><\/div>\n\n\n\n<div class=\"wp-container-3 wp-block-group\"><div class=\"wp-block-group__inner-container\">\n<h6 class=\"has-medium-font-size\"><strong>Vous \u00eates int\u00e9ress\u00e9(e) par nos formations en comptabilit\u00e9 et gestion ? <\/strong><\/h6>\n\n\n\n<p style=\"font-size:16px\">Compl\u00e9tez notre demande de renseignements, \u00e9changez avec un conseiller d&rsquo;\u00e9tudes et obtenez toutes les r\u00e9ponses \u00e0 vos questions ! \ud83d\udcac<\/p>\n<\/div><\/div>\n\n\n\n<div class=\"wp-container-4 is-content-justification-left wp-block-buttons\">\n<div class=\"wp-block-button\"><a class=\"wp-block-button__link has-white-color has-text-color has-background\" href=\"#formulaire-efc\" style=\"background-color:#5b0cd1\"><strong>Plus d&rsquo;informations<\/strong><\/a><\/div>\n<\/div>\n\n\n\n<div style=\"height:12px\" aria-hidden=\"true\" class=\"wp-block-spacer\"><\/div>\n<\/div><\/div>\n\n\n\n<script type=\"application\/ld+json\">\n{\n  \"@context\": \"https:\/\/schema.org\",\n  \"@type\": \"FAQPage\",\n  \"mainEntity\": [\n    {\n      \"@type\": \"Question\",\n      \"name\": \"Faut-il \u00eatre expert en math\u00e9matiques pour travailler dans la comptabilit\u00e9 et la gestion ?\",\n      \"acceptedAnswer\": {\n        \"@type\": \"Answer\",\n        \"text\": \"Un bon raisonnement logique est utile, mais les math\u00e9matiques avanc\u00e9es ne sont pas indispensables. La rigueur et la compr\u00e9hension des r\u00e8gles comptables sont prioritaires.\"\n      }\n    },\n    {\n      \"@type\": \"Question\",\n      \"name\": \"Ces m\u00e9tiers sont-ils accessibles en reconversion professionnelle ?\",\n      \"acceptedAnswer\": {\n        \"@type\": \"Answer\",\n        \"text\": \"Oui. La comptabilit\u00e9 et la gestion figurent parmi les domaines les plus ouverts \u00e0 la reconversion, notamment gr\u00e2ce \u00e0 des formations adapt\u00e9es aux adultes.\"\n      }\n    },\n    {\n      \"@type\": \"Question\",\n      \"name\": \"Quelle est la diff\u00e9rence entre comptabilit\u00e9 et gestion ?\",\n      \"acceptedAnswer\": {\n        \"@type\": \"Answer\",\n        \"text\": \"La comptabilit\u00e9 enregistre et s\u00e9curise les donn\u00e9es financi\u00e8res. La gestion analyse ces donn\u00e9es pour piloter l\u2019activit\u00e9 et aider \u00e0 la d\u00e9cision.\"\n      }\n    },\n    {\n      \"@type\": \"Question\",\n      \"name\": \"Peut-on \u00e9voluer rapidement dans ces m\u00e9tiers ?\",\n      \"acceptedAnswer\": {\n        \"@type\": \"Answer\",\n        \"text\": \"Avec de l\u2019implication et des comp\u00e9tences solides, l\u2019\u00e9volution peut \u00eatre rapide, notamment vers des postes \u00e0 responsabilit\u00e9s ou de conseil.\"\n      }\n    },\n    {\n      \"@type\": \"Question\",\n      \"name\": \"L\u2019automatisation menace-t-elle ces professions ?\",\n      \"acceptedAnswer\": {\n        \"@type\": \"Answer\",\n        \"text\": \"Les t\u00e2ches r\u00e9p\u00e9titives \u00e9voluent, mais l\u2019analyse, le contr\u00f4le et le conseil restent indispensables et prennent de plus en plus d\u2019importance.\"\n      }\n    }\n  ]\n}\n<\/script>\n","protected":false},"excerpt":{"rendered":"<p>La comptabilit\u00e9 et la gestion constituent le socle de toute organisation performante. Derri\u00e8re les chiffres, ce sont des d\u00e9cisions concr\u00e8tes qui se pr\u00e9parent : investir, recruter, s\u00e9curiser une tr\u00e9sorerie, ajuster une strat\u00e9gie. \u00c0 l\u2019heure o\u00f9 les entreprises \u00e9voluent dans un environnement \u00e9conomique instable et fortement r\u00e9glement\u00e9, ces m\u00e9tiers n\u2019ont jamais \u00e9t\u00e9 aussi strat\u00e9giques.Voici 5 raisons [&hellip;]<\/p>\n","protected":false},"author":2,"featured_media":6148,"comment_status":"open","ping_status":"open","sticky":false,"template":"","format":"standard","meta":[],"categories":[13,30],"tags":[],"yoast_head":"<!-- This site is optimized with the Yoast SEO plugin v19.5.1 - https:\/\/yoast.com\/wordpress\/plugins\/seo\/ -->\n<title>Pourquoi travailler dans la comptabilit\u00e9 et la gestion en 2026 ?<\/title>\n<meta name=\"description\" content=\"Pourquoi travailler dans la comptabilit\u00e9 et la gestion ? 5 raisons concr\u00e8tes pour se lancer dans ce domaine en 2026.\" \/>\n<meta name=\"robots\" content=\"index, follow, max-snippet:-1, max-image-preview:large, max-video-preview:-1\" \/>\n<link rel=\"canonical\" href=\"https:\/\/www.efcformation.com\/reussite-efc\/comptabilite\/pourquoi-travailler-dans-la-comptabilite-et-la-gestion\/\" \/>\n<meta property=\"og:locale\" content=\"fr_FR\" \/>\n<meta property=\"og:type\" content=\"article\" \/>\n<meta property=\"og:title\" content=\"Pourquoi travailler dans la comptabilit\u00e9 et la gestion en 2026 ?\" \/>\n<meta property=\"og:description\" content=\"Pourquoi travailler dans la comptabilit\u00e9 et la gestion ? 5 raisons concr\u00e8tes pour se lancer dans ce domaine en 2026.\" \/>\n<meta property=\"og:url\" content=\"https:\/\/www.efcformation.com\/reussite-efc\/comptabilite\/pourquoi-travailler-dans-la-comptabilite-et-la-gestion\/\" \/>\n<meta property=\"og:site_name\" content=\"Reussite EFC Fomation - Le Blog EFC Formation\" \/>\n<meta property=\"article:published_time\" content=\"2026-01-10T17:32:00+00:00\" \/>\n<meta property=\"article:modified_time\" content=\"2026-01-07T10:27:04+00:00\" \/>\n<meta property=\"og:image\" content=\"https:\/\/www.efcformation.com\/reussite-efc\/wp-content\/uploads\/2026\/01\/travailler-dans-les-comptabilite-gestion.jpg\" \/>\n\t<meta property=\"og:image:width\" content=\"1000\" \/>\n\t<meta property=\"og:image:height\" content=\"665\" \/>\n\t<meta property=\"og:image:type\" content=\"image\/jpeg\" \/>\n<meta name=\"author\" content=\"Cedric\" \/>\n<meta name=\"twitter:card\" content=\"summary\" \/>\n<meta name=\"twitter:label1\" content=\"\u00c9crit par\" \/>\n\t<meta name=\"twitter:data1\" content=\"Cedric\" \/>\n\t<meta name=\"twitter:label2\" content=\"Dur\u00e9e de lecture estim\u00e9e\" \/>\n\t<meta name=\"twitter:data2\" content=\"8 minutes\" \/>\n<script type=\"application\/ld+json\" class=\"yoast-schema-graph\">{\"@context\":\"https:\/\/schema.org\",\"@graph\":[{\"@type\":\"WebPage\",\"@id\":\"https:\/\/www.efcformation.com\/reussite-efc\/comptabilite\/pourquoi-travailler-dans-la-comptabilite-et-la-gestion\/\",\"url\":\"https:\/\/www.efcformation.com\/reussite-efc\/comptabilite\/pourquoi-travailler-dans-la-comptabilite-et-la-gestion\/\",\"name\":\"Pourquoi travailler dans la comptabilit\u00e9 et la gestion en 2026 ?\",\"isPartOf\":{\"@id\":\"https:\/\/www.efcformation.com\/reussite-efc\/#website\"},\"datePublished\":\"2026-01-10T17:32:00+00:00\",\"dateModified\":\"2026-01-07T10:27:04+00:00\",\"author\":{\"@id\":\"https:\/\/www.efcformation.com\/reussite-efc\/#\/schema\/person\/abaed1900276838c79042daed3572b3c\"},\"description\":\"Pourquoi travailler dans la comptabilit\u00e9 et la gestion ? 5 raisons concr\u00e8tes pour se lancer dans ce domaine en 2026.\",\"breadcrumb\":{\"@id\":\"https:\/\/www.efcformation.com\/reussite-efc\/comptabilite\/pourquoi-travailler-dans-la-comptabilite-et-la-gestion\/#breadcrumb\"},\"inLanguage\":\"fr-FR\",\"potentialAction\":[{\"@type\":\"ReadAction\",\"target\":[\"https:\/\/www.efcformation.com\/reussite-efc\/comptabilite\/pourquoi-travailler-dans-la-comptabilite-et-la-gestion\/\"]}]},{\"@type\":\"BreadcrumbList\",\"@id\":\"https:\/\/www.efcformation.com\/reussite-efc\/comptabilite\/pourquoi-travailler-dans-la-comptabilite-et-la-gestion\/#breadcrumb\",\"itemListElement\":[{\"@type\":\"ListItem\",\"position\":1,\"name\":\"Accueil\",\"item\":\"https:\/\/www.efcformation.com\/reussite-efc\/\"},{\"@type\":\"ListItem\",\"position\":2,\"name\":\"Pourquoi travailler dans la comptabilit\u00e9 et la gestion : 5 raisons motivantes pour votre carri\u00e8re\"}]},{\"@type\":\"WebSite\",\"@id\":\"https:\/\/www.efcformation.com\/reussite-efc\/#website\",\"url\":\"https:\/\/www.efcformation.com\/reussite-efc\/\",\"name\":\"Reussite EFC Fomation - Le Blog EFC Formation\",\"description\":\"\",\"potentialAction\":[{\"@type\":\"SearchAction\",\"target\":{\"@type\":\"EntryPoint\",\"urlTemplate\":\"https:\/\/www.efcformation.com\/reussite-efc\/?s={search_term_string}\"},\"query-input\":\"required name=search_term_string\"}],\"inLanguage\":\"fr-FR\"},{\"@type\":\"Person\",\"@id\":\"https:\/\/www.efcformation.com\/reussite-efc\/#\/schema\/person\/abaed1900276838c79042daed3572b3c\",\"name\":\"Cedric\",\"image\":{\"@type\":\"ImageObject\",\"inLanguage\":\"fr-FR\",\"@id\":\"https:\/\/www.efcformation.com\/reussite-efc\/#\/schema\/person\/image\/\",\"url\":\"https:\/\/secure.gravatar.com\/avatar\/a438e79d374ba264c89f89eea94f3dd7?s=96&d=mm&r=g\",\"contentUrl\":\"https:\/\/secure.gravatar.com\/avatar\/a438e79d374ba264c89f89eea94f3dd7?s=96&d=mm&r=g\",\"caption\":\"Cedric\"},\"url\":\"https:\/\/www.efcformation.com\/reussite-efc\/author\/webrivageseo\/\"}]}<\/script>\n<!-- \/ Yoast SEO plugin. -->","yoast_head_json":{"title":"Pourquoi travailler dans la comptabilit\u00e9 et la gestion en 2026 ?","description":"Pourquoi travailler dans la comptabilit\u00e9 et la gestion ? 5 raisons concr\u00e8tes pour se lancer dans ce domaine en 2026.","robots":{"index":"index","follow":"follow","max-snippet":"max-snippet:-1","max-image-preview":"max-image-preview:large","max-video-preview":"max-video-preview:-1"},"canonical":"https:\/\/www.efcformation.com\/reussite-efc\/comptabilite\/pourquoi-travailler-dans-la-comptabilite-et-la-gestion\/","og_locale":"fr_FR","og_type":"article","og_title":"Pourquoi travailler dans la comptabilit\u00e9 et la gestion en 2026 ?","og_description":"Pourquoi travailler dans la comptabilit\u00e9 et la gestion ? 5 raisons concr\u00e8tes pour se lancer dans ce domaine en 2026.","og_url":"https:\/\/www.efcformation.com\/reussite-efc\/comptabilite\/pourquoi-travailler-dans-la-comptabilite-et-la-gestion\/","og_site_name":"Reussite EFC Fomation - Le Blog EFC Formation","article_published_time":"2026-01-10T17:32:00+00:00","article_modified_time":"2026-01-07T10:27:04+00:00","og_image":[{"width":1000,"height":665,"url":"https:\/\/www.efcformation.com\/reussite-efc\/wp-content\/uploads\/2026\/01\/travailler-dans-les-comptabilite-gestion.jpg","type":"image\/jpeg"}],"author":"Cedric","twitter_card":"summary","twitter_misc":{"\u00c9crit par":"Cedric","Dur\u00e9e de lecture estim\u00e9e":"8 minutes"},"schema":{"@context":"https:\/\/schema.org","@graph":[{"@type":"WebPage","@id":"https:\/\/www.efcformation.com\/reussite-efc\/comptabilite\/pourquoi-travailler-dans-la-comptabilite-et-la-gestion\/","url":"https:\/\/www.efcformation.com\/reussite-efc\/comptabilite\/pourquoi-travailler-dans-la-comptabilite-et-la-gestion\/","name":"Pourquoi travailler dans la comptabilit\u00e9 et la gestion en 2026 ?","isPartOf":{"@id":"https:\/\/www.efcformation.com\/reussite-efc\/#website"},"datePublished":"2026-01-10T17:32:00+00:00","dateModified":"2026-01-07T10:27:04+00:00","author":{"@id":"https:\/\/www.efcformation.com\/reussite-efc\/#\/schema\/person\/abaed1900276838c79042daed3572b3c"},"description":"Pourquoi travailler dans la comptabilit\u00e9 et la gestion ? 5 raisons concr\u00e8tes pour se lancer dans ce domaine en 2026.","breadcrumb":{"@id":"https:\/\/www.efcformation.com\/reussite-efc\/comptabilite\/pourquoi-travailler-dans-la-comptabilite-et-la-gestion\/#breadcrumb"},"inLanguage":"fr-FR","potentialAction":[{"@type":"ReadAction","target":["https:\/\/www.efcformation.com\/reussite-efc\/comptabilite\/pourquoi-travailler-dans-la-comptabilite-et-la-gestion\/"]}]},{"@type":"BreadcrumbList","@id":"https:\/\/www.efcformation.com\/reussite-efc\/comptabilite\/pourquoi-travailler-dans-la-comptabilite-et-la-gestion\/#breadcrumb","itemListElement":[{"@type":"ListItem","position":1,"name":"Accueil","item":"https:\/\/www.efcformation.com\/reussite-efc\/"},{"@type":"ListItem","position":2,"name":"Pourquoi travailler dans la comptabilit\u00e9 et la gestion : 5 raisons motivantes pour votre carri\u00e8re"}]},{"@type":"WebSite","@id":"https:\/\/www.efcformation.com\/reussite-efc\/#website","url":"https:\/\/www.efcformation.com\/reussite-efc\/","name":"Reussite EFC Fomation - Le Blog EFC Formation","description":"","potentialAction":[{"@type":"SearchAction","target":{"@type":"EntryPoint","urlTemplate":"https:\/\/www.efcformation.com\/reussite-efc\/?s={search_term_string}"},"query-input":"required name=search_term_string"}],"inLanguage":"fr-FR"},{"@type":"Person","@id":"https:\/\/www.efcformation.com\/reussite-efc\/#\/schema\/person\/abaed1900276838c79042daed3572b3c","name":"Cedric","image":{"@type":"ImageObject","inLanguage":"fr-FR","@id":"https:\/\/www.efcformation.com\/reussite-efc\/#\/schema\/person\/image\/","url":"https:\/\/secure.gravatar.com\/avatar\/a438e79d374ba264c89f89eea94f3dd7?s=96&d=mm&r=g","contentUrl":"https:\/\/secure.gravatar.com\/avatar\/a438e79d374ba264c89f89eea94f3dd7?s=96&d=mm&r=g","caption":"Cedric"},"url":"https:\/\/www.efcformation.com\/reussite-efc\/author\/webrivageseo\/"}]}},"_links":{"self":[{"href":"https:\/\/www.efcformation.com\/reussite-efc\/wp-json\/wp\/v2\/posts\/6146"}],"collection":[{"href":"https:\/\/www.efcformation.com\/reussite-efc\/wp-json\/wp\/v2\/posts"}],"about":[{"href":"https:\/\/www.efcformation.com\/reussite-efc\/wp-json\/wp\/v2\/types\/post"}],"author":[{"embeddable":true,"href":"https:\/\/www.efcformation.com\/reussite-efc\/wp-json\/wp\/v2\/users\/2"}],"replies":[{"embeddable":true,"href":"https:\/\/www.efcformation.com\/reussite-efc\/wp-json\/wp\/v2\/comments?post=6146"}],"version-history":[{"count":2,"href":"https:\/\/www.efcformation.com\/reussite-efc\/wp-json\/wp\/v2\/posts\/6146\/revisions"}],"predecessor-version":[{"id":6150,"href":"https:\/\/www.efcformation.com\/reussite-efc\/wp-json\/wp\/v2\/posts\/6146\/revisions\/6150"}],"wp:featuredmedia":[{"embeddable":true,"href":"https:\/\/www.efcformation.com\/reussite-efc\/wp-json\/wp\/v2\/media\/6148"}],"wp:attachment":[{"href":"https:\/\/www.efcformation.com\/reussite-efc\/wp-json\/wp\/v2\/media?parent=6146"}],"wp:term":[{"taxonomy":"category","embeddable":true,"href":"https:\/\/www.efcformation.com\/reussite-efc\/wp-json\/wp\/v2\/categories?post=6146"},{"taxonomy":"post_tag","embeddable":true,"href":"https:\/\/www.efcformation.com\/reussite-efc\/wp-json\/wp\/v2\/tags?post=6146"}],"curies":[{"name":"wp","href":"https:\/\/api.w.org\/{rel}","templated":true}]}}