{"id":6194,"date":"2026-01-26T15:47:55","date_gmt":"2026-01-26T14:47:55","guid":{"rendered":"https:\/\/www.efcformation.com\/reussite-efc\/?p=6194"},"modified":"2026-01-28T15:17:54","modified_gmt":"2026-01-28T14:17:54","slug":"inscription-aux-examens-des-titres-professionnels-2026","status":"publish","type":"post","link":"https:\/\/www.efcformation.com\/reussite-efc\/efcnews\/inscription-aux-examens-des-titres-professionnels-2026\/","title":{"rendered":"Inscription aux examens des Titres Professionnels 2026"},"content":{"rendered":"\n<p>Les formations certifiantes sont sanctionn\u00e9es par l\u2019examen du <strong>Titre Professionnel<\/strong>. Cette certification est d\u00e9livr\u00e9e par le Minist\u00e8re du Travail et des Solidarit\u00e9s.<\/p>\n\n\n\n<h2><strong>D\u00e9roulement des \u00e9preuves<\/strong><\/h2>\n\n\n\n<p>Le passage de l\u2019examen peut s\u2019effectuer dans diff\u00e9rents <strong>centres agr\u00e9\u00e9s<\/strong> et lors de <strong>plusieurs sessions au cours de <\/strong>l\u2019ann\u00e9e. Le calendrier vous est communiqu\u00e9 ci-apr\u00e8s.<\/p>\n\n\n\n<h4>Nature des \u00e9preuves&nbsp;:<\/h4>\n\n\n\n<ul><li><strong>Mise en situation professionnelle<\/strong> :<ul><li>une \u00e9preuve <strong>\u00e9crite<\/strong> et une \u00e9preuve <strong>orale<\/strong> ;<\/li><li>dur\u00e9es indicatives <em>(variables selon le Titre Professionnel*)<\/em> :<ul><li><strong>\u00e9crit<\/strong> : environ <strong>4 heures<\/strong> ;<\/li><li><strong>oral<\/strong> : environ <strong>25 minutes<\/strong>.<\/li><\/ul><\/li><\/ul><\/li><\/ul>\n\n\n\n<ul><li><strong>Entretien final<\/strong> : pr\u00e9sentation du <strong>dossier professionnel<\/strong>.<\/li><\/ul>\n\n\n\n<p><em>* Pour conna\u00eetre la dur\u00e9e exacte de l\u2019\u00e9crit et de l\u2019oral de votre Titre Professionnel, veuillez vous r\u00e9f\u00e9rer au <strong>programme de votre formation<\/strong>.<\/em><\/p>\n\n\n\n<p><\/p>\n\n\n\n<ul><li><strong>Communication des r\u00e9sultats&nbsp;:<\/strong><\/li><\/ul>\n\n\n\n<p>Vous serez inform\u00e9\u00b7e des r\u00e9sultats par t\u00e9l\u00e9phone dans un d\u00e9lai d\u2019environ une semaine apr\u00e8s le passage des \u00e9preuves.<br>La certification officielle vous sera ensuite envoy\u00e9e \u00e0 votre domicile dans un d\u00e9lai d\u2019environ un mois.<\/p>\n\n\n\n<h2>Inscription aux \u00e9preuves du Titre Professionnel<\/h2>\n\n\n\n<p>Pour organiser une session d\u2019examen, un <strong>d\u00e9lai de 3 mois<\/strong> est n\u00e9cessaire entre l\u2019annonce de la date et la tenue de l\u2019examen.<br>Afin d\u2019anticiper, nous vous proposons un syst\u00e8me de <strong>pr\u00e9inscription<\/strong>.<\/p>\n\n\n\n<h2>\ud83d\udcca Avancement requis pour la pr\u00e9inscription<\/h2>\n\n\n\n<p>Si, \u00e0 la date d\u2019ouverture des pr\u00e9inscriptions, vous avez atteint l\u2019avancement indiqu\u00e9 ci-dessous dans votre formation, vous pouvez vous pr\u00e9inscrire.<\/p>\n\n\n\n<figure class=\"wp-block-table\"><table><thead><tr><td><strong>Nom de la formation*<\/strong><\/td><td><strong>Avancement minimum obligatoire<\/strong><\/td><\/tr><tr><td><strong>Titre Professionnel Secr\u00e9taire Assistant<\/strong><strong><\/strong><\/td><td><strong>Avancement <\/strong><strong>\u2265 75 %, soit 3 devoirs rendus sur 4<\/strong><\/td><\/tr><\/thead><tbody><tr><td><strong>Titre Professionnel Comptable Assistant<\/strong><\/td><td><strong>Avancement <\/strong><strong>\u2265 60 %, soit 8 devoirs rendus sur 12<\/strong><\/td><\/tr><tr><td><strong>Titre Professionnel Secr\u00e9taire Comptable<\/strong><\/td><td><strong>Avancement <\/strong><strong>\u2265 75 %, soit 6 devoirs rendus sur 8 ou colis 3 termin\u00e9<\/strong><\/td><\/tr><tr><td><strong>Titre Professionnel Gestionnaire de Paie<\/strong><\/td><td><strong>Avancement <\/strong><strong>\u2265 71 %, soit 6 devoirs rendus sur 9<\/strong><\/td><\/tr><tr><td><strong>Titre Professionnel Gestionnaire Comptable et Fiscal avec remise \u00e0 niveau comptable<\/strong><\/td><td><strong>Avancement <\/strong><strong>\u2265 64 %, soit 8 devoirs rendus sur 12<\/strong><\/td><\/tr><tr><td><strong>Titre Professionnel Assistant Ressources Humaines<\/strong><\/td><td><strong>Avancement <\/strong><strong>\u2265 75 %, soit 11 devoirs rendus sur 14<\/strong><\/td><\/tr><tr><td><strong>Titre Professionnel Assistant Immobilier<\/strong><\/td><td><strong>Avancement <\/strong><strong>\u2265 70 %, soit 10 devoirs rendus sur 14 ou colis 3 termin\u00e9<\/strong><\/td><\/tr><\/tbody><\/table><\/figure>\n\n\n\n<p><em>* Si vous \u00eates inscrit\u00b7e dans un <\/em><strong><em>parcours de formation par blocs de CCP (Certificats de Comp\u00e9tences Professionnelles)<\/em><\/strong><em>, merci de <strong>nous contacter<\/strong> afin de conna\u00eetre l\u2019avancement minimum requis.<\/em><\/p>\n\n\n\n<h2>Conditions \u00e0 remplir \u00e0 la fermeture des pr\u00e9inscriptions<\/h2>\n\n\n\n<p>\u00c0 la date de <strong>fermeture des pr\u00e9inscriptions<\/strong>, vous devez avoir <strong>enti\u00e8rement termin\u00e9 votre formation<\/strong>, c\u2019est-\u00e0-dire :<\/p>\n\n\n\n<ul><li>Avoir r\u00e9alis\u00e9 l\u2019ensemble de la formation (cours et exercices) et rendu tous les devoirs<\/li><li>Avoir effectu\u00e9 un stage de <strong>4 \u00e0 6 semaines<\/strong>, selon les modalit\u00e9s p\u00e9dagogiques de votre TP, ou avoir obtenu une <strong>dispense valid\u00e9e par le service p\u00e9dagogique<\/strong><\/li><li>Avoir r\u00e9dig\u00e9 et remis votre <strong>dossier professionnel<\/strong><\/li><li>Avoir particip\u00e9 \u00e0 la <strong>classe virtuelle de pr\u00e9paration \u00e0 l\u2019examen<\/strong> dispens\u00e9e par le centre d\u2019examen et <strong>transmis les documents demand\u00e9s<\/strong> \u00e0 l\u2019issue de cette classe<\/li><\/ul>\n\n\n\n<p>Si vous respectez les crit\u00e8res de pr\u00e9inscription mentionn\u00e9s, vous recevrez le <strong>RIB pour le paiement de votre caution<\/strong> dans un d\u00e9lai de <strong>15 jours<\/strong> apr\u00e8s avoir compl\u00e9t\u00e9 votre formulaire.<\/p>\n\n\n\n<p>Une fois votre pr\u00e9inscription valid\u00e9e, nous vous transmettrons votre <strong>livret ECF (livret d\u2019Evaluations en Cours de Formation)<\/strong> pour signature.<\/p>\n\n\n\n<p>\u26a0\ufe0f <strong>Attention<\/strong><\/p>\n\n\n\n<p>Toute inscription <strong>ne peut \u00eatre annul\u00e9e apr\u00e8s la date de fermeture des pr\u00e9inscriptions<\/strong>.<br>Lorsque vous \u00eates inscrit(e) sur la plateforme du Minist\u00e8re, vous ne pouvez pas \u00eatre d\u00e9sinscrit(e) apr\u00e8s la date de fermeture des pr\u00e9inscriptions.<\/p>\n\n\n\n<h2>\ud83d\udd8a\ufe0f Comment se pr\u00e9inscrire ?<\/h2>\n\n\n\n<p>Si vous remplissez les conditions pr\u00e9alables et pensez pouvoir tenir vos engagements, vous pouvez effectuer votre <strong>pr\u00e9inscription via le formulaire d\u00e9di\u00e9<\/strong>.<\/p>\n\n\n\n<p>Pour chaque session, une communication incluant un <strong>lien vers le formulaire d\u2019inscription<\/strong> sera publi\u00e9e sur la page d\u2019accueil de votre <strong>Espace El\u00e8ve<\/strong>, rubrique <strong>Actualit\u00e9s<\/strong>.<\/p>\n\n\n\n<p>Cette information vous sera \u00e9galement envoy\u00e9e par <strong>mail de publipostage<\/strong> (merci de penser \u00e0 v\u00e9rifier vos spams).<\/p>\n\n\n\n<h2>\ud83d\udcc5 Calendrier des pr\u00e9inscriptions \u2013 Sessions d\u2019examen 2026<\/h2>\n\n\n\n<p><strong>SESSION BORDEAUX \u2013 Printemps 2026<\/strong><\/p>\n\n\n\n<p><strong>Ouverture des pr\u00e9inscriptions :<\/strong> 30\/01\/2026 \u00e0 13h30<\/p>\n\n\n\n<ul><li>TP GCF : du 21\/04\/2026 au 22\/04\/2026<\/li><li>TP CA : du 22\/04\/2026 au 23\/04\/2026<\/li><li>TP GP : du 23\/04\/2026 au 24\/04\/2026<\/li><li>TP SA : du 23\/04\/2026 au 24\/04\/2026<\/li><\/ul>\n\n\n\n<p><strong>Fermeture des pr\u00e9inscriptions :<\/strong> 13\/03\/2026 \u00e0 9h30<\/p>\n\n\n\n<p><strong>SESSION LYON \u2013 \u00c9t\u00e9 2026<\/strong><\/p>\n\n\n\n<p><strong>Ouverture des pr\u00e9inscriptions :<\/strong> 16\/03\/2026 \u00e0 13h30<\/p>\n\n\n\n<ul><li>TP ARH : du 15\/06\/2026 au 16\/06\/2026<\/li><li>TP SC : du 15\/06\/2026 au 16\/06\/2026<\/li><li>TP SA : du 16\/06\/2026 au 17\/06\/2026<\/li><li>TP CA : du 17\/06\/2026 au 18\/06\/2026<\/li><li>TP GP : du 17\/06\/2026 au 18\/06\/2026<\/li><li>TP GCF : du 18\/06\/2026 au 19\/06\/2026<\/li><li>TP AI : le 19\/06\/2026<\/li><\/ul>\n\n\n\n<p><strong>Fermeture des pr\u00e9inscriptions :<\/strong> 07\/05\/2026 \u00e0 9h30<\/p>\n\n\n\n<p><strong>SESSION BORDEAUX \u2013 Automne 2026<\/strong><\/p>\n\n\n\n<p><strong>Ouverture des pr\u00e9inscriptions :<\/strong> 08\/06\/2026 \u00e0 13h30<\/p>\n\n\n\n<ul><li>TP GCF : du 08\/09\/2026 au 09\/09\/2026<\/li><li>TP CA : du 09\/09\/2026 au 10\/09\/2026<\/li><li>TP GP : du 10\/09\/2026 au 11\/09\/2026<\/li><li>TP SA : du 10\/09\/2026 au 11\/09\/2026<\/li><\/ul>\n\n\n\n<p><strong>Fermeture des pr\u00e9inscriptions :<\/strong> 27\/07\/2026 \u00e0 9h30<\/p>\n\n\n\n<p><strong>SESSION LYON \u2013 Automne 2026<\/strong><\/p>\n\n\n\n<p><strong>Ouverture des pr\u00e9inscriptions :<\/strong> 06\/07\/2026 \u00e0 13h30<\/p>\n\n\n\n<ul><li>TP ARH : du 12\/10\/2026 au 13\/10\/2026<\/li><li>TP SC : du 12\/10\/2026 au 13\/10\/2026<\/li><li>TP SA : du 13\/10\/2026 au 14\/10\/2026<\/li><li>TP CA : du 14\/10\/2026 au 15\/10\/2026<\/li><li>TP GP : du 14\/10\/2026 au 15\/10\/2026<\/li><li>TP GCF : du 15\/10\/2026 au 16\/10\/2026<\/li><li>TP AI : le 16\/10\/2026<\/li><\/ul>\n\n\n\n<p><strong>Fermeture des pr\u00e9inscriptions :<\/strong> 04\/09\/2026 \u00e0 9h30<\/p>\n","protected":false},"excerpt":{"rendered":"<p>Les formations certifiantes sont sanctionn\u00e9es par l\u2019examen du Titre Professionnel. Cette certification est d\u00e9livr\u00e9e par le Minist\u00e8re du Travail et des Solidarit\u00e9s. D\u00e9roulement des \u00e9preuves Le passage de l\u2019examen peut s\u2019effectuer dans diff\u00e9rents centres agr\u00e9\u00e9s et lors de plusieurs sessions au cours de l\u2019ann\u00e9e. Le calendrier vous est communiqu\u00e9 ci-apr\u00e8s. Nature des \u00e9preuves&nbsp;: Mise en [&hellip;]<\/p>\n","protected":false},"author":1,"featured_media":6204,"comment_status":"open","ping_status":"open","sticky":false,"template":"","format":"standard","meta":[],"categories":[15],"tags":[],"yoast_head":"<!-- This site is optimized with the Yoast SEO plugin v19.5.1 - https:\/\/yoast.com\/wordpress\/plugins\/seo\/ -->\n<title>Inscription aux examens des Titres Professionnels 2026 - Reussite EFC Fomation - Le Blog EFC Formation<\/title>\n<meta name=\"robots\" content=\"index, follow, max-snippet:-1, max-image-preview:large, max-video-preview:-1\" \/>\n<link rel=\"canonical\" href=\"https:\/\/www.efcformation.com\/reussite-efc\/efcnews\/inscription-aux-examens-des-titres-professionnels-2026\/\" \/>\n<meta property=\"og:locale\" content=\"fr_FR\" \/>\n<meta property=\"og:type\" content=\"article\" \/>\n<meta property=\"og:title\" content=\"Inscription aux examens des Titres Professionnels 2026 - Reussite EFC Fomation - Le Blog EFC Formation\" \/>\n<meta property=\"og:description\" content=\"Les formations certifiantes sont sanctionn\u00e9es par l\u2019examen du Titre Professionnel. Cette certification est d\u00e9livr\u00e9e par le Minist\u00e8re du Travail et des Solidarit\u00e9s. D\u00e9roulement des \u00e9preuves Le passage de l\u2019examen peut s\u2019effectuer dans diff\u00e9rents centres agr\u00e9\u00e9s et lors de plusieurs sessions au cours de l\u2019ann\u00e9e. Le calendrier vous est communiqu\u00e9 ci-apr\u00e8s. Nature des \u00e9preuves&nbsp;: Mise en [&hellip;]\" \/>\n<meta property=\"og:url\" content=\"https:\/\/www.efcformation.com\/reussite-efc\/efcnews\/inscription-aux-examens-des-titres-professionnels-2026\/\" \/>\n<meta property=\"og:site_name\" content=\"Reussite EFC Fomation - Le Blog EFC Formation\" \/>\n<meta property=\"article:published_time\" content=\"2026-01-26T14:47:55+00:00\" \/>\n<meta property=\"article:modified_time\" content=\"2026-01-28T14:17:54+00:00\" \/>\n<meta property=\"og:image\" content=\"https:\/\/www.efcformation.com\/reussite-efc\/wp-content\/uploads\/2026\/01\/titre-professionnel-inscriptions-epreuves-1.jpg\" \/>\n\t<meta property=\"og:image:width\" content=\"1200\" \/>\n\t<meta property=\"og:image:height\" content=\"630\" \/>\n\t<meta property=\"og:image:type\" content=\"image\/jpeg\" \/>\n<meta name=\"author\" content=\"EFCformation\" \/>\n<meta name=\"twitter:card\" content=\"summary\" \/>\n<meta name=\"twitter:label1\" content=\"\u00c9crit par\" \/>\n\t<meta name=\"twitter:data1\" content=\"EFCformation\" \/>\n\t<meta name=\"twitter:label2\" content=\"Dur\u00e9e de lecture estim\u00e9e\" \/>\n\t<meta name=\"twitter:data2\" content=\"5 minutes\" \/>\n<script type=\"application\/ld+json\" class=\"yoast-schema-graph\">{\"@context\":\"https:\/\/schema.org\",\"@graph\":[{\"@type\":\"WebPage\",\"@id\":\"https:\/\/www.efcformation.com\/reussite-efc\/efcnews\/inscription-aux-examens-des-titres-professionnels-2026\/\",\"url\":\"https:\/\/www.efcformation.com\/reussite-efc\/efcnews\/inscription-aux-examens-des-titres-professionnels-2026\/\",\"name\":\"Inscription aux examens des Titres Professionnels 2026 - Reussite EFC Fomation - Le Blog EFC Formation\",\"isPartOf\":{\"@id\":\"https:\/\/www.efcformation.com\/reussite-efc\/#website\"},\"datePublished\":\"2026-01-26T14:47:55+00:00\",\"dateModified\":\"2026-01-28T14:17:54+00:00\",\"author\":{\"@id\":\"https:\/\/www.efcformation.com\/reussite-efc\/#\/schema\/person\/6263903b0179d0334456f7512d9d1430\"},\"breadcrumb\":{\"@id\":\"https:\/\/www.efcformation.com\/reussite-efc\/efcnews\/inscription-aux-examens-des-titres-professionnels-2026\/#breadcrumb\"},\"inLanguage\":\"fr-FR\",\"potentialAction\":[{\"@type\":\"ReadAction\",\"target\":[\"https:\/\/www.efcformation.com\/reussite-efc\/efcnews\/inscription-aux-examens-des-titres-professionnels-2026\/\"]}]},{\"@type\":\"BreadcrumbList\",\"@id\":\"https:\/\/www.efcformation.com\/reussite-efc\/efcnews\/inscription-aux-examens-des-titres-professionnels-2026\/#breadcrumb\",\"itemListElement\":[{\"@type\":\"ListItem\",\"position\":1,\"name\":\"Accueil\",\"item\":\"https:\/\/www.efcformation.com\/reussite-efc\/\"},{\"@type\":\"ListItem\",\"position\":2,\"name\":\"Inscription aux examens des Titres Professionnels 2026\"}]},{\"@type\":\"WebSite\",\"@id\":\"https:\/\/www.efcformation.com\/reussite-efc\/#website\",\"url\":\"https:\/\/www.efcformation.com\/reussite-efc\/\",\"name\":\"Reussite EFC Fomation - Le Blog EFC Formation\",\"description\":\"\",\"potentialAction\":[{\"@type\":\"SearchAction\",\"target\":{\"@type\":\"EntryPoint\",\"urlTemplate\":\"https:\/\/www.efcformation.com\/reussite-efc\/?s={search_term_string}\"},\"query-input\":\"required name=search_term_string\"}],\"inLanguage\":\"fr-FR\"},{\"@type\":\"Person\",\"@id\":\"https:\/\/www.efcformation.com\/reussite-efc\/#\/schema\/person\/6263903b0179d0334456f7512d9d1430\",\"name\":\"EFCformation\",\"image\":{\"@type\":\"ImageObject\",\"inLanguage\":\"fr-FR\",\"@id\":\"https:\/\/www.efcformation.com\/reussite-efc\/#\/schema\/person\/image\/\",\"url\":\"https:\/\/secure.gravatar.com\/avatar\/98b00a1c17dce21016b9ccce376ec821?s=96&d=mm&r=g\",\"contentUrl\":\"https:\/\/secure.gravatar.com\/avatar\/98b00a1c17dce21016b9ccce376ec821?s=96&d=mm&r=g\",\"caption\":\"EFCformation\"},\"url\":\"https:\/\/www.efcformation.com\/reussite-efc\/author\/paindesjacobins\/\"}]}<\/script>\n<!-- \/ Yoast SEO plugin. -->","yoast_head_json":{"title":"Inscription aux examens des Titres Professionnels 2026 - Reussite EFC Fomation - Le Blog EFC Formation","robots":{"index":"index","follow":"follow","max-snippet":"max-snippet:-1","max-image-preview":"max-image-preview:large","max-video-preview":"max-video-preview:-1"},"canonical":"https:\/\/www.efcformation.com\/reussite-efc\/efcnews\/inscription-aux-examens-des-titres-professionnels-2026\/","og_locale":"fr_FR","og_type":"article","og_title":"Inscription aux examens des Titres Professionnels 2026 - Reussite EFC Fomation - Le Blog EFC Formation","og_description":"Les formations certifiantes sont sanctionn\u00e9es par l\u2019examen du Titre Professionnel. Cette certification est d\u00e9livr\u00e9e par le Minist\u00e8re du Travail et des Solidarit\u00e9s. D\u00e9roulement des \u00e9preuves Le passage de l\u2019examen peut s\u2019effectuer dans diff\u00e9rents centres agr\u00e9\u00e9s et lors de plusieurs sessions au cours de l\u2019ann\u00e9e. Le calendrier vous est communiqu\u00e9 ci-apr\u00e8s. Nature des \u00e9preuves&nbsp;: Mise en [&hellip;]","og_url":"https:\/\/www.efcformation.com\/reussite-efc\/efcnews\/inscription-aux-examens-des-titres-professionnels-2026\/","og_site_name":"Reussite EFC Fomation - Le Blog EFC Formation","article_published_time":"2026-01-26T14:47:55+00:00","article_modified_time":"2026-01-28T14:17:54+00:00","og_image":[{"width":1200,"height":630,"url":"https:\/\/www.efcformation.com\/reussite-efc\/wp-content\/uploads\/2026\/01\/titre-professionnel-inscriptions-epreuves-1.jpg","type":"image\/jpeg"}],"author":"EFCformation","twitter_card":"summary","twitter_misc":{"\u00c9crit par":"EFCformation","Dur\u00e9e de lecture estim\u00e9e":"5 minutes"},"schema":{"@context":"https:\/\/schema.org","@graph":[{"@type":"WebPage","@id":"https:\/\/www.efcformation.com\/reussite-efc\/efcnews\/inscription-aux-examens-des-titres-professionnels-2026\/","url":"https:\/\/www.efcformation.com\/reussite-efc\/efcnews\/inscription-aux-examens-des-titres-professionnels-2026\/","name":"Inscription aux examens des Titres Professionnels 2026 - Reussite EFC Fomation - Le Blog EFC Formation","isPartOf":{"@id":"https:\/\/www.efcformation.com\/reussite-efc\/#website"},"datePublished":"2026-01-26T14:47:55+00:00","dateModified":"2026-01-28T14:17:54+00:00","author":{"@id":"https:\/\/www.efcformation.com\/reussite-efc\/#\/schema\/person\/6263903b0179d0334456f7512d9d1430"},"breadcrumb":{"@id":"https:\/\/www.efcformation.com\/reussite-efc\/efcnews\/inscription-aux-examens-des-titres-professionnels-2026\/#breadcrumb"},"inLanguage":"fr-FR","potentialAction":[{"@type":"ReadAction","target":["https:\/\/www.efcformation.com\/reussite-efc\/efcnews\/inscription-aux-examens-des-titres-professionnels-2026\/"]}]},{"@type":"BreadcrumbList","@id":"https:\/\/www.efcformation.com\/reussite-efc\/efcnews\/inscription-aux-examens-des-titres-professionnels-2026\/#breadcrumb","itemListElement":[{"@type":"ListItem","position":1,"name":"Accueil","item":"https:\/\/www.efcformation.com\/reussite-efc\/"},{"@type":"ListItem","position":2,"name":"Inscription aux examens des Titres Professionnels 2026"}]},{"@type":"WebSite","@id":"https:\/\/www.efcformation.com\/reussite-efc\/#website","url":"https:\/\/www.efcformation.com\/reussite-efc\/","name":"Reussite EFC Fomation - Le Blog EFC Formation","description":"","potentialAction":[{"@type":"SearchAction","target":{"@type":"EntryPoint","urlTemplate":"https:\/\/www.efcformation.com\/reussite-efc\/?s={search_term_string}"},"query-input":"required name=search_term_string"}],"inLanguage":"fr-FR"},{"@type":"Person","@id":"https:\/\/www.efcformation.com\/reussite-efc\/#\/schema\/person\/6263903b0179d0334456f7512d9d1430","name":"EFCformation","image":{"@type":"ImageObject","inLanguage":"fr-FR","@id":"https:\/\/www.efcformation.com\/reussite-efc\/#\/schema\/person\/image\/","url":"https:\/\/secure.gravatar.com\/avatar\/98b00a1c17dce21016b9ccce376ec821?s=96&d=mm&r=g","contentUrl":"https:\/\/secure.gravatar.com\/avatar\/98b00a1c17dce21016b9ccce376ec821?s=96&d=mm&r=g","caption":"EFCformation"},"url":"https:\/\/www.efcformation.com\/reussite-efc\/author\/paindesjacobins\/"}]}},"_links":{"self":[{"href":"https:\/\/www.efcformation.com\/reussite-efc\/wp-json\/wp\/v2\/posts\/6194"}],"collection":[{"href":"https:\/\/www.efcformation.com\/reussite-efc\/wp-json\/wp\/v2\/posts"}],"about":[{"href":"https:\/\/www.efcformation.com\/reussite-efc\/wp-json\/wp\/v2\/types\/post"}],"author":[{"embeddable":true,"href":"https:\/\/www.efcformation.com\/reussite-efc\/wp-json\/wp\/v2\/users\/1"}],"replies":[{"embeddable":true,"href":"https:\/\/www.efcformation.com\/reussite-efc\/wp-json\/wp\/v2\/comments?post=6194"}],"version-history":[{"count":10,"href":"https:\/\/www.efcformation.com\/reussite-efc\/wp-json\/wp\/v2\/posts\/6194\/revisions"}],"predecessor-version":[{"id":6207,"href":"https:\/\/www.efcformation.com\/reussite-efc\/wp-json\/wp\/v2\/posts\/6194\/revisions\/6207"}],"wp:featuredmedia":[{"embeddable":true,"href":"https:\/\/www.efcformation.com\/reussite-efc\/wp-json\/wp\/v2\/media\/6204"}],"wp:attachment":[{"href":"https:\/\/www.efcformation.com\/reussite-efc\/wp-json\/wp\/v2\/media?parent=6194"}],"wp:term":[{"taxonomy":"category","embeddable":true,"href":"https:\/\/www.efcformation.com\/reussite-efc\/wp-json\/wp\/v2\/categories?post=6194"},{"taxonomy":"post_tag","embeddable":true,"href":"https:\/\/www.efcformation.com\/reussite-efc\/wp-json\/wp\/v2\/tags?post=6194"}],"curies":[{"name":"wp","href":"https:\/\/api.w.org\/{rel}","templated":true}]}}