{"id":6248,"date":"2026-04-29T15:57:00","date_gmt":"2026-04-29T13:57:00","guid":{"rendered":"https:\/\/www.efcformation.com\/reussite-efc\/?p=6248"},"modified":"2026-04-29T15:57:03","modified_gmt":"2026-04-29T13:57:03","slug":"charge-accueil-gestion-administrative-metier","status":"publish","type":"post","link":"https:\/\/www.efcformation.com\/reussite-efc\/gestion\/charge-accueil-gestion-administrative-metier\/","title":{"rendered":"Le m\u00e9tier de Charg\u00e9 d&rsquo;accueil et gestion administrative"},"content":{"rendered":"\n<p>Le m\u00e9tier de charg\u00e9 d&rsquo;accueil et gestion administrative attire des profils vari\u00e9s. C&rsquo;est logique. Ce poste se situe au croisement de la relation avec le public, de l&rsquo;organisation quotidienne et du suivi administratif. Dans une entreprise, une association, un cabinet, un organisme de formation ou une structure de services, cette fonction joue souvent un r\u00f4le de premier plan. La personne en poste repr\u00e9sente la structure d\u00e8s le premier contact, mais elle ne se limite pas \u00e0 recevoir des visiteurs. Elle fluidifie aussi les \u00e9changes, s\u00e9curise les informations et soutient l&rsquo;activit\u00e9 des \u00e9quipes.<\/p>\n\n\n\n<p>Chez EFC Formation, nous proposons une formation pens\u00e9e pour r\u00e9pondre \u00e0 cette r\u00e9alit\u00e9 du terrain, la&nbsp;<a href=\"https:\/\/www.efcformation.com\/formations\/titre-professionnel-charge-daccueil-et-gestion-administrative-en-ligne\" target=\"_blank\" rel=\"noreferrer noopener\">formation en ligne au titre professionnel charg\u00e9 d\u2019accueil et gestion administrative<\/a>. Le charg\u00e9 d&rsquo;accueil et gestion administrative doit \u00eatre capable d&rsquo;encha\u00eener plusieurs t\u00e2ches sans perdre en qualit\u00e9. Il accueille, filtre, transmet, planifie, v\u00e9rifie, relance et suit les dossiers. Cette polyvalence explique pourquoi ce m\u00e9tier reste recherch\u00e9 dans de nombreux secteurs.<\/p>\n\n\n\n<h2><strong><mark style=\"background-color:rgba(0, 0, 0, 0);color:#0f1555\" class=\"has-inline-color\">Un m\u00e9tier de contact, mais pas seulement<\/mark><\/strong><\/h2>\n\n\n\n<p>Le terme accueil peut donner une image r\u00e9ductrice du poste. En pratique, le charg\u00e9 d&rsquo;accueil et gestion administrative intervient bien au-del\u00e0 du comptoir ou du standard. Il g\u00e8re les appels, les emails, le courrier, les demandes internes, les prises de rendez-vous et de nombreuses t\u00e2ches de suivi. Dans certaines structures, il pr\u00e9pare aussi des documents, met \u00e0 jour des bases de donn\u00e9es, suit des commandes ou v\u00e9rifie des pi\u00e8ces administratives.<\/p>\n\n\n\n<p>Cette polyvalence demande une vraie m\u00e9thode. Un bon professionnel sait traiter une demande urgente sans oublier les t\u00e2ches d\u00e9j\u00e0 engag\u00e9es. Il sait aussi adapter sa communication. On ne s&rsquo;adresse pas de la m\u00eame mani\u00e8re \u00e0 un visiteur, \u00e0 un fournisseur, \u00e0 un client m\u00e9content ou \u00e0 un responsable interne.<\/p>\n\n\n\n<p><strong>\u2728 Bon \u00e0 savoir&nbsp;<\/strong>le r\u00e9f\u00e9rentiel RNCP 41239 d\u00e9crit ce m\u00e9tier comme un emploi exerc\u00e9 de mani\u00e8re autonome, dans un environnement multit\u00e2che, avec une prise en charge \u00e0 la fois des interactions courantes et des t\u00e2ches administratives.<\/p>\n\n\n\n<h3><strong>Les missions les plus fr\u00e9quentes<\/strong><\/h3>\n\n\n\n<p>Selon la taille de l&rsquo;organisation, les missions peuvent varier, mais on retrouve presque toujours un socle commun. Le charg\u00e9 d&rsquo;accueil re\u00e7oit et oriente les interlocuteurs, r\u00e9pond au t\u00e9l\u00e9phone, transmet les messages, g\u00e8re les bo\u00eetes mail, planifie des rendez-vous, classe des documents et suit certains dossiers administratifs.<\/p>\n\n\n\n<p>Dans une PME, il peut aussi pr\u00e9parer des courriers, mettre \u00e0 jour des tableaux de suivi ou participer au traitement de demandes clients. Dans une structure m\u00e9dicale ou sociale, il devra souvent g\u00e9rer l&rsquo;afflux de demandes, rassurer les personnes et conserver une grande rigueur sur les informations transmises.<\/p>\n\n\n\n<p>Avant de r\u00e9sumer ces missions, il faut rappeler un point important : ce m\u00e9tier est souvent appr\u00e9ci\u00e9 par les recruteurs quand le candidat montre qu&rsquo;il comprend la diff\u00e9rence entre ex\u00e9cuter une t\u00e2che et contribuer au bon fonctionnement d&rsquo;un service.<\/p>\n\n\n\n<ul><li>Accueillir, informer et orienter les visiteurs.<\/li><li>G\u00e9rer les appels, emails, agendas et flux d&rsquo;information.<\/li><li>Assurer des op\u00e9rations administratives courantes et le suivi de dossiers.<\/li><\/ul>\n\n\n\n<figure class=\"wp-block-image size-full\"><img loading=\"lazy\" width=\"1000\" height=\"667\" src=\"https:\/\/www.efcformation.com\/reussite-efc\/wp-content\/uploads\/2026\/04\/charge-daccueil-et-de-gestion-administrative-4.jpg\" alt=\"une femme \u00e0 son bureau au t\u00e9l\u00e9phone\" class=\"wp-image-6251\" srcset=\"https:\/\/www.efcformation.com\/reussite-efc\/wp-content\/uploads\/2026\/04\/charge-daccueil-et-de-gestion-administrative-4.jpg 1000w, https:\/\/www.efcformation.com\/reussite-efc\/wp-content\/uploads\/2026\/04\/charge-daccueil-et-de-gestion-administrative-4-300x200.jpg 300w, https:\/\/www.efcformation.com\/reussite-efc\/wp-content\/uploads\/2026\/04\/charge-daccueil-et-de-gestion-administrative-4-768x512.jpg 768w\" sizes=\"(max-width: 1000px) 100vw, 1000px\" \/><\/figure>\n\n\n\n<h2><strong><mark style=\"background-color:rgba(0, 0, 0, 0);color:#0f1555\" class=\"has-inline-color\">Dans quels environnements travaille un charg\u00e9 d&rsquo;accueil et gestion administrative ?<\/mark><\/strong><\/h2>\n\n\n\n<p>Ce m\u00e9tier n&rsquo;appartient pas \u00e0 un seul secteur. On le retrouve dans les entreprises priv\u00e9es, les \u00e9tablissements de sant\u00e9, les centres de formation, les collectivit\u00e9s, les structures immobili\u00e8res, les cabinets sp\u00e9cialis\u00e9s et les organismes associatifs. Cette diversit\u00e9 constitue un vrai atout pour l&rsquo;insertion professionnelle.<\/p>\n\n\n\n<p>Un poste en si\u00e8ge social ne ressemble pas \u00e0 un poste dans une structure recevant du public toute la journ\u00e9e. Dans le premier cas, l&rsquo;accent peut \u00eatre mis sur la coordination interne et la gestion documentaire. Dans le second, la qualit\u00e9 de l&rsquo;accueil, la gestion des tensions et la r\u00e9activit\u00e9 deviennent centrales.<\/p>\n\n\n\n<h3><strong>Des attentes diff\u00e9rentes selon les structures<\/strong><\/h3>\n\n\n\n<p>Dans une petite entreprise, le poste est souvent tr\u00e8s polyvalent. La m\u00eame personne peut accueillir les visiteurs, g\u00e9rer les fournitures, organiser les rendez-vous et pr\u00e9parer des documents. Dans une structure plus grande, les t\u00e2ches sont parfois mieux r\u00e9parties, mais le niveau d&rsquo;exigence sur les proc\u00e9dures, la confidentialit\u00e9 et les outils num\u00e9riques augmente.<\/p>\n\n\n\n<h2><strong><mark style=\"background-color:rgba(0, 0, 0, 0);color:#0f1555\" class=\"has-inline-color\">Les comp\u00e9tences qui font la diff\u00e9rence<\/mark><\/strong><\/h2>\n\n\n\n<p>Le m\u00e9tier ne repose pas seulement sur une bonne pr\u00e9sentation ou un bon relationnel. Il exige aussi des&nbsp;<strong>comp\u00e9tences techniques<\/strong>. Savoir accueillir ne suffit pas si l&rsquo;on ne sait pas prioriser, r\u00e9diger correctement, utiliser des outils bureautiques ou conserver une trace fiable des \u00e9changes.<\/p>\n\n\n\n<ul><li><strong>La premi\u00e8re comp\u00e9tence est la communication<\/strong>. Il faut \u00e9couter rapidement, reformuler, poser les bonnes questions et orienter sans cr\u00e9er de confusion.&nbsp;<\/li><li><strong>La deuxi\u00e8me est l&rsquo;organisation<\/strong>. Les journ\u00e9es sont souvent fragment\u00e9es. Il faut pouvoir reprendre un dossier apr\u00e8s une interruption sans perdre le fil.&nbsp;<\/li><li><strong>La troisi\u00e8me concerne les outils<\/strong>. Un professionnel op\u00e9rationnel ma\u00eetrise la messagerie, les agendas partag\u00e9s, les tableaux de suivi et, selon le poste, des outils comme un CRM, une GED ou un ERP.<\/li><\/ul>\n\n\n\n<h3><strong>Les qualit\u00e9s humaines attendues<\/strong><\/h3>\n\n\n\n<p>Les recruteurs pr\u00eatent beaucoup d&rsquo;attention au comportement professionnel.<strong>&nbsp;Le calme, la discr\u00e9tion, la rigueur et le sens du service<\/strong>&nbsp;comptent autant que la ma\u00eetrise technique. Un charg\u00e9 d&rsquo;accueil peut \u00eatre confront\u00e9 \u00e0 un visiteur impatient, \u00e0 un client qui ne comprend pas une proc\u00e9dure ou \u00e0 plusieurs sollicitations simultan\u00e9es.<\/p>\n\n\n\n<p>Dans ce type de situation, la bonne r\u00e9ponse n&rsquo;est pas seulement d&rsquo;aller vite. Il faut rester&nbsp;<strong>clair, poli et fiable<\/strong>. C&rsquo;est aussi ce que recherchent les employeurs : une personne capable de repr\u00e9senter correctement la structure tout en s\u00e9curisant le traitement administratif.<\/p>\n\n\n\n<div class=\"wp-block-media-text alignwide is-stacked-on-mobile is-vertically-aligned-center has-background\" style=\"background-color:#f3f0f0;grid-template-columns:20% auto\"><figure class=\"wp-block-media-text__media\"><img loading=\"lazy\" width=\"128\" height=\"128\" src=\"https:\/\/www.efcformation.com\/reussite-efc\/wp-content\/uploads\/2022\/11\/bouton-dinformation-1.png\" alt=\"\" class=\"wp-image-3051 size-full\" srcset=\"https:\/\/www.efcformation.com\/reussite-efc\/wp-content\/uploads\/2022\/11\/bouton-dinformation-1.png 128w, https:\/\/www.efcformation.com\/reussite-efc\/wp-content\/uploads\/2022\/11\/bouton-dinformation-1-45x45.png 45w\" sizes=\"(max-width: 128px) 100vw, 128px\" \/><\/figure><div class=\"wp-block-media-text__content\">\n<div style=\"height:6px\" aria-hidden=\"true\" class=\"wp-block-spacer\"><\/div>\n\n\n\n<div class=\"wp-container-1 wp-block-group\"><div class=\"wp-block-group__inner-container\">\n<h6 class=\"has-medium-font-size\"><strong>Vous \u00eates int\u00e9ress\u00e9(e) par nos formations en gestion ? <\/strong><\/h6>\n\n\n\n<p style=\"font-size:16px\">Compl\u00e9tez notre demande de renseignements, \u00e9changez avec un conseiller d&rsquo;\u00e9tudes et obtenez toutes les r\u00e9ponses \u00e0 vos questions ! \ud83d\udcac<\/p>\n<\/div><\/div>\n\n\n\n<div class=\"wp-container-2 is-content-justification-left wp-block-buttons\">\n<div class=\"wp-block-button\"><a class=\"wp-block-button__link has-white-color has-text-color has-background\" href=\"#formulaire-efc\" style=\"background-color:#5b0cd1\"><strong>Plus d&rsquo;informations<\/strong><\/a><\/div>\n<\/div>\n\n\n\n<div style=\"height:12px\" aria-hidden=\"true\" class=\"wp-block-spacer\"><\/div>\n<\/div><\/div>\n\n\n\n<h2><strong><mark style=\"background-color:rgba(0, 0, 0, 0);color:#0f1555\" class=\"has-inline-color\">Quelle formation pour devenir charg\u00e9 d&rsquo;accueil et gestion administrative ?<\/mark><\/strong><\/h2>\n\n\n\n<p>Il existe plusieurs portes d&rsquo;entr\u00e9e, mais les recruteurs appr\u00e9cient les parcours professionnalisants. Une formation structur\u00e9e permet d&rsquo;acqu\u00e9rir des m\u00e9thodes, de comprendre les attentes du poste et de mieux valoriser ses comp\u00e9tences en entretien. C&rsquo;est particuli\u00e8rement utile pour les personnes qui n&rsquo;ont pas encore d&rsquo;exp\u00e9rience dans l&rsquo;accueil ou qui viennent d&rsquo;un autre univers professionnel.<\/p>\n\n\n\n<p>\ud83d\udc49 Chez EFC Formation, nous proposons le&nbsp;<strong>Titre Professionnel Charg\u00e9 d&rsquo;accueil et gestion administrative \u00e0 distance.<\/strong>&nbsp;La formation est pr\u00e9sent\u00e9e comme un parcours de 6 mois, soit 300 heures, compl\u00e9t\u00e9 par 4 semaines de stage. Elle pr\u00e9pare \u00e0 des comp\u00e9tences concr\u00e8tes : accueil physique et t\u00e9l\u00e9phonique, traitement des flux d&rsquo;information, planification, suivi des dossiers, gestion des r\u00e9clamations courantes et usage des outils num\u00e9riques.<\/p>\n\n\n\n<h3><strong>Ce que la formation doit vraiment apporter<\/strong><\/h3>\n\n\n\n<p>Un bon parcours ne doit pas seulement transmettre des notions. Il doit pr\u00e9parer \u00e0 des situations r\u00e9elles. Par exemple, savoir r\u00e9pondre \u00e0 un appel difficile, g\u00e9rer un agenda avec plusieurs contraintes, v\u00e9rifier la conformit\u00e9 d&rsquo;un dossier ou classer correctement une information sensible.<\/p>\n\n\n\n<p>Le programme EFC met aussi en avant le travail sur les outils bureautiques, le traitement des r\u00e9clamations, la communication orale et t\u00e9l\u00e9phonique, la s\u00e9curit\u00e9 des donn\u00e9es et l&rsquo;organisation des activit\u00e9s. Pour un recruteur, ce type de contenu est plus parlant qu&rsquo;une simple formule g\u00e9n\u00e9rale du type formation administrative.<\/p>\n\n\n\n<h2><strong><mark style=\"background-color:rgba(0, 0, 0, 0);color:#0f1555\" class=\"has-inline-color\">Pourquoi ce m\u00e9tier est un bon choix<\/mark><\/strong><\/h2>\n\n\n\n<p>Ce m\u00e9tier constitue une voie d&rsquo;acc\u00e8s s\u00e9rieuse pour entrer dans les fonctions support. Il convient aux personnes qui aiment le contact, mais aussi l&rsquo;ordre, la m\u00e9thode et le travail utile au collectif. Il peut ensuite ouvrir vers d&rsquo;autres postes : assistant administratif, assistant de direction, gestionnaire administratif ou fonctions d&rsquo;accueil sp\u00e9cialis\u00e9es selon les secteurs.<\/p>\n\n\n\n<p>Il s&rsquo;agit aussi d&rsquo;un m\u00e9tier formateur. Il apprend \u00e0 g\u00e9rer les priorit\u00e9s, \u00e0 comprendre le fonctionnement d&rsquo;une organisation et \u00e0 communiquer avec des interlocuteurs tr\u00e8s diff\u00e9rents. Ces acquis restent pr\u00e9cieux, m\u00eame en cas d&rsquo;\u00e9volution future.<\/p>\n\n\n\n<h2><strong><mark style=\"background-color:rgba(0, 0, 0, 0);color:#ff7e00\" class=\"has-inline-color\">FAQ<\/mark><\/strong><\/h2>\n\n\n\n<h3><strong>Le m\u00e9tier de charg\u00e9 d&rsquo;accueil et gestion administrative est-il accessible sans exp\u00e9rience ?<\/strong><\/h3>\n\n\n\n<p>Oui. Il est accessible \u00e0 condition d&rsquo;acqu\u00e9rir une m\u00e9thode de travail, les bons r\u00e9flexes professionnels et une ma\u00eetrise suffisante des outils administratifs.<\/p>\n\n\n\n<h3><strong>Faut-il aimer le contact pour exercer ce m\u00e9tier ?<\/strong><\/h3>\n\n\n\n<p>Oui, mais pas uniquement. Le relationnel compte, tout comme l&rsquo;organisation, la rigueur et la capacit\u00e9 \u00e0 traiter des informations de fa\u00e7on fiable.<\/p>\n\n\n\n<h3><strong>Ce poste existe-t-il dans plusieurs secteurs ?<\/strong><\/h3>\n\n\n\n<p>Oui. On le retrouve dans les entreprises, les centres de formation, les cabinets, les structures de sant\u00e9, l&rsquo;immobilier, les associations et les administrations.<\/p>\n\n\n\n<h3><strong>Une formation \u00e0 distance est-elle adapt\u00e9e ?<\/strong><\/h3>\n\n\n\n<p>Oui, si elle est structur\u00e9e. Elle permet d&rsquo;acqu\u00e9rir les comp\u00e9tences du m\u00e9tier tout en avan\u00e7ant \u00e0 son rythme<\/p>\n\n\n\n<figure class=\"wp-block-embed is-type-video is-provider-youtube wp-block-embed-youtube wp-embed-aspect-16-9 wp-has-aspect-ratio\"><div class=\"wp-block-embed__wrapper\">\n<iframe loading=\"lazy\" title=\"EFCformation : R\u00e9ussite EFC\" width=\"750\" height=\"422\" src=\"https:\/\/www.youtube.com\/embed\/g617ASB9iR4?feature=oembed\" frameborder=\"0\" allow=\"accelerometer; autoplay; clipboard-write; encrypted-media; gyroscope; picture-in-picture; web-share\" referrerpolicy=\"strict-origin-when-cross-origin\" allowfullscreen><\/iframe>\n<\/div><\/figure>\n\n\n\n<script type=\"application\/ld+json\">\n{\n  \"@context\": \"https:\/\/schema.org\",\n  \"@type\": \"FAQPage\",\n  \"mainEntity\": [\n    {\n      \"@type\": \"Question\",\n      \"name\": \"Le m\u00e9tier de charg\u00e9 d'accueil et gestion administrative est-il accessible sans exp\u00e9rience ?\",\n      \"acceptedAnswer\": {\n        \"@type\": \"Answer\",\n        \"text\": \"Oui. Il est accessible \u00e0 condition d'acqu\u00e9rir une m\u00e9thode de travail, les bons r\u00e9flexes professionnels et une ma\u00eetrise suffisante des outils administratifs.\"\n      }\n    },\n    {\n      \"@type\": \"Question\",\n      \"name\": \"Faut-il aimer le contact pour exercer ce m\u00e9tier ?\",\n      \"acceptedAnswer\": {\n        \"@type\": \"Answer\",\n        \"text\": \"Oui, mais pas uniquement. Le relationnel compte, tout comme l'organisation, la rigueur et la capacit\u00e9 \u00e0 traiter des informations de fa\u00e7on fiable.\"\n      }\n    },\n    {\n      \"@type\": \"Question\",\n      \"name\": \"Ce poste existe-t-il dans plusieurs secteurs ?\",\n      \"acceptedAnswer\": {\n        \"@type\": \"Answer\",\n        \"text\": \"Oui. On le retrouve dans les entreprises, les centres de formation, les cabinets, les structures de sant\u00e9, l'immobilier, les associations et les administrations.\"\n      }\n    },\n    {\n      \"@type\": \"Question\",\n      \"name\": \"Une formation \u00e0 distance est-elle adapt\u00e9e ?\",\n      \"acceptedAnswer\": {\n        \"@type\": \"Answer\",\n        \"text\": \"Oui, si elle est structur\u00e9e. Elle permet d'acqu\u00e9rir les comp\u00e9tences du m\u00e9tier tout en avan\u00e7ant \u00e0 son rythme.\"\n      }\n    }\n  ]\n}\n<\/script>\n","protected":false},"excerpt":{"rendered":"<p>Le m\u00e9tier de charg\u00e9 d&rsquo;accueil et gestion administrative attire des profils vari\u00e9s. C&rsquo;est logique. Ce poste se situe au croisement de la relation avec le public, de l&rsquo;organisation quotidienne et du suivi administratif. Dans une entreprise, une association, un cabinet, un organisme de formation ou une structure de services, cette fonction joue souvent un r\u00f4le [&hellip;]<\/p>\n","protected":false},"author":2,"featured_media":6250,"comment_status":"open","ping_status":"open","sticky":false,"template":"","format":"standard","meta":[],"categories":[30],"tags":[],"yoast_head":"<!-- This site is optimized with the Yoast SEO plugin v19.5.1 - https:\/\/yoast.com\/wordpress\/plugins\/seo\/ -->\n<title>Charg\u00e9 d&#039;accueil et gestion administrative : m\u00e9tier, missions et formation<\/title>\n<meta name=\"description\" content=\"D\u00e9couvrez le m\u00e9tier de charg\u00e9 d&#039;accueil et gestion administrative : missions, comp\u00e9tences, d\u00e9bouch\u00e9s et formation pour acc\u00e9der \u00e0 ce poste polyvalent.\" \/>\n<meta name=\"robots\" content=\"index, follow, max-snippet:-1, max-image-preview:large, max-video-preview:-1\" \/>\n<link rel=\"canonical\" href=\"https:\/\/www.efcformation.com\/reussite-efc\/gestion\/charge-accueil-gestion-administrative-metier\/\" \/>\n<meta property=\"og:locale\" content=\"fr_FR\" \/>\n<meta property=\"og:type\" content=\"article\" \/>\n<meta property=\"og:title\" content=\"Charg\u00e9 d&#039;accueil et gestion administrative : m\u00e9tier, missions et formation\" \/>\n<meta property=\"og:description\" content=\"D\u00e9couvrez le m\u00e9tier de charg\u00e9 d&#039;accueil et gestion administrative : missions, comp\u00e9tences, d\u00e9bouch\u00e9s et formation pour acc\u00e9der \u00e0 ce poste polyvalent.\" \/>\n<meta property=\"og:url\" content=\"https:\/\/www.efcformation.com\/reussite-efc\/gestion\/charge-accueil-gestion-administrative-metier\/\" \/>\n<meta property=\"og:site_name\" content=\"Reussite EFC Fomation - Le Blog EFC Formation\" \/>\n<meta property=\"article:published_time\" content=\"2026-04-29T13:57:00+00:00\" \/>\n<meta property=\"article:modified_time\" content=\"2026-04-29T13:57:03+00:00\" \/>\n<meta property=\"og:image\" content=\"https:\/\/www.efcformation.com\/reussite-efc\/wp-content\/uploads\/2026\/04\/charge-daccueil-et-de-gestion-administrative-3.jpg\" \/>\n\t<meta property=\"og:image:width\" content=\"1000\" \/>\n\t<meta property=\"og:image:height\" content=\"667\" \/>\n\t<meta property=\"og:image:type\" content=\"image\/jpeg\" \/>\n<meta name=\"author\" content=\"Cedric\" \/>\n<meta name=\"twitter:card\" content=\"summary\" \/>\n<meta name=\"twitter:label1\" content=\"\u00c9crit par\" \/>\n\t<meta name=\"twitter:data1\" content=\"Cedric\" \/>\n\t<meta name=\"twitter:label2\" content=\"Dur\u00e9e de lecture estim\u00e9e\" \/>\n\t<meta name=\"twitter:data2\" content=\"9 minutes\" \/>\n<script type=\"application\/ld+json\" class=\"yoast-schema-graph\">{\"@context\":\"https:\/\/schema.org\",\"@graph\":[{\"@type\":\"WebPage\",\"@id\":\"https:\/\/www.efcformation.com\/reussite-efc\/gestion\/charge-accueil-gestion-administrative-metier\/\",\"url\":\"https:\/\/www.efcformation.com\/reussite-efc\/gestion\/charge-accueil-gestion-administrative-metier\/\",\"name\":\"Charg\u00e9 d'accueil et gestion administrative : m\u00e9tier, missions et formation\",\"isPartOf\":{\"@id\":\"https:\/\/www.efcformation.com\/reussite-efc\/#website\"},\"datePublished\":\"2026-04-29T13:57:00+00:00\",\"dateModified\":\"2026-04-29T13:57:03+00:00\",\"author\":{\"@id\":\"https:\/\/www.efcformation.com\/reussite-efc\/#\/schema\/person\/abaed1900276838c79042daed3572b3c\"},\"description\":\"D\u00e9couvrez le m\u00e9tier de charg\u00e9 d'accueil et gestion administrative : missions, comp\u00e9tences, d\u00e9bouch\u00e9s et formation pour acc\u00e9der \u00e0 ce poste polyvalent.\",\"breadcrumb\":{\"@id\":\"https:\/\/www.efcformation.com\/reussite-efc\/gestion\/charge-accueil-gestion-administrative-metier\/#breadcrumb\"},\"inLanguage\":\"fr-FR\",\"potentialAction\":[{\"@type\":\"ReadAction\",\"target\":[\"https:\/\/www.efcformation.com\/reussite-efc\/gestion\/charge-accueil-gestion-administrative-metier\/\"]}]},{\"@type\":\"BreadcrumbList\",\"@id\":\"https:\/\/www.efcformation.com\/reussite-efc\/gestion\/charge-accueil-gestion-administrative-metier\/#breadcrumb\",\"itemListElement\":[{\"@type\":\"ListItem\",\"position\":1,\"name\":\"Accueil\",\"item\":\"https:\/\/www.efcformation.com\/reussite-efc\/\"},{\"@type\":\"ListItem\",\"position\":2,\"name\":\"Le m\u00e9tier de Charg\u00e9 d&rsquo;accueil et gestion administrative\"}]},{\"@type\":\"WebSite\",\"@id\":\"https:\/\/www.efcformation.com\/reussite-efc\/#website\",\"url\":\"https:\/\/www.efcformation.com\/reussite-efc\/\",\"name\":\"Reussite EFC Fomation - Le Blog EFC Formation\",\"description\":\"\",\"potentialAction\":[{\"@type\":\"SearchAction\",\"target\":{\"@type\":\"EntryPoint\",\"urlTemplate\":\"https:\/\/www.efcformation.com\/reussite-efc\/?s={search_term_string}\"},\"query-input\":\"required name=search_term_string\"}],\"inLanguage\":\"fr-FR\"},{\"@type\":\"Person\",\"@id\":\"https:\/\/www.efcformation.com\/reussite-efc\/#\/schema\/person\/abaed1900276838c79042daed3572b3c\",\"name\":\"Cedric\",\"image\":{\"@type\":\"ImageObject\",\"inLanguage\":\"fr-FR\",\"@id\":\"https:\/\/www.efcformation.com\/reussite-efc\/#\/schema\/person\/image\/\",\"url\":\"https:\/\/secure.gravatar.com\/avatar\/a438e79d374ba264c89f89eea94f3dd7?s=96&d=mm&r=g\",\"contentUrl\":\"https:\/\/secure.gravatar.com\/avatar\/a438e79d374ba264c89f89eea94f3dd7?s=96&d=mm&r=g\",\"caption\":\"Cedric\"},\"url\":\"https:\/\/www.efcformation.com\/reussite-efc\/author\/webrivageseo\/\"}]}<\/script>\n<!-- \/ Yoast SEO plugin. -->","yoast_head_json":{"title":"Charg\u00e9 d'accueil et gestion administrative : m\u00e9tier, missions et formation","description":"D\u00e9couvrez le m\u00e9tier de charg\u00e9 d'accueil et gestion administrative : missions, comp\u00e9tences, d\u00e9bouch\u00e9s et formation pour acc\u00e9der \u00e0 ce poste polyvalent.","robots":{"index":"index","follow":"follow","max-snippet":"max-snippet:-1","max-image-preview":"max-image-preview:large","max-video-preview":"max-video-preview:-1"},"canonical":"https:\/\/www.efcformation.com\/reussite-efc\/gestion\/charge-accueil-gestion-administrative-metier\/","og_locale":"fr_FR","og_type":"article","og_title":"Charg\u00e9 d'accueil et gestion administrative : m\u00e9tier, missions et formation","og_description":"D\u00e9couvrez le m\u00e9tier de charg\u00e9 d'accueil et gestion administrative : missions, comp\u00e9tences, d\u00e9bouch\u00e9s et formation pour acc\u00e9der \u00e0 ce poste polyvalent.","og_url":"https:\/\/www.efcformation.com\/reussite-efc\/gestion\/charge-accueil-gestion-administrative-metier\/","og_site_name":"Reussite EFC Fomation - Le Blog EFC Formation","article_published_time":"2026-04-29T13:57:00+00:00","article_modified_time":"2026-04-29T13:57:03+00:00","og_image":[{"width":1000,"height":667,"url":"https:\/\/www.efcformation.com\/reussite-efc\/wp-content\/uploads\/2026\/04\/charge-daccueil-et-de-gestion-administrative-3.jpg","type":"image\/jpeg"}],"author":"Cedric","twitter_card":"summary","twitter_misc":{"\u00c9crit par":"Cedric","Dur\u00e9e de lecture estim\u00e9e":"9 minutes"},"schema":{"@context":"https:\/\/schema.org","@graph":[{"@type":"WebPage","@id":"https:\/\/www.efcformation.com\/reussite-efc\/gestion\/charge-accueil-gestion-administrative-metier\/","url":"https:\/\/www.efcformation.com\/reussite-efc\/gestion\/charge-accueil-gestion-administrative-metier\/","name":"Charg\u00e9 d'accueil et gestion administrative : m\u00e9tier, missions et formation","isPartOf":{"@id":"https:\/\/www.efcformation.com\/reussite-efc\/#website"},"datePublished":"2026-04-29T13:57:00+00:00","dateModified":"2026-04-29T13:57:03+00:00","author":{"@id":"https:\/\/www.efcformation.com\/reussite-efc\/#\/schema\/person\/abaed1900276838c79042daed3572b3c"},"description":"D\u00e9couvrez le m\u00e9tier de charg\u00e9 d'accueil et gestion administrative : missions, comp\u00e9tences, d\u00e9bouch\u00e9s et formation pour acc\u00e9der \u00e0 ce poste polyvalent.","breadcrumb":{"@id":"https:\/\/www.efcformation.com\/reussite-efc\/gestion\/charge-accueil-gestion-administrative-metier\/#breadcrumb"},"inLanguage":"fr-FR","potentialAction":[{"@type":"ReadAction","target":["https:\/\/www.efcformation.com\/reussite-efc\/gestion\/charge-accueil-gestion-administrative-metier\/"]}]},{"@type":"BreadcrumbList","@id":"https:\/\/www.efcformation.com\/reussite-efc\/gestion\/charge-accueil-gestion-administrative-metier\/#breadcrumb","itemListElement":[{"@type":"ListItem","position":1,"name":"Accueil","item":"https:\/\/www.efcformation.com\/reussite-efc\/"},{"@type":"ListItem","position":2,"name":"Le m\u00e9tier de Charg\u00e9 d&rsquo;accueil et gestion administrative"}]},{"@type":"WebSite","@id":"https:\/\/www.efcformation.com\/reussite-efc\/#website","url":"https:\/\/www.efcformation.com\/reussite-efc\/","name":"Reussite EFC Fomation - Le Blog EFC Formation","description":"","potentialAction":[{"@type":"SearchAction","target":{"@type":"EntryPoint","urlTemplate":"https:\/\/www.efcformation.com\/reussite-efc\/?s={search_term_string}"},"query-input":"required name=search_term_string"}],"inLanguage":"fr-FR"},{"@type":"Person","@id":"https:\/\/www.efcformation.com\/reussite-efc\/#\/schema\/person\/abaed1900276838c79042daed3572b3c","name":"Cedric","image":{"@type":"ImageObject","inLanguage":"fr-FR","@id":"https:\/\/www.efcformation.com\/reussite-efc\/#\/schema\/person\/image\/","url":"https:\/\/secure.gravatar.com\/avatar\/a438e79d374ba264c89f89eea94f3dd7?s=96&d=mm&r=g","contentUrl":"https:\/\/secure.gravatar.com\/avatar\/a438e79d374ba264c89f89eea94f3dd7?s=96&d=mm&r=g","caption":"Cedric"},"url":"https:\/\/www.efcformation.com\/reussite-efc\/author\/webrivageseo\/"}]}},"_links":{"self":[{"href":"https:\/\/www.efcformation.com\/reussite-efc\/wp-json\/wp\/v2\/posts\/6248"}],"collection":[{"href":"https:\/\/www.efcformation.com\/reussite-efc\/wp-json\/wp\/v2\/posts"}],"about":[{"href":"https:\/\/www.efcformation.com\/reussite-efc\/wp-json\/wp\/v2\/types\/post"}],"author":[{"embeddable":true,"href":"https:\/\/www.efcformation.com\/reussite-efc\/wp-json\/wp\/v2\/users\/2"}],"replies":[{"embeddable":true,"href":"https:\/\/www.efcformation.com\/reussite-efc\/wp-json\/wp\/v2\/comments?post=6248"}],"version-history":[{"count":3,"href":"https:\/\/www.efcformation.com\/reussite-efc\/wp-json\/wp\/v2\/posts\/6248\/revisions"}],"predecessor-version":[{"id":6283,"href":"https:\/\/www.efcformation.com\/reussite-efc\/wp-json\/wp\/v2\/posts\/6248\/revisions\/6283"}],"wp:featuredmedia":[{"embeddable":true,"href":"https:\/\/www.efcformation.com\/reussite-efc\/wp-json\/wp\/v2\/media\/6250"}],"wp:attachment":[{"href":"https:\/\/www.efcformation.com\/reussite-efc\/wp-json\/wp\/v2\/media?parent=6248"}],"wp:term":[{"taxonomy":"category","embeddable":true,"href":"https:\/\/www.efcformation.com\/reussite-efc\/wp-json\/wp\/v2\/categories?post=6248"},{"taxonomy":"post_tag","embeddable":true,"href":"https:\/\/www.efcformation.com\/reussite-efc\/wp-json\/wp\/v2\/tags?post=6248"}],"curies":[{"name":"wp","href":"https:\/\/api.w.org\/{rel}","templated":true}]}}