{"id":6253,"date":"2026-05-01T10:02:00","date_gmt":"2026-05-01T08:02:00","guid":{"rendered":"https:\/\/www.efcformation.com\/reussite-efc\/?p=6253"},"modified":"2026-04-29T16:01:16","modified_gmt":"2026-04-29T14:01:16","slug":"charge-accueil-debouches-carriere","status":"publish","type":"post","link":"https:\/\/www.efcformation.com\/reussite-efc\/gestion\/charge-accueil-debouches-carriere\/","title":{"rendered":"Charg\u00e9 d&rsquo;accueil : quels d\u00e9bouch\u00e9s et \u00e9volutions de carri\u00e8re"},"content":{"rendered":"\n<p>Quand on s&rsquo;int\u00e9resse au m\u00e9tier de charg\u00e9 d&rsquo;accueil, une question revient vite : que peut-on faire ensuite ? C&rsquo;est une bonne question, car beaucoup de candidats h\u00e9sitent \u00e0 se lancer lorsqu&rsquo;ils ont l&rsquo;impression que l&rsquo;accueil ne serait qu&rsquo;un poste d&rsquo;entr\u00e9e sans perspective. En r\u00e9alit\u00e9, les d\u00e9bouch\u00e9s sont plus larges qu&rsquo;on ne le croit. Ce m\u00e9tier permet d&rsquo;acqu\u00e9rir des r\u00e9flexes tr\u00e8s recherch\u00e9s : qualit\u00e9 de service, gestion simultan\u00e9e de demandes, ma\u00eetrise des outils administratifs et capacit\u00e9 \u00e0 repr\u00e9senter une structure.<\/p>\n\n\n\n<p>Chez EFC Formation, nous proposons une formation en ligne de charg\u00e9 d&rsquo;accueil et gestion administrative qui pr\u00e9pare justement \u00e0 cette polyvalence. C&rsquo;est ce qui rend le m\u00e9tier int\u00e9ressant sur le long terme. On ne se forme pas seulement pour tenir un accueil. On se forme pour occuper un poste utile, \u00e9volutif et transf\u00e9rable d&rsquo;un secteur \u00e0 l&rsquo;autre.<\/p>\n\n\n\n<h2><strong><mark style=\"background-color:rgba(0, 0, 0, 0);color:#0f1555\" class=\"has-inline-color\">Quels d\u00e9bouch\u00e9s apr\u00e8s une <\/mark><mark style=\"background-color:rgba(0, 0, 0, 0);color:#ff7e00\" class=\"has-inline-color\">formation de charg\u00e9 d&rsquo;accueil ?<\/mark><\/strong><\/h2>\n\n\n\n<p>Les d\u00e9bouch\u00e9s d\u00e9pendent du niveau de polyvalence du profil, de l&rsquo;exp\u00e9rience accumul\u00e9e et du secteur vis\u00e9. Avec une bonne base en accueil et gestion administrative, il est possible de viser des postes dans les entreprises, les cabinets, les \u00e9tablissements recevant du public, les organismes de formation, l&rsquo;immobilier, la sant\u00e9 ou encore les services aux entreprises.<\/p>\n\n\n\n<p>Dans les faits, le premier emploi ne porte pas toujours exactement le m\u00eame intitul\u00e9. Un recruteur peut proposer un poste d&rsquo;agent d&rsquo;accueil, de charg\u00e9 d&rsquo;accueil polyvalent, d&rsquo;assistant administratif accueil ou de standardiste administratif. Ce qui compte, c&rsquo;est le contenu r\u00e9el du poste.<\/p>\n\n\n\n<h3><strong>Des intitul\u00e9s vari\u00e9s pour des missions proches<\/strong><\/h3>\n\n\n\n<p>Beaucoup de candidats passent \u00e0 c\u00f4t\u00e9 d&rsquo;offres pertinentes parce qu&rsquo;ils cherchent un seul intitul\u00e9. Or les missions peuvent \u00eatre tr\u00e8s proches d&rsquo;une entreprise \u00e0 l&rsquo;autre. Par exemple, un poste d&rsquo;assistant administratif avec accueil peut correspondre \u00e0 un emploi tr\u00e8s adapt\u00e9 \u00e0 un profil form\u00e9 au m\u00e9tier de charg\u00e9 d&rsquo;accueil.<\/p>\n\n\n\n<p>Avant de lister les d\u00e9bouch\u00e9s les plus fr\u00e9quents, il faut retenir un r\u00e9flexe simple : en recherche d&#8217;emploi, il vaut mieux lire les missions que se focaliser uniquement sur le titre du poste.<\/p>\n\n\n\n<ul><li>Agent ou charg\u00e9 d&rsquo;accueil.<\/li><li>Assistant administratif polyvalent.<\/li><li>Employ\u00e9 administratif en contact avec le public.<\/li><\/ul>\n\n\n\n<div class=\"wp-block-media-text alignwide is-stacked-on-mobile is-vertically-aligned-center has-background\" style=\"background-color:#f3f0f0;grid-template-columns:20% auto\"><figure class=\"wp-block-media-text__media\"><img loading=\"lazy\" width=\"128\" height=\"128\" src=\"https:\/\/www.efcformation.com\/reussite-efc\/wp-content\/uploads\/2022\/11\/bouton-dinformation-1.png\" alt=\"\" class=\"wp-image-3051 size-full\" srcset=\"https:\/\/www.efcformation.com\/reussite-efc\/wp-content\/uploads\/2022\/11\/bouton-dinformation-1.png 128w, https:\/\/www.efcformation.com\/reussite-efc\/wp-content\/uploads\/2022\/11\/bouton-dinformation-1-45x45.png 45w\" sizes=\"(max-width: 128px) 100vw, 128px\" \/><\/figure><div class=\"wp-block-media-text__content\">\n<div style=\"height:6px\" aria-hidden=\"true\" class=\"wp-block-spacer\"><\/div>\n\n\n\n<div class=\"wp-container-1 wp-block-group\"><div class=\"wp-block-group__inner-container\">\n<h6 class=\"has-medium-font-size\"><strong>Vous \u00eates int\u00e9ress\u00e9(e) par nos formations en gestion ? <\/strong><\/h6>\n\n\n\n<p style=\"font-size:16px\">Compl\u00e9tez notre demande de renseignements, \u00e9changez avec un conseiller d&rsquo;\u00e9tudes et obtenez toutes les r\u00e9ponses \u00e0 vos questions ! \ud83d\udcac<\/p>\n<\/div><\/div>\n\n\n\n<div class=\"wp-container-2 is-content-justification-left wp-block-buttons\">\n<div class=\"wp-block-button\"><a class=\"wp-block-button__link has-white-color has-text-color has-background\" href=\"#formulaire-efc\" style=\"background-color:#5b0cd1\"><strong>Plus d&rsquo;informations<\/strong><\/a><\/div>\n<\/div>\n\n\n\n<div style=\"height:12px\" aria-hidden=\"true\" class=\"wp-block-spacer\"><\/div>\n<\/div><\/div>\n\n\n\n<h2><strong><mark style=\"background-color:rgba(0, 0, 0, 0);color:#0f1555\" class=\"has-inline-color\">Dans quels secteurs les d\u00e9bouch\u00e9s sont-ils <\/mark><mark style=\"background-color:rgba(0, 0, 0, 0);color:#ff7e00\" class=\"has-inline-color\">les plus int\u00e9ressants ?<\/mark><\/strong><\/h2>\n\n\n\n<p>Tous les secteurs n&rsquo;attendent pas exactement la m\u00eame chose d&rsquo;un charg\u00e9 d&rsquo;accueil. Certains valorisent surtout la relation avec le public. D&rsquo;autres mettent l&rsquo;accent sur la fiabilit\u00e9 administrative. C&rsquo;est cette diversit\u00e9 qui cr\u00e9e des opportunit\u00e9s d&rsquo;\u00e9volution.<\/p>\n\n\n\n<ul><li>Dans l&rsquo;<a href=\"https:\/\/www.efcformation.com\/secteurs\/immobilier\" target=\"_blank\" rel=\"noreferrer noopener\">immobilier<\/a>, l&rsquo;accueil s&rsquo;accompagne souvent de suivi documentaire, de gestion de rendez-vous et d&rsquo;\u00e9changes avec les clients.&nbsp;<\/li><li>Dans la sant\u00e9, la pr\u00e9cision et la qualit\u00e9 d&rsquo;information sont essentielles.&nbsp;<\/li><li>Dans un centre de formation, il faut \u00eatre \u00e0 l&rsquo;aise avec les dossiers, les appels, les calendriers et la communication avec diff\u00e9rents publics.&nbsp;<\/li><\/ul>\n\n\n\n<p>En entreprise, le poste peut glisser progressivement vers l&rsquo;assistanat d&rsquo;\u00e9quipe ou la coordination administrative.<\/p>\n\n\n\n<h3><strong>Les secteurs o\u00f9 l&rsquo;accueil devient un levier d&rsquo;\u00e9volution<\/strong><\/h3>\n\n\n\n<p>Plus le poste permet de toucher \u00e0 des t\u00e2ches transversales, plus les perspectives sont int\u00e9ressantes. Une personne qui g\u00e8re uniquement un flux d&rsquo;accueil tr\u00e8s standardis\u00e9 progressera moins vite qu&rsquo;un professionnel capable de suivre des dossiers, de pr\u00e9parer des documents et d&rsquo;organiser les activit\u00e9s d&rsquo;une \u00e9quipe.<\/p>\n\n\n\n<p><strong>\u2753 Le saviez-vous ?&nbsp;<\/strong>Les m\u00e9tiers de l&rsquo;accueil servent souvent de tremplin vers les fonctions support. C&rsquo;est l&rsquo;un des int\u00e9r\u00eats majeurs du poste pour les personnes qui veulent entrer rapidement dans le monde administratif.<\/p>\n\n\n\n<h2><strong><mark style=\"background-color:rgba(0, 0, 0, 0);color:#0f1555\" class=\"has-inline-color\">Quelles \u00e9volutions de carri\u00e8re <\/mark><mark style=\"background-color:rgba(0, 0, 0, 0);color:#ff7e00\" class=\"has-inline-color\">sont possibles ?<\/mark><\/strong><\/h2>\n\n\n\n<p>L&rsquo;\u00e9volution la plus naturelle se fait vers des fonctions administratives plus larges. Apr\u00e8s une premi\u00e8re exp\u00e9rience r\u00e9ussie,&nbsp;<strong>un charg\u00e9 d&rsquo;accueil peut devenir assistant administratif, assistant de direction junior selon le contexte, coordinateur accueil, ou prendre en charge davantage de suivi de dossiers.<\/strong><\/p>\n\n\n\n<p>L&rsquo;exp\u00e9rience joue un r\u00f4le important, mais elle ne suffit pas toujours. Pour \u00e9voluer, il faut aussi montrer qu&rsquo;on sait structurer son travail, produire des \u00e9crits fiables, utiliser les outils num\u00e9riques avec autonomie et comprendre les priorit\u00e9s d&rsquo;un service.<\/p>\n\n\n\n<h3><strong>\u00c9volution verticale ou \u00e9volution par sp\u00e9cialisation<\/strong><\/h3>\n\n\n\n<p>Il existe deux grands chemins. Le premier consiste \u00e0 monter en responsabilit\u00e9 dans la m\u00eame logique de poste. On devient alors plus autonome, plus polyvalent et plus impliqu\u00e9 dans l&rsquo;organisation interne. Le second consiste \u00e0 se sp\u00e9cialiser dans un secteur. Un professionnel de l&rsquo;accueil en immobilier, en sant\u00e9, en formation ou dans le juridique peut d\u00e9velopper une vraie valeur ajout\u00e9e.<\/p>\n\n\n\n<p>\ud83d\udc49<strong>&nbsp;Voici un exemple concret&nbsp;<\/strong>: Une personne recrut\u00e9e au d\u00e9part pour accueillir les visiteurs et g\u00e9rer les appels peut progressivement prendre en charge le suivi des inscriptions, la v\u00e9rification des pi\u00e8ces d&rsquo;un dossier, la pr\u00e9paration de courriers ou la mise \u00e0 jour d&rsquo;indicateurs d&rsquo;activit\u00e9. C&rsquo;est souvent ainsi que se construit une \u00e9volution cr\u00e9dible.<\/p>\n\n\n<div class=\"wp-block-image\">\n<figure class=\"aligncenter size-full\"><img loading=\"lazy\" width=\"1000\" height=\"667\" src=\"https:\/\/www.efcformation.com\/reussite-efc\/wp-content\/uploads\/2026\/04\/charge-daccueil-3.jpg\" alt=\"une charg\u00e9 d'accueil souriante \u00e0 son bureau\" class=\"wp-image-6255\" srcset=\"https:\/\/www.efcformation.com\/reussite-efc\/wp-content\/uploads\/2026\/04\/charge-daccueil-3.jpg 1000w, https:\/\/www.efcformation.com\/reussite-efc\/wp-content\/uploads\/2026\/04\/charge-daccueil-3-300x200.jpg 300w, https:\/\/www.efcformation.com\/reussite-efc\/wp-content\/uploads\/2026\/04\/charge-daccueil-3-768x512.jpg 768w\" sizes=\"(max-width: 1000px) 100vw, 1000px\" \/><\/figure><\/div>\n\n\n<h2><strong><mark style=\"background-color:rgba(0, 0, 0, 0);color:#0f1555\" class=\"has-inline-color\">Comment am\u00e9liorer ses d\u00e9bouch\u00e9s <\/mark><mark style=\"background-color:rgba(0, 0, 0, 0);color:#ff7e00\" class=\"has-inline-color\">d\u00e8s le d\u00e9part ?<\/mark><\/strong><\/h2>\n\n\n\n<p>Le meilleur moyen d&rsquo;\u00e9largir ses perspectives est de ne pas se pr\u00e9senter comme un simple profil d&rsquo;accueil. Il faut valoriser la dimension administrative du m\u00e9tier. Un recruteur sera rassur\u00e9 si le candidat sait d\u00e9crire des comp\u00e9tences pr\u00e9cises : gestion d&rsquo;agenda, tra\u00e7abilit\u00e9 des \u00e9changes, classement, suivi de dossiers, traitement d&rsquo;une demande complexe, ma\u00eetrise de la messagerie et des outils collaboratifs.<\/p>\n\n\n\n<p>Un autre point compte beaucoup : la posture professionnelle. Dans les m\u00e9tiers de contact, la forme et le fond sont observ\u00e9s ensemble. Une personne peut avoir un bon niveau technique mais perdre des opportunit\u00e9s si elle manque de clart\u00e9, de pr\u00e9cision ou de stabilit\u00e9 dans sa communication.<\/p>\n\n\n\n<h3><strong>Ce que les recruteurs regardent vraiment<\/strong><\/h3>\n\n\n\n<p>Ils regardent d&rsquo;abord la capacit\u00e9 \u00e0 rassurer. Peuvent-ils confier \u00e0 cette personne le premier contact avec un client, un usager, un visiteur ou un partenaire ? Peuvent-ils lui demander de g\u00e9rer des informations sensibles sans erreur ? Peuvent-ils compter sur elle dans un environnement multit\u00e2che ?<\/p>\n\n\n\n<h2><strong><mark style=\"background-color:rgba(0, 0, 0, 0);color:#0f1555\" class=\"has-inline-color\">Pourquoi la formation joue un r\u00f4le <\/mark><mark style=\"background-color:rgba(0, 0, 0, 0);color:#ff7e00\" class=\"has-inline-color\">dans l&rsquo;\u00e9volution<\/mark><\/strong><\/h2>\n\n\n\n<p>Une formation professionnalisante permet de gagner du temps. Elle \u00e9vite d&rsquo;apprendre uniquement sur le tas, avec les approximations que cela peut entra\u00eener. Elle aide aussi \u00e0 mieux se vendre. Quand un candidat sait expliquer ce qu&rsquo;il a appris sur la gestion des flux d&rsquo;information, le suivi administratif, les outils num\u00e9riques et la relation avec le public, son discours devient plus cr\u00e9dible.<\/p>\n\n\n\n<p>Chez EFC Formation, nous proposons une&nbsp;<a href=\"https:\/\/www.efcformation.com\/formations\/titre-professionnel-charge-daccueil-et-gestion-administrative-en-ligne\" target=\"_blank\" rel=\"noreferrer noopener\">formation \u00e0 distance au Titre Professionnel charg\u00e9 d\u2019accueil et gestion administrative<\/a>&nbsp;qui couvre pr\u00e9cis\u00e9ment ces dimensions. Le programme met en avant l&rsquo;accueil physique et t\u00e9l\u00e9phonique, les situations complexes \u00e0 l&rsquo;accueil, le traitement des informations internes et externes, les activit\u00e9s administratives courantes, le traitement administratif des dossiers et les r\u00e9clamations courantes. C&rsquo;est ce socle qui soutient les d\u00e9bouch\u00e9s et les \u00e9volutions.<\/p>\n\n\n\n<p>\ud83d\udc49&nbsp;<strong>N\u2019h\u00e9sitez pas \u00e0 nous contacter pour en savoir plus sur cette formation 100% \u00e0 distance.<\/strong><\/p>\n\n\n\n<figure class=\"wp-block-embed is-type-video is-provider-youtube wp-block-embed-youtube wp-embed-aspect-16-9 wp-has-aspect-ratio\"><div class=\"wp-block-embed__wrapper\">\n<iframe loading=\"lazy\" title=\"EFCformation : Histoire et dates cl\u00e9s\" width=\"750\" height=\"422\" src=\"https:\/\/www.youtube.com\/embed\/nqDuEU5NLOY?feature=oembed\" frameborder=\"0\" allow=\"accelerometer; autoplay; clipboard-write; encrypted-media; gyroscope; picture-in-picture; web-share\" referrerpolicy=\"strict-origin-when-cross-origin\" allowfullscreen><\/iframe>\n<\/div><\/figure>\n","protected":false},"excerpt":{"rendered":"<p>Quand on s&rsquo;int\u00e9resse au m\u00e9tier de charg\u00e9 d&rsquo;accueil, une question revient vite : que peut-on faire ensuite ? C&rsquo;est une bonne question, car beaucoup de candidats h\u00e9sitent \u00e0 se lancer lorsqu&rsquo;ils ont l&rsquo;impression que l&rsquo;accueil ne serait qu&rsquo;un poste d&rsquo;entr\u00e9e sans perspective. En r\u00e9alit\u00e9, les d\u00e9bouch\u00e9s sont plus larges qu&rsquo;on ne le croit. Ce m\u00e9tier [&hellip;]<\/p>\n","protected":false},"author":2,"featured_media":6254,"comment_status":"open","ping_status":"open","sticky":false,"template":"","format":"standard","meta":[],"categories":[30],"tags":[],"yoast_head":"<!-- This site is optimized with the Yoast SEO plugin v19.5.1 - https:\/\/yoast.com\/wordpress\/plugins\/seo\/ -->\n<title>Charg\u00e9 d&#039;accueil : d\u00e9bouch\u00e9s, \u00e9volutions de carri\u00e8re, opportunit\u00e9s<\/title>\n<meta name=\"description\" content=\"Quels d\u00e9bouch\u00e9s pour un charg\u00e9 d&#039;accueil ? Secteurs qui recrutent, \u00e9volutions possibles et conseils pour d\u00e9velopper votre carri\u00e8re dans l\u2019accueil et l\u2019administratif.\" \/>\n<meta name=\"robots\" content=\"index, follow, max-snippet:-1, max-image-preview:large, max-video-preview:-1\" \/>\n<link rel=\"canonical\" href=\"https:\/\/www.efcformation.com\/reussite-efc\/gestion\/charge-accueil-debouches-carriere\/\" \/>\n<meta property=\"og:locale\" content=\"fr_FR\" \/>\n<meta property=\"og:type\" content=\"article\" \/>\n<meta property=\"og:title\" content=\"Charg\u00e9 d&#039;accueil : d\u00e9bouch\u00e9s, \u00e9volutions de carri\u00e8re, opportunit\u00e9s\" \/>\n<meta property=\"og:description\" content=\"Quels d\u00e9bouch\u00e9s pour un charg\u00e9 d&#039;accueil ? Secteurs qui recrutent, \u00e9volutions possibles et conseils pour d\u00e9velopper votre carri\u00e8re dans l\u2019accueil et l\u2019administratif.\" \/>\n<meta property=\"og:url\" content=\"https:\/\/www.efcformation.com\/reussite-efc\/gestion\/charge-accueil-debouches-carriere\/\" \/>\n<meta property=\"og:site_name\" content=\"Reussite EFC Fomation - Le Blog EFC Formation\" \/>\n<meta property=\"article:published_time\" content=\"2026-05-01T08:02:00+00:00\" \/>\n<meta property=\"article:modified_time\" content=\"2026-04-29T14:01:16+00:00\" \/>\n<meta property=\"og:image\" content=\"https:\/\/www.efcformation.com\/reussite-efc\/wp-content\/uploads\/2026\/04\/charge-daccueil-5.jpg\" \/>\n\t<meta property=\"og:image:width\" content=\"1000\" \/>\n\t<meta property=\"og:image:height\" content=\"667\" \/>\n\t<meta property=\"og:image:type\" content=\"image\/jpeg\" \/>\n<meta name=\"author\" content=\"Cedric\" \/>\n<meta name=\"twitter:card\" content=\"summary\" \/>\n<meta name=\"twitter:label1\" content=\"\u00c9crit par\" \/>\n\t<meta name=\"twitter:data1\" content=\"Cedric\" \/>\n\t<meta name=\"twitter:label2\" content=\"Dur\u00e9e de lecture estim\u00e9e\" \/>\n\t<meta name=\"twitter:data2\" content=\"6 minutes\" \/>\n<script type=\"application\/ld+json\" class=\"yoast-schema-graph\">{\"@context\":\"https:\/\/schema.org\",\"@graph\":[{\"@type\":\"WebPage\",\"@id\":\"https:\/\/www.efcformation.com\/reussite-efc\/gestion\/charge-accueil-debouches-carriere\/\",\"url\":\"https:\/\/www.efcformation.com\/reussite-efc\/gestion\/charge-accueil-debouches-carriere\/\",\"name\":\"Charg\u00e9 d'accueil : d\u00e9bouch\u00e9s, \u00e9volutions de carri\u00e8re, opportunit\u00e9s\",\"isPartOf\":{\"@id\":\"https:\/\/www.efcformation.com\/reussite-efc\/#website\"},\"datePublished\":\"2026-05-01T08:02:00+00:00\",\"dateModified\":\"2026-04-29T14:01:16+00:00\",\"author\":{\"@id\":\"https:\/\/www.efcformation.com\/reussite-efc\/#\/schema\/person\/abaed1900276838c79042daed3572b3c\"},\"description\":\"Quels d\u00e9bouch\u00e9s pour un charg\u00e9 d'accueil ? Secteurs qui recrutent, \u00e9volutions possibles et conseils pour d\u00e9velopper votre carri\u00e8re dans l\u2019accueil et l\u2019administratif.\",\"breadcrumb\":{\"@id\":\"https:\/\/www.efcformation.com\/reussite-efc\/gestion\/charge-accueil-debouches-carriere\/#breadcrumb\"},\"inLanguage\":\"fr-FR\",\"potentialAction\":[{\"@type\":\"ReadAction\",\"target\":[\"https:\/\/www.efcformation.com\/reussite-efc\/gestion\/charge-accueil-debouches-carriere\/\"]}]},{\"@type\":\"BreadcrumbList\",\"@id\":\"https:\/\/www.efcformation.com\/reussite-efc\/gestion\/charge-accueil-debouches-carriere\/#breadcrumb\",\"itemListElement\":[{\"@type\":\"ListItem\",\"position\":1,\"name\":\"Accueil\",\"item\":\"https:\/\/www.efcformation.com\/reussite-efc\/\"},{\"@type\":\"ListItem\",\"position\":2,\"name\":\"Charg\u00e9 d&rsquo;accueil : quels d\u00e9bouch\u00e9s et \u00e9volutions de carri\u00e8re\"}]},{\"@type\":\"WebSite\",\"@id\":\"https:\/\/www.efcformation.com\/reussite-efc\/#website\",\"url\":\"https:\/\/www.efcformation.com\/reussite-efc\/\",\"name\":\"Reussite EFC Fomation - Le Blog EFC Formation\",\"description\":\"\",\"potentialAction\":[{\"@type\":\"SearchAction\",\"target\":{\"@type\":\"EntryPoint\",\"urlTemplate\":\"https:\/\/www.efcformation.com\/reussite-efc\/?s={search_term_string}\"},\"query-input\":\"required name=search_term_string\"}],\"inLanguage\":\"fr-FR\"},{\"@type\":\"Person\",\"@id\":\"https:\/\/www.efcformation.com\/reussite-efc\/#\/schema\/person\/abaed1900276838c79042daed3572b3c\",\"name\":\"Cedric\",\"image\":{\"@type\":\"ImageObject\",\"inLanguage\":\"fr-FR\",\"@id\":\"https:\/\/www.efcformation.com\/reussite-efc\/#\/schema\/person\/image\/\",\"url\":\"https:\/\/secure.gravatar.com\/avatar\/a438e79d374ba264c89f89eea94f3dd7?s=96&d=mm&r=g\",\"contentUrl\":\"https:\/\/secure.gravatar.com\/avatar\/a438e79d374ba264c89f89eea94f3dd7?s=96&d=mm&r=g\",\"caption\":\"Cedric\"},\"url\":\"https:\/\/www.efcformation.com\/reussite-efc\/author\/webrivageseo\/\"}]}<\/script>\n<!-- \/ Yoast SEO plugin. -->","yoast_head_json":{"title":"Charg\u00e9 d'accueil : d\u00e9bouch\u00e9s, \u00e9volutions de carri\u00e8re, opportunit\u00e9s","description":"Quels d\u00e9bouch\u00e9s pour un charg\u00e9 d'accueil ? Secteurs qui recrutent, \u00e9volutions possibles et conseils pour d\u00e9velopper votre carri\u00e8re dans l\u2019accueil et l\u2019administratif.","robots":{"index":"index","follow":"follow","max-snippet":"max-snippet:-1","max-image-preview":"max-image-preview:large","max-video-preview":"max-video-preview:-1"},"canonical":"https:\/\/www.efcformation.com\/reussite-efc\/gestion\/charge-accueil-debouches-carriere\/","og_locale":"fr_FR","og_type":"article","og_title":"Charg\u00e9 d'accueil : d\u00e9bouch\u00e9s, \u00e9volutions de carri\u00e8re, opportunit\u00e9s","og_description":"Quels d\u00e9bouch\u00e9s pour un charg\u00e9 d'accueil ? Secteurs qui recrutent, \u00e9volutions possibles et conseils pour d\u00e9velopper votre carri\u00e8re dans l\u2019accueil et l\u2019administratif.","og_url":"https:\/\/www.efcformation.com\/reussite-efc\/gestion\/charge-accueil-debouches-carriere\/","og_site_name":"Reussite EFC Fomation - Le Blog EFC Formation","article_published_time":"2026-05-01T08:02:00+00:00","article_modified_time":"2026-04-29T14:01:16+00:00","og_image":[{"width":1000,"height":667,"url":"https:\/\/www.efcformation.com\/reussite-efc\/wp-content\/uploads\/2026\/04\/charge-daccueil-5.jpg","type":"image\/jpeg"}],"author":"Cedric","twitter_card":"summary","twitter_misc":{"\u00c9crit par":"Cedric","Dur\u00e9e de lecture estim\u00e9e":"6 minutes"},"schema":{"@context":"https:\/\/schema.org","@graph":[{"@type":"WebPage","@id":"https:\/\/www.efcformation.com\/reussite-efc\/gestion\/charge-accueil-debouches-carriere\/","url":"https:\/\/www.efcformation.com\/reussite-efc\/gestion\/charge-accueil-debouches-carriere\/","name":"Charg\u00e9 d'accueil : d\u00e9bouch\u00e9s, \u00e9volutions de carri\u00e8re, opportunit\u00e9s","isPartOf":{"@id":"https:\/\/www.efcformation.com\/reussite-efc\/#website"},"datePublished":"2026-05-01T08:02:00+00:00","dateModified":"2026-04-29T14:01:16+00:00","author":{"@id":"https:\/\/www.efcformation.com\/reussite-efc\/#\/schema\/person\/abaed1900276838c79042daed3572b3c"},"description":"Quels d\u00e9bouch\u00e9s pour un charg\u00e9 d'accueil ? Secteurs qui recrutent, \u00e9volutions possibles et conseils pour d\u00e9velopper votre carri\u00e8re dans l\u2019accueil et l\u2019administratif.","breadcrumb":{"@id":"https:\/\/www.efcformation.com\/reussite-efc\/gestion\/charge-accueil-debouches-carriere\/#breadcrumb"},"inLanguage":"fr-FR","potentialAction":[{"@type":"ReadAction","target":["https:\/\/www.efcformation.com\/reussite-efc\/gestion\/charge-accueil-debouches-carriere\/"]}]},{"@type":"BreadcrumbList","@id":"https:\/\/www.efcformation.com\/reussite-efc\/gestion\/charge-accueil-debouches-carriere\/#breadcrumb","itemListElement":[{"@type":"ListItem","position":1,"name":"Accueil","item":"https:\/\/www.efcformation.com\/reussite-efc\/"},{"@type":"ListItem","position":2,"name":"Charg\u00e9 d&rsquo;accueil : quels d\u00e9bouch\u00e9s et \u00e9volutions de carri\u00e8re"}]},{"@type":"WebSite","@id":"https:\/\/www.efcformation.com\/reussite-efc\/#website","url":"https:\/\/www.efcformation.com\/reussite-efc\/","name":"Reussite EFC Fomation - Le Blog EFC Formation","description":"","potentialAction":[{"@type":"SearchAction","target":{"@type":"EntryPoint","urlTemplate":"https:\/\/www.efcformation.com\/reussite-efc\/?s={search_term_string}"},"query-input":"required name=search_term_string"}],"inLanguage":"fr-FR"},{"@type":"Person","@id":"https:\/\/www.efcformation.com\/reussite-efc\/#\/schema\/person\/abaed1900276838c79042daed3572b3c","name":"Cedric","image":{"@type":"ImageObject","inLanguage":"fr-FR","@id":"https:\/\/www.efcformation.com\/reussite-efc\/#\/schema\/person\/image\/","url":"https:\/\/secure.gravatar.com\/avatar\/a438e79d374ba264c89f89eea94f3dd7?s=96&d=mm&r=g","contentUrl":"https:\/\/secure.gravatar.com\/avatar\/a438e79d374ba264c89f89eea94f3dd7?s=96&d=mm&r=g","caption":"Cedric"},"url":"https:\/\/www.efcformation.com\/reussite-efc\/author\/webrivageseo\/"}]}},"_links":{"self":[{"href":"https:\/\/www.efcformation.com\/reussite-efc\/wp-json\/wp\/v2\/posts\/6253"}],"collection":[{"href":"https:\/\/www.efcformation.com\/reussite-efc\/wp-json\/wp\/v2\/posts"}],"about":[{"href":"https:\/\/www.efcformation.com\/reussite-efc\/wp-json\/wp\/v2\/types\/post"}],"author":[{"embeddable":true,"href":"https:\/\/www.efcformation.com\/reussite-efc\/wp-json\/wp\/v2\/users\/2"}],"replies":[{"embeddable":true,"href":"https:\/\/www.efcformation.com\/reussite-efc\/wp-json\/wp\/v2\/comments?post=6253"}],"version-history":[{"count":3,"href":"https:\/\/www.efcformation.com\/reussite-efc\/wp-json\/wp\/v2\/posts\/6253\/revisions"}],"predecessor-version":[{"id":6258,"href":"https:\/\/www.efcformation.com\/reussite-efc\/wp-json\/wp\/v2\/posts\/6253\/revisions\/6258"}],"wp:featuredmedia":[{"embeddable":true,"href":"https:\/\/www.efcformation.com\/reussite-efc\/wp-json\/wp\/v2\/media\/6254"}],"wp:attachment":[{"href":"https:\/\/www.efcformation.com\/reussite-efc\/wp-json\/wp\/v2\/media?parent=6253"}],"wp:term":[{"taxonomy":"category","embeddable":true,"href":"https:\/\/www.efcformation.com\/reussite-efc\/wp-json\/wp\/v2\/categories?post=6253"},{"taxonomy":"post_tag","embeddable":true,"href":"https:\/\/www.efcformation.com\/reussite-efc\/wp-json\/wp\/v2\/tags?post=6253"}],"curies":[{"name":"wp","href":"https:\/\/api.w.org\/{rel}","templated":true}]}}