{"id":910,"date":"2017-09-19T10:14:06","date_gmt":"2017-09-19T08:14:06","guid":{"rendered":"http:\/\/www.efcformation.com\/comptamag\/?p=910"},"modified":"2024-03-20T16:25:51","modified_gmt":"2024-03-20T15:25:51","slug":"interview-ancien-rugbyman-eric-sest-reconverti-formation-efc","status":"publish","type":"post","link":"https:\/\/www.efcformation.com\/reussite-efc\/reussite-efc\/interview-ancien-rugbyman-eric-sest-reconverti-formation-efc\/","title":{"rendered":"[Interview] Ancien Rugbyman pro, Eric a mont\u00e9 sa soci\u00e9t\u00e9 pendant sa formation Aide Comptable"},"content":{"rendered":"<p>Fin ao\u00fbt, nous avons re\u00e7u Eric (ancien \u00e9l\u00e8ve en formation Aide Comptable). Il a partag\u00e9 avec nous son exp\u00e9rience que nous vous retranscrivons \u00e0 pr\u00e9sent. Bonne lecture d&rsquo;un parcours passionnant.<\/p>\n<p><strong><img loading=\"lazy\" class=\"alignleft size-full wp-image-916\" src=\"https:\/\/www.efcformation.com\/comptamag\/wp-content\/uploads\/2017\/09\/eric-tomamichel.jpg\" alt=\"\" width=\"270\" height=\"360\" srcset=\"https:\/\/www.efcformation.com\/reussite-efc\/wp-content\/uploads\/2017\/09\/eric-tomamichel.jpg 270w, https:\/\/www.efcformation.com\/reussite-efc\/wp-content\/uploads\/2017\/09\/eric-tomamichel-225x300.jpg 225w\" sizes=\"(max-width: 270px) 100vw, 270px\" \/><\/strong><\/p>\n<p><strong>[EFC] Pouvez-vous vous pr\u00e9senter rapidement ?<\/strong><\/p>\n<p>[Eric] Je m\u2019appelle \u00c9ric, j\u2019ai 28 ans et je suis le fondateur de <a href=\"http:\/\/www.sport-assist.com\" target=\"_blank\" rel=\"nofollow noopener noreferrer\">Sport Assist<\/a>. J\u2019ai fait des \u00e9tudes dans le management des organisations sportives que j\u2019ai valid\u00e9 en 2011. Cette ann\u00e9e-l\u00e0 j\u2019ai aussi sign\u00e9 un contrat pro au rugby et j\u2019ai quand m\u00eame continu\u00e9 mes \u00e9tudes. J\u2019\u00e9tais \u00e0 la Facult\u00e9 de langues de l\u2019universit\u00e9 Lyon 3 en langues appliqu\u00e9es (anglais espagnol) sur du commerce. Et en m\u00eame temps que ma carri\u00e8re sportive, j\u2019ai travaill\u00e9 en tant que commercial chez Sport 2000.<\/p>\n<p><strong>Du rugby \u00e0 la comptabilit\u00e9, qu\u2019est-ce qui vous a emmen\u00e9 sur ce terrain ?<\/strong><\/p>\n<p>C\u2019\u00e9tait la comptabilit\u00e9 avant le rugby. J\u2019ai commenc\u00e9 le rugby \u00e0 17 ans, mais j\u2019ai toujours \u00e9t\u00e9 int\u00e9ress\u00e9 par le monde des chiffres.<\/p>\n<p>L\u2019histoire c\u2019est que j\u2019ai eu une blessure qui a mis fin \u00e0 ma carri\u00e8re en d\u00e9cembre 2015. \u00c7a faisait presque deux ans que je sentais que la convalescence n\u2019allait pas aboutir sur quelque chose de positif. J\u2019\u00e9tais en arr\u00eat de travail c\u00f4t\u00e9 rugby, et donc, je ne pouvais pas \u00eatre salari\u00e9 ailleurs. J\u2019ai donc commenc\u00e9, de mani\u00e8re b\u00e9n\u00e9vole, \u00e0 aider les sportifs \u00e9trangers dans leurs d\u00e9marches administratives \u00e0 leur arriv\u00e9e en France.<br \/>\nJ\u2019ai suivi pas mal d\u2019\u00e9trangers dans les effectifs \u00e0 Lyon ou \u00e0 Bourgoin Jallieu, o\u00f9 j\u2019ai jou\u00e9 aussi. Certains sportifs sont rest\u00e9s en France apr\u00e8s leur carri\u00e8re et ont voulu monter des soci\u00e9t\u00e9s. C\u2019est comme \u00e7a que j\u2019ai rencontr\u00e9 un Irlandais qui a voulu monter le plus grand centre de trampoline d\u2019Europe. On a commenc\u00e9 ensemble et on l\u2019a ouvert en janvier 2015.<br \/>\nQuand j\u2019ai vu que \u00e7a fonctionnait bien j\u2019ai transform\u00e9 mon association Sport Assist (cr\u00e9\u00e9 en 2011) en une auto-entreprise, puis en une SAS en janvier 2016.<\/p>\n<blockquote>\n<h3 style=\"text-align: center;\"><em>L\u2019attestation de l\u2019\u00e9cole fran\u00e7aise de comptabilit\u00e9 cr\u00e9dibilise l\u2019aide-comptable que je propose \u00e0 travers ma soci\u00e9t\u00e9.<\/em><\/h3>\n<\/blockquote>\n<p><strong>Pourquoi avoir choisi la formation d\u2019Aide Comptable ?<\/strong><\/p>\n<p>J\u2019ai voulu faire la formation d&rsquo;aide comptable parce que je sais que la comptabilit\u00e9 est un secteur o\u00f9 il y a de la demande et de la stabilit\u00e9 (contrairement au monde du sport). J\u2019ai voulu me former \u00e0 la fois pour la gestion financi\u00e8re de mon business et \u00e0 la fois pour proposer des prestations comptables.<br \/>\nJe prenais d\u00e9j\u00e0 en charge l\u2019aide-comptable, mais sans avoir la m\u00e9thode. Donc j\u2019ai suivi la formation en l\u2019appliquant directement. Du coup si je ne trouvais pas les r\u00e9ponses dans mes cours, je pouvais poser des questions \u00e0 mes professeurs sur les cas r\u00e9els que je rencontrais.<\/p>\n<p>La formation m\u2019a permis d\u2019avoir toutes ces connaissances th\u00e9oriques exploitables au fil de l\u2019eau et l\u2019attestation de l\u2019\u00e9cole fran\u00e7aise de comptabilit\u00e9 cr\u00e9dibilise l\u2019aide-comptable que je propose \u00e0 travers ma soci\u00e9t\u00e9. En plus, \u00e7a me donne un filet de s\u00e9curit\u00e9 si jamais ma soci\u00e9t\u00e9 devait s&rsquo;arr\u00eater.<\/p>\n<p><strong>Pourquoi avoir choisi l\u2019EFC ?<\/strong><\/p>\n<p>Parce que l\u2019\u00e9cole est bas\u00e9e \u00e0 Lyon et moi aussi. Parce que j\u2019ai aim\u00e9 l\u2019accompagnement qu\u2019il y a eu suite \u00e0 ma demande de brochure. J\u2019avais demand\u00e9 des renseignements sur plusieurs formations et par rapport aux prix, la formation me paraissait bien. J\u2019ai vite appr\u00e9ci\u00e9 la mani\u00e8re dont c\u2019\u00e9tait pr\u00e9sent\u00e9, le suivi de dossier \u00e9tait bien, on m\u2019a tout expliqu\u00e9 d\u00e8s le d\u00e9but donc je n\u2019ai m\u00eame pas cherch\u00e9 ailleurs une fois que l\u2019EFC m\u2019a pris en charge.<\/p>\n<p><strong>Combien de temps avez-vous mis pour terminer la formation ?<\/strong><\/p>\n<p>J\u2019ai mis un peu moins de deux ans. j\u2019ai eu une longue convalescence et en m\u00eame temps j\u2019\u00e9tais tr\u00e8s occup\u00e9 par mes nouveaux projets, surtout l\u2019ouverture du centre de trampoline. C\u2019est quand j\u2019ai eu six mois moins charg\u00e9s apr\u00e8s le lancement du centre de trampoline que je me suis vraiment pos\u00e9 pour envoyer tous mes devoirs.<\/p>\n<blockquote>\n<h3 style=\"text-align: center;\"><em>Sur une formation classique, je n\u2019aurais jamais pu la valider et l\u00e0, je savais qu\u2019\u00e0 n\u2019importe quel moment, si j\u2019avais une question, je pouvais la poser, les professeurs \u00e9taient l\u00e0 et il n\u2019y avait pas de soucis.<\/em><\/h3>\n<\/blockquote>\n<p><strong>C\u2019\u00e9tait donc un rythme de travail assez al\u00e9atoire non ?<\/strong><\/p>\n<p>Entre guillemets oui. Je bossais parfois tous les jours ou toutes les semaines. En tout cas, je ne voulais pas envoyer un devoir juste pour avoir 12\/20 et \u00eatre moyen. Je voulais prendre le temps. Je savais que j\u2019\u00e9tais suivi, c\u2019est un vrai confort. J\u2019ai pu faire plein d\u2019autres choses en m\u00eame temps. Sur une formation classique, je n\u2019aurais jamais pu la valider et l\u00e0, je savais qu\u2019\u00e0 n\u2019importe quel moment, si j\u2019avais une question, je pouvais la poser, les professeurs \u00e9taient l\u00e0 et il n\u2019y avait pas de soucis.<\/p>\n<p><strong>Avez-vous utilis\u00e9 les cours en ligne ?<\/strong><\/p>\n<p>Je pr\u00e9f\u00e8re le papier. Quand je partais en d\u00e9placement, je prenais les chapitres dont j\u2019avais besoin et c\u2019\u00e9tait bien. Il faudrait que je me mette \u00e0 utiliser plus internet parce que \u00e7a va me causer du tort pour ma soci\u00e9t\u00e9, mais pour le moment, c\u2019est papier.<\/p>\n<p><strong>Et comment faisiez-vous pour retenir ?<\/strong><\/p>\n<p>Moi c\u2019est les notes. Je fais des fiches, je reprends tout et comme \u00e7a je peux les ressortir si j\u2019ai un trou\u2026 \u00e7a m\u2019a aussi permis de transposer des situations. Je demandais aussi des conseils \u00e0 un expert-comptable pour valider ce que j\u2019avais compris.<\/p>\n<p><strong>Avez-vous trouv\u00e9 la formation plus facile ou plus difficile que pr\u00e9vu ?<\/strong><\/p>\n<p>Je m&rsquo;attendais \u00e0 \u00e7a, je pense que c\u2019est assez facile d\u2019avoir 10\/20, mais il faut travailler pour viser plus haut. Il y avait des chapitres que j\u2019ai survol\u00e9s parce que je ma\u00eetrisais d\u00e9j\u00e0, comme les math\u00e9matiques, et il y en a d\u2019autres o\u00f9 vraiment\u2026. si tu ne veux pas te planter, il faut vraiment bosser dessus.<\/p>\n<blockquote>\n<h3 style=\"text-align: center;\"><em>La&nbsp;ligne \u00ab\u00a0aide comptable\u00a0\u00bb sur mon CV a fait la diff\u00e9rence. Ils savaient que j\u2019avais compris le m\u00e9canisme d\u2019un p\u00f4le de recette et \u00e7a a jou\u00e9 en ma faveur.<\/em><\/h3>\n<\/blockquote>\n<p><strong>Vous avez appliqu\u00e9 les cours en m\u00eame temps que vous les \u00e9tudiez, alors avez-vous ressenti un quelconque d\u00e9calage ?<\/strong><\/p>\n<p>Non pas du tout. Les cours \u00e9taient compl\u00e8tement en accord avec la r\u00e9alit\u00e9. Le seul truc que je peux reprocher c\u2019est sur la TVA intracommunautaire, il n\u2019y avait pas beaucoup d\u2019infos. Mais je pense que c\u2019est un sujet assez lourd que l\u2019on apprend en formation Comptable mais pas Aide-Comptable. C\u2019est qu\u2019on a \u00e9t\u00e9 amen\u00e9s \u00e0 traiter avec des fournisseurs \u00e9trangers et je n\u2019avais pas toutes les connaissances. C\u2019est ce qui m\u2019a manqu\u00e9 personnellement \u00e0 ce moment-l\u00e0, la partie \u00e9changes internationaux.<\/p>\n<p><strong>Auriez-vous un conseil pour rester motiv\u00e9 jusqu\u2019au bout ?<\/strong><\/p>\n<p>Je ne sais pas&#8230; J\u2019\u00e9tais dans une situation professionnelle qui me plaisait. Et, si quelque chose me plait, je ne l\u2019arr\u00eate pas en plein milieu. Surtout quand on peut le faire \u00e0 son rythme. Il y a quoi ? 23-25 devoirs ? Si on regarde bien, en trois ans, \u00e7a ne fait pas beaucoup de devoirs par mois\u2026<\/p>\n<p><strong>M\u00eame quand on est tr\u00e8s occup\u00e9 ?<\/strong><\/p>\n<p>Tr\u00e8s occup\u00e9, je l\u2019\u00e9tais aussi ! Simplement, \u00e7a me plaisait et l\u2019aspect stabilit\u00e9 que \u00e7a pouvait m\u2019apporter n\u2019\u00e9tait pas n\u00e9gligeable. Je voulais aller au bout, \u00eatre cr\u00e9dible. Et apr\u00e8s je suis comp\u00e9titeur, quand je me lance dans un truc je n\u2019ai pas envie de l\u2019abandonner.<\/p>\n<p><strong>D&rsquo;apr\u00e8s votre exp\u00e9rience, trouve-t-on facilement un emploi avec la formation d\u2019aide-comptable ?<\/strong><\/p>\n<p>Je me suis cr\u00e9\u00e9 mon propre emploi, mais sinon je dirais que le certificat d\u2019aide-comptable ne permet pas du tout de pr\u00e9tendre \u00e0 un poste de comptable. C\u2019est logique. On est plut\u00f4t sur de l&rsquo;assistanat.<br \/>\nPar contre j\u2019avais trouv\u00e9 un emploi en tant que directeur adjoint d\u2019un Macdonald o\u00f9, en plus du management, le but est de faire du chiffre, alors la ligne \u00ab\u00a0aide comptable\u00a0\u00bb sur mon CV a fait la diff\u00e9rence. Ils savaient que j\u2019avais compris le m\u00e9canisme d\u2019un p\u00f4le de recette et \u00e7a a jou\u00e9 en ma faveur.<br \/>\nPareil, je vais \u00eatre commercial pour une boite anglaise sous peu, et ils savent que je ma\u00eetrise les cons\u00e9quences des prix que je vais appliquer. \u00c7a donne une expertise non n\u00e9gligeable, car la gestion financi\u00e8re et aussi importante que la vente.<\/p>\n<p><strong>Vous n\u2019avez pas pass\u00e9 de certification reconnue par l&rsquo;\u00c9tat suite \u00e0 la formation, cela vous a-t-il ferm\u00e9 des portes ?<\/strong><\/p>\n<p>Le statut d\u2019aide-comptable ferme des portes, car on n\u2019est pas comptable tout simplement. Mais il en ouvre aussi, comme je viens de raconter. Maintenant, j\u2019ai envie de passer quelque chose de reconnu, le DCG.<\/p>\n<p><strong>Toujours en formation \u00e0 distance ?<\/strong><\/p>\n<p>Oui oui toujours, avec l\u2019EFC. Je pensais ne pas avoir trop le temps, mais en fait je pense que je vais le faire.<\/p>\n<p><em>Une semaine apr\u00e8s cette interview, Eric s\u2019est officiellement inscrit \u00e0 la formation DCG et a souhait\u00e9 passer un dernier message :<\/em><\/p>\n<blockquote>\n<h3><em>Je souhaite transmettre un message d&rsquo;encouragement \u00e0 tous ceux qui, par choix ou par n\u00e9cessit\u00e9, se retrouvent confront\u00e9s \u00e0 une reconversion professionnelle.<\/em><\/h3>\n<\/blockquote>\n<p><strong>Plus d&rsquo;informations sur la <a href=\"https:\/\/www.efcformation.com\/formations\/comptable\">formation&nbsp;assistant&nbsp;comptable<\/a>.<\/strong><\/p>\n<p><strong>Vous souhaitez partager votre exp\u00e9rience avec la communaut\u00e9 EFC ?&nbsp;<img loading=\"lazy\" class=\"alignnone wp-image-929 size-full\" src=\"https:\/\/www.efcformation.com\/comptamag\/wp-content\/uploads\/2017\/09\/FB-f-Logo__blue_29.png\" alt=\"\" width=\"29\" height=\"29\"><a href=\"https:\/\/www.facebook.com\/messages\/t\/efcformation\" target=\"_blank\" rel=\"nofollow noopener noreferrer\">Contactez-nous sur Facebook<\/a>&nbsp;<\/strong><\/p>\n","protected":false},"excerpt":{"rendered":"<p>Fin ao\u00fbt, nous avons re\u00e7u Eric (ancien \u00e9l\u00e8ve en formation Aide Comptable). Il a partag\u00e9 avec nous son exp\u00e9rience que nous vous retranscrivons \u00e0 pr\u00e9sent. Bonne lecture d&rsquo;un parcours passionnant. [EFC] Pouvez-vous vous pr\u00e9senter rapidement ? [Eric] Je m\u2019appelle \u00c9ric, j\u2019ai 28 ans et je suis le fondateur de Sport Assist. J\u2019ai fait des \u00e9tudes [&hellip;]<\/p>\n","protected":false},"author":1,"featured_media":2613,"comment_status":"open","ping_status":"open","sticky":false,"template":"","format":"standard","meta":[],"categories":[27,20],"tags":[],"yoast_head":"<!-- This site is optimized with the Yoast SEO plugin v19.5.1 - https:\/\/yoast.com\/wordpress\/plugins\/seo\/ -->\n<title>Interview d&#039;un ancien Rugbyman professionnel reconvertit avec l&#039;EFC<\/title>\n<meta name=\"description\" content=\"Eric a mont\u00e9 sa soci\u00e9t\u00e9 pendant sa formation d&#039;Aide Comptable \u00e0 l&#039;EFC. En route pour le DCG, il partage son exp\u00e9rience suite \u00e0 sa formation \u00e0 distance.\" \/>\n<meta name=\"robots\" content=\"index, follow, max-snippet:-1, max-image-preview:large, max-video-preview:-1\" \/>\n<link rel=\"canonical\" href=\"https:\/\/www.efcformation.com\/reussite-efc\/reussite-efc\/interview-ancien-rugbyman-eric-sest-reconverti-formation-efc\/\" \/>\n<meta property=\"og:locale\" content=\"fr_FR\" \/>\n<meta property=\"og:type\" content=\"article\" \/>\n<meta property=\"og:title\" content=\"Interview d&#039;un ancien Rugbyman professionnel reconvertit avec l&#039;EFC\" \/>\n<meta property=\"og:description\" content=\"Eric a mont\u00e9 sa soci\u00e9t\u00e9 pendant sa formation d&#039;Aide Comptable \u00e0 l&#039;EFC. En route pour le DCG, il partage son exp\u00e9rience suite \u00e0 sa formation \u00e0 distance.\" \/>\n<meta property=\"og:url\" content=\"https:\/\/www.efcformation.com\/reussite-efc\/reussite-efc\/interview-ancien-rugbyman-eric-sest-reconverti-formation-efc\/\" \/>\n<meta property=\"og:site_name\" content=\"Reussite EFC Fomation - Le Blog EFC Formation\" \/>\n<meta property=\"article:published_time\" content=\"2017-09-19T08:14:06+00:00\" \/>\n<meta property=\"article:modified_time\" content=\"2024-03-20T15:25:51+00:00\" \/>\n<meta property=\"og:image\" content=\"https:\/\/www.efcformation.com\/reussite-efc\/wp-content\/uploads\/2017\/09\/avis-eleves-interviews-eric.jpg\" \/>\n\t<meta property=\"og:image:width\" content=\"1200\" \/>\n\t<meta property=\"og:image:height\" content=\"630\" \/>\n\t<meta property=\"og:image:type\" content=\"image\/jpeg\" \/>\n<meta name=\"author\" content=\"EFCformation\" \/>\n<meta name=\"twitter:card\" content=\"summary\" \/>\n<meta name=\"twitter:label1\" content=\"\u00c9crit par\" \/>\n\t<meta name=\"twitter:data1\" content=\"EFCformation\" \/>\n\t<meta name=\"twitter:label2\" content=\"Dur\u00e9e de lecture estim\u00e9e\" \/>\n\t<meta name=\"twitter:data2\" content=\"8 minutes\" \/>\n<script type=\"application\/ld+json\" class=\"yoast-schema-graph\">{\"@context\":\"https:\/\/schema.org\",\"@graph\":[{\"@type\":\"WebPage\",\"@id\":\"https:\/\/www.efcformation.com\/reussite-efc\/reussite-efc\/interview-ancien-rugbyman-eric-sest-reconverti-formation-efc\/\",\"url\":\"https:\/\/www.efcformation.com\/reussite-efc\/reussite-efc\/interview-ancien-rugbyman-eric-sest-reconverti-formation-efc\/\",\"name\":\"Interview d'un ancien Rugbyman professionnel reconvertit avec l'EFC\",\"isPartOf\":{\"@id\":\"https:\/\/www.efcformation.com\/reussite-efc\/#website\"},\"datePublished\":\"2017-09-19T08:14:06+00:00\",\"dateModified\":\"2024-03-20T15:25:51+00:00\",\"author\":{\"@id\":\"https:\/\/www.efcformation.com\/reussite-efc\/#\/schema\/person\/6263903b0179d0334456f7512d9d1430\"},\"description\":\"Eric a mont\u00e9 sa soci\u00e9t\u00e9 pendant sa formation d'Aide Comptable \u00e0 l'EFC. En route pour le DCG, il partage son exp\u00e9rience suite \u00e0 sa formation \u00e0 distance.\",\"breadcrumb\":{\"@id\":\"https:\/\/www.efcformation.com\/reussite-efc\/reussite-efc\/interview-ancien-rugbyman-eric-sest-reconverti-formation-efc\/#breadcrumb\"},\"inLanguage\":\"fr-FR\",\"potentialAction\":[{\"@type\":\"ReadAction\",\"target\":[\"https:\/\/www.efcformation.com\/reussite-efc\/reussite-efc\/interview-ancien-rugbyman-eric-sest-reconverti-formation-efc\/\"]}]},{\"@type\":\"BreadcrumbList\",\"@id\":\"https:\/\/www.efcformation.com\/reussite-efc\/reussite-efc\/interview-ancien-rugbyman-eric-sest-reconverti-formation-efc\/#breadcrumb\",\"itemListElement\":[{\"@type\":\"ListItem\",\"position\":1,\"name\":\"Accueil\",\"item\":\"https:\/\/www.efcformation.com\/reussite-efc\/\"},{\"@type\":\"ListItem\",\"position\":2,\"name\":\"[Interview] Ancien Rugbyman pro, Eric a mont\u00e9 sa soci\u00e9t\u00e9 pendant sa formation Aide Comptable\"}]},{\"@type\":\"WebSite\",\"@id\":\"https:\/\/www.efcformation.com\/reussite-efc\/#website\",\"url\":\"https:\/\/www.efcformation.com\/reussite-efc\/\",\"name\":\"Reussite EFC Fomation - Le Blog EFC Formation\",\"description\":\"\",\"potentialAction\":[{\"@type\":\"SearchAction\",\"target\":{\"@type\":\"EntryPoint\",\"urlTemplate\":\"https:\/\/www.efcformation.com\/reussite-efc\/?s={search_term_string}\"},\"query-input\":\"required name=search_term_string\"}],\"inLanguage\":\"fr-FR\"},{\"@type\":\"Person\",\"@id\":\"https:\/\/www.efcformation.com\/reussite-efc\/#\/schema\/person\/6263903b0179d0334456f7512d9d1430\",\"name\":\"EFCformation\",\"image\":{\"@type\":\"ImageObject\",\"inLanguage\":\"fr-FR\",\"@id\":\"https:\/\/www.efcformation.com\/reussite-efc\/#\/schema\/person\/image\/\",\"url\":\"https:\/\/secure.gravatar.com\/avatar\/98b00a1c17dce21016b9ccce376ec821?s=96&d=mm&r=g\",\"contentUrl\":\"https:\/\/secure.gravatar.com\/avatar\/98b00a1c17dce21016b9ccce376ec821?s=96&d=mm&r=g\",\"caption\":\"EFCformation\"},\"url\":\"https:\/\/www.efcformation.com\/reussite-efc\/author\/paindesjacobins\/\"}]}<\/script>\n<!-- \/ Yoast SEO plugin. -->","yoast_head_json":{"title":"Interview d'un ancien Rugbyman professionnel reconvertit avec l'EFC","description":"Eric a mont\u00e9 sa soci\u00e9t\u00e9 pendant sa formation d'Aide Comptable \u00e0 l'EFC. En route pour le DCG, il partage son exp\u00e9rience suite \u00e0 sa formation \u00e0 distance.","robots":{"index":"index","follow":"follow","max-snippet":"max-snippet:-1","max-image-preview":"max-image-preview:large","max-video-preview":"max-video-preview:-1"},"canonical":"https:\/\/www.efcformation.com\/reussite-efc\/reussite-efc\/interview-ancien-rugbyman-eric-sest-reconverti-formation-efc\/","og_locale":"fr_FR","og_type":"article","og_title":"Interview d'un ancien Rugbyman professionnel reconvertit avec l'EFC","og_description":"Eric a mont\u00e9 sa soci\u00e9t\u00e9 pendant sa formation d'Aide Comptable \u00e0 l'EFC. En route pour le DCG, il partage son exp\u00e9rience suite \u00e0 sa formation \u00e0 distance.","og_url":"https:\/\/www.efcformation.com\/reussite-efc\/reussite-efc\/interview-ancien-rugbyman-eric-sest-reconverti-formation-efc\/","og_site_name":"Reussite EFC Fomation - Le Blog EFC Formation","article_published_time":"2017-09-19T08:14:06+00:00","article_modified_time":"2024-03-20T15:25:51+00:00","og_image":[{"width":1200,"height":630,"url":"https:\/\/www.efcformation.com\/reussite-efc\/wp-content\/uploads\/2017\/09\/avis-eleves-interviews-eric.jpg","type":"image\/jpeg"}],"author":"EFCformation","twitter_card":"summary","twitter_misc":{"\u00c9crit par":"EFCformation","Dur\u00e9e de lecture estim\u00e9e":"8 minutes"},"schema":{"@context":"https:\/\/schema.org","@graph":[{"@type":"WebPage","@id":"https:\/\/www.efcformation.com\/reussite-efc\/reussite-efc\/interview-ancien-rugbyman-eric-sest-reconverti-formation-efc\/","url":"https:\/\/www.efcformation.com\/reussite-efc\/reussite-efc\/interview-ancien-rugbyman-eric-sest-reconverti-formation-efc\/","name":"Interview d'un ancien Rugbyman professionnel reconvertit avec l'EFC","isPartOf":{"@id":"https:\/\/www.efcformation.com\/reussite-efc\/#website"},"datePublished":"2017-09-19T08:14:06+00:00","dateModified":"2024-03-20T15:25:51+00:00","author":{"@id":"https:\/\/www.efcformation.com\/reussite-efc\/#\/schema\/person\/6263903b0179d0334456f7512d9d1430"},"description":"Eric a mont\u00e9 sa soci\u00e9t\u00e9 pendant sa formation d'Aide Comptable \u00e0 l'EFC. En route pour le DCG, il partage son exp\u00e9rience suite \u00e0 sa formation \u00e0 distance.","breadcrumb":{"@id":"https:\/\/www.efcformation.com\/reussite-efc\/reussite-efc\/interview-ancien-rugbyman-eric-sest-reconverti-formation-efc\/#breadcrumb"},"inLanguage":"fr-FR","potentialAction":[{"@type":"ReadAction","target":["https:\/\/www.efcformation.com\/reussite-efc\/reussite-efc\/interview-ancien-rugbyman-eric-sest-reconverti-formation-efc\/"]}]},{"@type":"BreadcrumbList","@id":"https:\/\/www.efcformation.com\/reussite-efc\/reussite-efc\/interview-ancien-rugbyman-eric-sest-reconverti-formation-efc\/#breadcrumb","itemListElement":[{"@type":"ListItem","position":1,"name":"Accueil","item":"https:\/\/www.efcformation.com\/reussite-efc\/"},{"@type":"ListItem","position":2,"name":"[Interview] Ancien Rugbyman pro, Eric a mont\u00e9 sa soci\u00e9t\u00e9 pendant sa formation Aide Comptable"}]},{"@type":"WebSite","@id":"https:\/\/www.efcformation.com\/reussite-efc\/#website","url":"https:\/\/www.efcformation.com\/reussite-efc\/","name":"Reussite EFC Fomation - Le Blog EFC Formation","description":"","potentialAction":[{"@type":"SearchAction","target":{"@type":"EntryPoint","urlTemplate":"https:\/\/www.efcformation.com\/reussite-efc\/?s={search_term_string}"},"query-input":"required name=search_term_string"}],"inLanguage":"fr-FR"},{"@type":"Person","@id":"https:\/\/www.efcformation.com\/reussite-efc\/#\/schema\/person\/6263903b0179d0334456f7512d9d1430","name":"EFCformation","image":{"@type":"ImageObject","inLanguage":"fr-FR","@id":"https:\/\/www.efcformation.com\/reussite-efc\/#\/schema\/person\/image\/","url":"https:\/\/secure.gravatar.com\/avatar\/98b00a1c17dce21016b9ccce376ec821?s=96&d=mm&r=g","contentUrl":"https:\/\/secure.gravatar.com\/avatar\/98b00a1c17dce21016b9ccce376ec821?s=96&d=mm&r=g","caption":"EFCformation"},"url":"https:\/\/www.efcformation.com\/reussite-efc\/author\/paindesjacobins\/"}]}},"_links":{"self":[{"href":"https:\/\/www.efcformation.com\/reussite-efc\/wp-json\/wp\/v2\/posts\/910"}],"collection":[{"href":"https:\/\/www.efcformation.com\/reussite-efc\/wp-json\/wp\/v2\/posts"}],"about":[{"href":"https:\/\/www.efcformation.com\/reussite-efc\/wp-json\/wp\/v2\/types\/post"}],"author":[{"embeddable":true,"href":"https:\/\/www.efcformation.com\/reussite-efc\/wp-json\/wp\/v2\/users\/1"}],"replies":[{"embeddable":true,"href":"https:\/\/www.efcformation.com\/reussite-efc\/wp-json\/wp\/v2\/comments?post=910"}],"version-history":[{"count":23,"href":"https:\/\/www.efcformation.com\/reussite-efc\/wp-json\/wp\/v2\/posts\/910\/revisions"}],"predecessor-version":[{"id":4542,"href":"https:\/\/www.efcformation.com\/reussite-efc\/wp-json\/wp\/v2\/posts\/910\/revisions\/4542"}],"wp:featuredmedia":[{"embeddable":true,"href":"https:\/\/www.efcformation.com\/reussite-efc\/wp-json\/wp\/v2\/media\/2613"}],"wp:attachment":[{"href":"https:\/\/www.efcformation.com\/reussite-efc\/wp-json\/wp\/v2\/media?parent=910"}],"wp:term":[{"taxonomy":"category","embeddable":true,"href":"https:\/\/www.efcformation.com\/reussite-efc\/wp-json\/wp\/v2\/categories?post=910"},{"taxonomy":"post_tag","embeddable":true,"href":"https:\/\/www.efcformation.com\/reussite-efc\/wp-json\/wp\/v2\/tags?post=910"}],"curies":[{"name":"wp","href":"https:\/\/api.w.org\/{rel}","templated":true}]}}