{"id":959,"date":"2018-09-27T13:42:04","date_gmt":"2018-09-27T11:42:04","guid":{"rendered":"http:\/\/www.efcformation.com\/comptamag\/?p=959"},"modified":"2024-03-20T16:22:36","modified_gmt":"2024-03-20T15:22:36","slug":"efc-presente-nouvel-espace-eleves","status":"publish","type":"post","link":"https:\/\/www.efcformation.com\/reussite-efc\/efcnews\/efc-presente-nouvel-espace-eleves\/","title":{"rendered":"L&rsquo;EFC pr\u00e9sente son nouvel espace-\u00e9l\u00e8ves : on ne pourra pas dire que c&rsquo;\u00e9tait mieux avant !"},"content":{"rendered":"<p>Parce que l\u2019espace \u00e9l\u00e8ve est le point central de votre formation, nous vous avons d\u00e9velopp\u00e9 un nouvel espace-\u00e9l\u00e8ve \u00e0 l&rsquo;ergonomie optimis\u00e9e. Des clics en moins, des infos en plus !<\/p>\n<h1>L\u2019EFC fait peau neuve avec un nouvel espace-\u00e9l\u00e8ve, plus pratique et plus fluide d\u2019utilisation : il s\u2019adapte \u00e0 toutes vos tailles d\u2019\u00e9cran<\/h1>\n<p>Aux premiers abords, on se dit, \u201cmais, o\u00f9 sont pass\u00e9es toutes les couleurs ?&nbsp;Je pr\u00e9f\u00e9rais l\u2019ancienne version&#8230;\u201d<\/p>\n<p>puis on essaye sur une <strong>tablette<\/strong> et&nbsp;Waow ! C\u2019est beaucoup mieux qu\u2019avant&nbsp;!<\/p>\n<p>Et sur <strong>smartphone<\/strong> ? ah ! l\u00e0 aussi !<\/p>\n<p>Ensuite, on visite les nouveaux onglets et c\u2019est bien plus facile. Avant, on pouvait passer quelques secondes \u00e0 rechercher une page. D\u00e9sormais, <strong>les intitul\u00e9s sont clairs et intuitifs<\/strong>.<\/p>\n<p><img loading=\"lazy\" class=\"size-full wp-image-982 aligncenter\" src=\"https:\/\/www.efcformation.com\/comptamag\/wp-content\/uploads\/2017\/09\/2017-09-13-facebook-bandeau-750x362-1.jpg\" alt=\"l'ancien menu Versus le nouveau\" width=\"750\" height=\"281\" srcset=\"https:\/\/www.efcformation.com\/reussite-efc\/wp-content\/uploads\/2017\/09\/2017-09-13-facebook-bandeau-750x362-1.jpg 750w, https:\/\/www.efcformation.com\/reussite-efc\/wp-content\/uploads\/2017\/09\/2017-09-13-facebook-bandeau-750x362-1-300x112.jpg 300w\" sizes=\"(max-width: 750px) 100vw, 750px\" \/><\/p>\n<p><span style=\"font-weight: 400;\">Pour cette nouvelle version, on est parti de votre point de vue, en tant qu\u2019\u00e9l\u00e8ves. <\/span><\/p>\n<ul>\n<li><span style=\"font-weight: 400;\"><strong>Chaque page a \u00e9t\u00e9 \u00e9pur\u00e9e pour une meilleure lisibilit\u00e9 des informations.<\/strong> <\/span><\/li>\n<li><span style=\"font-weight: 400;\">Tout a \u00e9t\u00e9 r\u00e9organis\u00e9 selon des <strong>cat\u00e9gories logiques<\/strong>. <\/span><\/li>\n<\/ul>\n<p><strong>Le menu suit votre parcours de formation :<\/strong><\/p>\n<ol>\n<li><span style=\"font-weight: 400;\">On suit les cours<\/span><\/li>\n<li><span style=\"font-weight: 400;\">On rend ses devoirs<\/span><\/li>\n<li><span style=\"font-weight: 400;\">On envoie des messages au corps enseignant pour progresser<\/span><\/li>\n<li><span style=\"font-weight: 400;\">On recherche un stage. &nbsp;<\/span><\/li>\n<\/ol>\n<h2>Toujours dans un objectif d\u2019ergonomie, la messagerie et la page de rendu de devoirs ont \u00e9t\u00e9 compl\u00e8tement revues<\/h2>\n<p><img loading=\"lazy\" class=\"size-full wp-image-973 aligncenter\" src=\"https:\/\/www.efcformation.com\/comptamag\/wp-content\/uploads\/2017\/09\/2017-09-13-facebook-bandeau-01-1009x512.png\" alt=\"\" width=\"1009\" height=\"512\" srcset=\"https:\/\/www.efcformation.com\/reussite-efc\/wp-content\/uploads\/2017\/09\/2017-09-13-facebook-bandeau-01-1009x512.png 1009w, https:\/\/www.efcformation.com\/reussite-efc\/wp-content\/uploads\/2017\/09\/2017-09-13-facebook-bandeau-01-1009x512-300x152.png 300w, https:\/\/www.efcformation.com\/reussite-efc\/wp-content\/uploads\/2017\/09\/2017-09-13-facebook-bandeau-01-1009x512-768x390.png 768w\" sizes=\"(max-width: 1009px) 100vw, 1009px\" \/><\/p>\n<h2 style=\"text-align: center;\">_________________________<\/h2>\n<p><img loading=\"lazy\" class=\"size-full wp-image-1000 aligncenter\" src=\"https:\/\/www.efcformation.com\/comptamag\/wp-content\/uploads\/2017\/09\/2017-09-15-devoirs.png\" alt=\"ancienne page devoirs versus la nouvelle\" width=\"1018\" height=\"481\" srcset=\"https:\/\/www.efcformation.com\/reussite-efc\/wp-content\/uploads\/2017\/09\/2017-09-15-devoirs.png 1018w, https:\/\/www.efcformation.com\/reussite-efc\/wp-content\/uploads\/2017\/09\/2017-09-15-devoirs-300x142.png 300w, https:\/\/www.efcformation.com\/reussite-efc\/wp-content\/uploads\/2017\/09\/2017-09-15-devoirs-768x363.png 768w\" sizes=\"(max-width: 1018px) 100vw, 1018px\" \/><\/p>\n<h2>Et bien d\u2019autres nouveaut\u00e9s que vous pourrez d\u00e9couvrir au fur et \u00e0 mesure de votre utilisation<\/h2>\n<ul>\n<li>Certains champs sont maintenant pr\u00e9-remplis<\/li>\n<li>Vous recevez des alertes&nbsp;lorsqu&rsquo;on vous rend un devoir<\/li>\n<li>L\u2019acc\u00e8s aux annexes et aux mises \u00e0 jour est plus rapide<\/li>\n<li>Les infos arrivent plus vite jusqu\u2019\u00e0 vous<\/li>\n<li>Une fois les infos lues, vous pouvez les retirer de la page d\u2019accueil<\/li>\n<li>Il y a de nouvelles vid\u00e9os tutoriels<\/li>\n<li>\u2026<\/li>\n<\/ul>\n<p>Maintenant, c\u2019est \u00e0 vous d\u2019en profiter ! Nous avons souhait\u00e9 vous offrir l\u2019espace de travail le plus optimal possible&nbsp;et&nbsp;sommes&nbsp;impatients de lire&nbsp;vos impressions !<\/p>\n<p>Bonne d\u00e9couverte et \u00e0 bient\u00f4t pour partager votre avis.<\/p>\n<p><strong>-&gt;&nbsp;<a href=\"https:\/\/extranet.efcformation.com\/connexion\" target=\"_blank\" rel=\"nofollow noopener noreferrer\">Acc\u00e9der \u00e0 mon nouvel espace \u00e9l\u00e8ve<\/a><\/strong><\/p>\n","protected":false},"excerpt":{"rendered":"<p>Parce que l\u2019espace \u00e9l\u00e8ve est le point central de votre formation, nous vous avons d\u00e9velopp\u00e9 un nouvel espace-\u00e9l\u00e8ve \u00e0 l&rsquo;ergonomie optimis\u00e9e. Des clics en moins, des infos en plus ! L\u2019EFC fait peau neuve avec un nouvel espace-\u00e9l\u00e8ve, plus pratique et plus fluide d\u2019utilisation : il s\u2019adapte \u00e0 toutes vos tailles d\u2019\u00e9cran Aux premiers abords, [&hellip;]<\/p>\n","protected":false},"author":1,"featured_media":1736,"comment_status":"open","ping_status":"open","sticky":false,"template":"","format":"standard","meta":[],"categories":[15],"tags":[],"yoast_head":"<!-- This site is optimized with the Yoast SEO plugin v19.5.1 - https:\/\/yoast.com\/wordpress\/plugins\/seo\/ -->\n<title>L&#039;EFC pr\u00e9sente son nouvel espace-\u00e9l\u00e8ve + ergonomique &amp; + pratique<\/title>\n<meta name=\"description\" content=\"L\u2019EFC fait peau neuve avec un nouvel espace-\u00e9l\u00e8ve, plus pratique et plus fluide d\u2019utilisation, il s\u2019adapte \u00e0 toutes vos tailles d\u2019\u00e9cran.\" \/>\n<meta name=\"robots\" content=\"index, follow, max-snippet:-1, max-image-preview:large, max-video-preview:-1\" \/>\n<link rel=\"canonical\" href=\"https:\/\/www.efcformation.com\/reussite-efc\/efcnews\/efc-presente-nouvel-espace-eleves\/\" \/>\n<meta property=\"og:locale\" content=\"fr_FR\" \/>\n<meta property=\"og:type\" content=\"article\" \/>\n<meta property=\"og:title\" content=\"L&#039;EFC pr\u00e9sente son nouvel espace-\u00e9l\u00e8ve + ergonomique &amp; + pratique\" \/>\n<meta property=\"og:description\" content=\"L\u2019EFC fait peau neuve avec un nouvel espace-\u00e9l\u00e8ve, plus pratique et plus fluide d\u2019utilisation, il s\u2019adapte \u00e0 toutes vos tailles d\u2019\u00e9cran.\" \/>\n<meta property=\"og:url\" content=\"https:\/\/www.efcformation.com\/reussite-efc\/efcnews\/efc-presente-nouvel-espace-eleves\/\" \/>\n<meta property=\"og:site_name\" content=\"Reussite EFC Fomation - Le Blog EFC Formation\" \/>\n<meta property=\"article:published_time\" content=\"2018-09-27T11:42:04+00:00\" \/>\n<meta property=\"article:modified_time\" content=\"2024-03-20T15:22:36+00:00\" \/>\n<meta property=\"og:image\" content=\"https:\/\/www.efcformation.com\/reussite-efc\/wp-content\/uploads\/2018\/06\/nouvel_extranet.jpg\" \/>\n\t<meta property=\"og:image:width\" content=\"1200\" \/>\n\t<meta property=\"og:image:height\" content=\"630\" \/>\n\t<meta property=\"og:image:type\" content=\"image\/jpeg\" \/>\n<meta name=\"author\" content=\"EFCformation\" \/>\n<meta name=\"twitter:card\" content=\"summary\" \/>\n<meta name=\"twitter:label1\" content=\"\u00c9crit par\" \/>\n\t<meta name=\"twitter:data1\" content=\"EFCformation\" \/>\n\t<meta name=\"twitter:label2\" content=\"Dur\u00e9e de lecture estim\u00e9e\" \/>\n\t<meta name=\"twitter:data2\" content=\"3 minutes\" \/>\n<script type=\"application\/ld+json\" class=\"yoast-schema-graph\">{\"@context\":\"https:\/\/schema.org\",\"@graph\":[{\"@type\":\"WebPage\",\"@id\":\"https:\/\/www.efcformation.com\/reussite-efc\/efcnews\/efc-presente-nouvel-espace-eleves\/\",\"url\":\"https:\/\/www.efcformation.com\/reussite-efc\/efcnews\/efc-presente-nouvel-espace-eleves\/\",\"name\":\"L'EFC pr\u00e9sente son nouvel espace-\u00e9l\u00e8ve + ergonomique & + pratique\",\"isPartOf\":{\"@id\":\"https:\/\/www.efcformation.com\/reussite-efc\/#website\"},\"datePublished\":\"2018-09-27T11:42:04+00:00\",\"dateModified\":\"2024-03-20T15:22:36+00:00\",\"author\":{\"@id\":\"https:\/\/www.efcformation.com\/reussite-efc\/#\/schema\/person\/6263903b0179d0334456f7512d9d1430\"},\"description\":\"L\u2019EFC fait peau neuve avec un nouvel espace-\u00e9l\u00e8ve, plus pratique et plus fluide d\u2019utilisation, il s\u2019adapte \u00e0 toutes vos tailles d\u2019\u00e9cran.\",\"breadcrumb\":{\"@id\":\"https:\/\/www.efcformation.com\/reussite-efc\/efcnews\/efc-presente-nouvel-espace-eleves\/#breadcrumb\"},\"inLanguage\":\"fr-FR\",\"potentialAction\":[{\"@type\":\"ReadAction\",\"target\":[\"https:\/\/www.efcformation.com\/reussite-efc\/efcnews\/efc-presente-nouvel-espace-eleves\/\"]}]},{\"@type\":\"BreadcrumbList\",\"@id\":\"https:\/\/www.efcformation.com\/reussite-efc\/efcnews\/efc-presente-nouvel-espace-eleves\/#breadcrumb\",\"itemListElement\":[{\"@type\":\"ListItem\",\"position\":1,\"name\":\"Accueil\",\"item\":\"https:\/\/www.efcformation.com\/reussite-efc\/\"},{\"@type\":\"ListItem\",\"position\":2,\"name\":\"L&rsquo;EFC pr\u00e9sente son nouvel espace-\u00e9l\u00e8ves : on ne pourra pas dire que c&rsquo;\u00e9tait mieux avant !\"}]},{\"@type\":\"WebSite\",\"@id\":\"https:\/\/www.efcformation.com\/reussite-efc\/#website\",\"url\":\"https:\/\/www.efcformation.com\/reussite-efc\/\",\"name\":\"Reussite EFC Fomation - Le Blog EFC Formation\",\"description\":\"\",\"potentialAction\":[{\"@type\":\"SearchAction\",\"target\":{\"@type\":\"EntryPoint\",\"urlTemplate\":\"https:\/\/www.efcformation.com\/reussite-efc\/?s={search_term_string}\"},\"query-input\":\"required name=search_term_string\"}],\"inLanguage\":\"fr-FR\"},{\"@type\":\"Person\",\"@id\":\"https:\/\/www.efcformation.com\/reussite-efc\/#\/schema\/person\/6263903b0179d0334456f7512d9d1430\",\"name\":\"EFCformation\",\"image\":{\"@type\":\"ImageObject\",\"inLanguage\":\"fr-FR\",\"@id\":\"https:\/\/www.efcformation.com\/reussite-efc\/#\/schema\/person\/image\/\",\"url\":\"https:\/\/secure.gravatar.com\/avatar\/98b00a1c17dce21016b9ccce376ec821?s=96&d=mm&r=g\",\"contentUrl\":\"https:\/\/secure.gravatar.com\/avatar\/98b00a1c17dce21016b9ccce376ec821?s=96&d=mm&r=g\",\"caption\":\"EFCformation\"},\"url\":\"https:\/\/www.efcformation.com\/reussite-efc\/author\/paindesjacobins\/\"}]}<\/script>\n<!-- \/ Yoast SEO plugin. -->","yoast_head_json":{"title":"L'EFC pr\u00e9sente son nouvel espace-\u00e9l\u00e8ve + ergonomique & + pratique","description":"L\u2019EFC fait peau neuve avec un nouvel espace-\u00e9l\u00e8ve, plus pratique et plus fluide d\u2019utilisation, il s\u2019adapte \u00e0 toutes vos tailles d\u2019\u00e9cran.","robots":{"index":"index","follow":"follow","max-snippet":"max-snippet:-1","max-image-preview":"max-image-preview:large","max-video-preview":"max-video-preview:-1"},"canonical":"https:\/\/www.efcformation.com\/reussite-efc\/efcnews\/efc-presente-nouvel-espace-eleves\/","og_locale":"fr_FR","og_type":"article","og_title":"L'EFC pr\u00e9sente son nouvel espace-\u00e9l\u00e8ve + ergonomique & + pratique","og_description":"L\u2019EFC fait peau neuve avec un nouvel espace-\u00e9l\u00e8ve, plus pratique et plus fluide d\u2019utilisation, il s\u2019adapte \u00e0 toutes vos tailles d\u2019\u00e9cran.","og_url":"https:\/\/www.efcformation.com\/reussite-efc\/efcnews\/efc-presente-nouvel-espace-eleves\/","og_site_name":"Reussite EFC Fomation - Le Blog EFC Formation","article_published_time":"2018-09-27T11:42:04+00:00","article_modified_time":"2024-03-20T15:22:36+00:00","og_image":[{"width":1200,"height":630,"url":"https:\/\/www.efcformation.com\/reussite-efc\/wp-content\/uploads\/2018\/06\/nouvel_extranet.jpg","type":"image\/jpeg"}],"author":"EFCformation","twitter_card":"summary","twitter_misc":{"\u00c9crit par":"EFCformation","Dur\u00e9e de lecture estim\u00e9e":"3 minutes"},"schema":{"@context":"https:\/\/schema.org","@graph":[{"@type":"WebPage","@id":"https:\/\/www.efcformation.com\/reussite-efc\/efcnews\/efc-presente-nouvel-espace-eleves\/","url":"https:\/\/www.efcformation.com\/reussite-efc\/efcnews\/efc-presente-nouvel-espace-eleves\/","name":"L'EFC pr\u00e9sente son nouvel espace-\u00e9l\u00e8ve + ergonomique & + pratique","isPartOf":{"@id":"https:\/\/www.efcformation.com\/reussite-efc\/#website"},"datePublished":"2018-09-27T11:42:04+00:00","dateModified":"2024-03-20T15:22:36+00:00","author":{"@id":"https:\/\/www.efcformation.com\/reussite-efc\/#\/schema\/person\/6263903b0179d0334456f7512d9d1430"},"description":"L\u2019EFC fait peau neuve avec un nouvel espace-\u00e9l\u00e8ve, plus pratique et plus fluide d\u2019utilisation, il s\u2019adapte \u00e0 toutes vos tailles d\u2019\u00e9cran.","breadcrumb":{"@id":"https:\/\/www.efcformation.com\/reussite-efc\/efcnews\/efc-presente-nouvel-espace-eleves\/#breadcrumb"},"inLanguage":"fr-FR","potentialAction":[{"@type":"ReadAction","target":["https:\/\/www.efcformation.com\/reussite-efc\/efcnews\/efc-presente-nouvel-espace-eleves\/"]}]},{"@type":"BreadcrumbList","@id":"https:\/\/www.efcformation.com\/reussite-efc\/efcnews\/efc-presente-nouvel-espace-eleves\/#breadcrumb","itemListElement":[{"@type":"ListItem","position":1,"name":"Accueil","item":"https:\/\/www.efcformation.com\/reussite-efc\/"},{"@type":"ListItem","position":2,"name":"L&rsquo;EFC pr\u00e9sente son nouvel espace-\u00e9l\u00e8ves : on ne pourra pas dire que c&rsquo;\u00e9tait mieux avant !"}]},{"@type":"WebSite","@id":"https:\/\/www.efcformation.com\/reussite-efc\/#website","url":"https:\/\/www.efcformation.com\/reussite-efc\/","name":"Reussite EFC Fomation - Le Blog EFC Formation","description":"","potentialAction":[{"@type":"SearchAction","target":{"@type":"EntryPoint","urlTemplate":"https:\/\/www.efcformation.com\/reussite-efc\/?s={search_term_string}"},"query-input":"required name=search_term_string"}],"inLanguage":"fr-FR"},{"@type":"Person","@id":"https:\/\/www.efcformation.com\/reussite-efc\/#\/schema\/person\/6263903b0179d0334456f7512d9d1430","name":"EFCformation","image":{"@type":"ImageObject","inLanguage":"fr-FR","@id":"https:\/\/www.efcformation.com\/reussite-efc\/#\/schema\/person\/image\/","url":"https:\/\/secure.gravatar.com\/avatar\/98b00a1c17dce21016b9ccce376ec821?s=96&d=mm&r=g","contentUrl":"https:\/\/secure.gravatar.com\/avatar\/98b00a1c17dce21016b9ccce376ec821?s=96&d=mm&r=g","caption":"EFCformation"},"url":"https:\/\/www.efcformation.com\/reussite-efc\/author\/paindesjacobins\/"}]}},"_links":{"self":[{"href":"https:\/\/www.efcformation.com\/reussite-efc\/wp-json\/wp\/v2\/posts\/959"}],"collection":[{"href":"https:\/\/www.efcformation.com\/reussite-efc\/wp-json\/wp\/v2\/posts"}],"about":[{"href":"https:\/\/www.efcformation.com\/reussite-efc\/wp-json\/wp\/v2\/types\/post"}],"author":[{"embeddable":true,"href":"https:\/\/www.efcformation.com\/reussite-efc\/wp-json\/wp\/v2\/users\/1"}],"replies":[{"embeddable":true,"href":"https:\/\/www.efcformation.com\/reussite-efc\/wp-json\/wp\/v2\/comments?post=959"}],"version-history":[{"count":34,"href":"https:\/\/www.efcformation.com\/reussite-efc\/wp-json\/wp\/v2\/posts\/959\/revisions"}],"predecessor-version":[{"id":4540,"href":"https:\/\/www.efcformation.com\/reussite-efc\/wp-json\/wp\/v2\/posts\/959\/revisions\/4540"}],"wp:featuredmedia":[{"embeddable":true,"href":"https:\/\/www.efcformation.com\/reussite-efc\/wp-json\/wp\/v2\/media\/1736"}],"wp:attachment":[{"href":"https:\/\/www.efcformation.com\/reussite-efc\/wp-json\/wp\/v2\/media?parent=959"}],"wp:term":[{"taxonomy":"category","embeddable":true,"href":"https:\/\/www.efcformation.com\/reussite-efc\/wp-json\/wp\/v2\/categories?post=959"},{"taxonomy":"post_tag","embeddable":true,"href":"https:\/\/www.efcformation.com\/reussite-efc\/wp-json\/wp\/v2\/tags?post=959"}],"curies":[{"name":"wp","href":"https:\/\/api.w.org\/{rel}","templated":true}]}}